{"id":18633,"date":"2022-06-29T22:06:24","date_gmt":"2022-06-30T01:06:24","guid":{"rendered":"https:\/\/radiorevelacionfm.cl\/?p=18633"},"modified":"2022-06-29T22:23:05","modified_gmt":"2022-06-30T01:23:05","slug":"calisto-valoro-proyecto-de-ley-corta-que-regula-mercado-del-gas-natural","status":"publish","type":"post","link":"https:\/\/radiorevelacionfm.cl\/?p=18633","title":{"rendered":"Calisto valor\u00f3 proyecto de ley corta que regula mercado del gas natural"},"content":{"rendered":"<div class=\"flex_column av_one_full  flex_column_div av-zero-column-padding first  avia-builder-el-0  el_before_av_one_full  avia-builder-el-first  \" style='border-radius:0px; '><div  class='avia-image-container  av-styling-    avia-builder-el-1  avia-builder-el-no-sibling  avia-align-center '  itemprop=\"image\" itemscope=\"itemscope\" itemtype=\"https:\/\/schema.org\/ImageObject\"  ><div class='avia-image-container-inner'><div class='avia-image-overlay-wrap'><img decoding=\"async\" class='wp-image-18646 avia-img-lazy-loading-not-18646 avia_image' src=\"https:\/\/radiorevelacionfm.cl\/wp-content\/uploads\/2022\/06\/CALISTO-2022-1-1.jpg\" alt='' title='CALISTO 2022 (1) (1)' height=\"600\" width=\"1022\"  itemprop=\"thumbnailUrl\" srcset=\"https:\/\/radiorevelacionfm.cl\/wp-content\/uploads\/2022\/06\/CALISTO-2022-1-1.jpg 1022w, https:\/\/radiorevelacionfm.cl\/wp-content\/uploads\/2022\/06\/CALISTO-2022-1-1-300x176.jpg 300w, https:\/\/radiorevelacionfm.cl\/wp-content\/uploads\/2022\/06\/CALISTO-2022-1-1-768x451.jpg 768w, https:\/\/radiorevelacionfm.cl\/wp-content\/uploads\/2022\/06\/CALISTO-2022-1-1-705x414.jpg 705w, https:\/\/radiorevelacionfm.cl\/wp-content\/uploads\/2022\/06\/CALISTO-2022-1-1-600x352.jpg 600w\" sizes=\"(max-width: 1022px) 100vw, 1022px\" \/><\/div><\/div><\/div><\/div><div class=\"flex_column av_one_full  flex_column_div av-zero-column-padding first  avia-builder-el-2  el_after_av_one_full  el_before_av_one_full  column-top-margin\" style='border-radius:0px; '><section class=\"av_textblock_section \"  itemscope=\"itemscope\" itemtype=\"https:\/\/schema.org\/BlogPosting\" itemprop=\"blogPost\" ><div class='avia_textblock  '   itemprop=\"text\" ><p style=\"text-align: center;\"><span style=\"font-size: 18pt;\"><strong><span lang=\"ES\">\u00a0Calisto valor\u00f3 proyecto de ley corta que regula mercado del gas natural<\/span><\/strong><\/span><\/p>\n<div id=\"gtx-trans\" style=\"position: absolute; left: -50px; top: 4.31534px;\">\n<div class=\"gtx-trans-icon\"><\/div>\n<\/div>\n<\/div><\/section><\/div><\/p>\n<div class=\"flex_column av_one_full  flex_column_div av-zero-column-padding first  avia-builder-el-4  el_after_av_one_full  el_before_av_hr  column-top-margin\" style='border-radius:0px; '><section class=\"av_textblock_section \"  itemscope=\"itemscope\" itemtype=\"https:\/\/schema.org\/BlogPosting\" itemprop=\"blogPost\" ><div class='avia_textblock  '   itemprop=\"text\" ><p style=\"font-weight: 400; text-align: justify;\">Como una noticia importante calific\u00f3 el diputado Miguel \u00c1ngel Calisto la presentaci\u00f3n por parte del Gobierno del proyecto de ley corta para regular el mercado del gas natural, iniciativa que entre sus principales aspectos termina con el resquicio legal que le permiti\u00f3 a la empresa Metrogas obtener ganancias mediante la creaci\u00f3n de una empresa espejo.<\/p>\n<p style=\"font-weight: 400; text-align: justify;\">Seg\u00fan el diputado Calisto, quien presidi\u00f3 la Comisi\u00f3n Investigadora del Gas en la C\u00e1mara, \u201cqueremos valorar la presentaci\u00f3n por parte del Gobierno de este proyecto de ley corta, se trata de una noticia tremendamente importante, luego de la comisi\u00f3n investigadora de la c\u00e1mara de diputados que destap\u00f3 el abuso por el alza del precio del gas licuado, como tambi\u00e9n el gas natural\u201d.<\/p>\n<p style=\"font-weight: 400; text-align: justify;\">\u201cEste proyecto lo que va a permitir es reducir los precios de los clientes que hoy consumen gas natural en Santiago y que viene a terminar con el abuso de Metrogas. Los precios subieron cerca de un 20%, un aumento irregular basado en una triqui\u00f1uela que utiliz\u00f3 la empresa. Con esto se termina este abuso, por eso valoramos la propuesta del Gobierno y se puede decir que es la primera gran noticia que recibimos luego de haber realizado la Comisi\u00f3n Investigadora en la C\u00e1mara de Diputados\u201d, afirm\u00f3.<\/p>\n<p style=\"font-weight: 400; text-align: justify;\">Calisto agreg\u00f3 que \u201ctambi\u00e9n valoramos la disposici\u00f3n del Gobierno y el Ministro para avanzar en la regulaci\u00f3n del mercado del gas licuado, este es el proyecto m\u00e1s importante, porque permite terminar con las irregularidades que existen en este mercado. Esperamos que permita bajar el precio de los cilindros, que son utilizados por el 85% de los chilenos\u201d.<\/p>\n<p style=\"font-weight: 400; text-align: justify;\">Finalmente, Miguel \u00c1ngel Calisto se\u00f1al\u00f3 que \u201cesperamos tambi\u00e9n que este plan piloto anunciado por el Gobierno beneficie tambi\u00e9n a las zonas extremas, porque este tipo de iniciativas acostumbran estar enfocadas s\u00f3lo a las grandes ciudades. Espero que esto no sea as\u00ed\u201d.<\/p>\n<\/div><\/section><\/div>\n<div  style='height:50px' class='hr hr-invisible   avia-builder-el-6  el_after_av_one_full  el_before_av_social_share '><span class='hr-inner ' ><span class='hr-inner-style'><\/span><\/span><\/div>\n<div  class='av-social-sharing-box  avia-builder-el-7  el_after_av_hr  el_before_av_hr  '><div class='av-share-box'><h5 class='av-share-link-description av-no-toc '>Compartir esta noticia<\/h5><ul class='av-share-box-list noLightbox'><li class='av-share-link av-social-link-facebook' ><a target=\"_blank\" aria-label=\"Compartir en Facebook\" href='https:\/\/www.facebook.com\/sharer.php?u=https:\/\/radiorevelacionfm.cl\/?p=18633&#038;t=Calisto%20valor%C3%B3%20proyecto%20de%20ley%20corta%20que%20regula%20mercado%20del%20gas%20natural' aria-hidden='false' data-av_icon='\ue8f3' data-av_iconfont='entypo-fontello' title='' data-avia-related-tooltip='Compartir en Facebook' rel=\"noopener\"><span class='avia_hidden_link_text'>Compartir en Facebook<\/span><\/a><\/li><li class='av-share-link av-social-link-twitter' ><a target=\"_blank\" aria-label=\"Compartir en Twitter\" href='https:\/\/twitter.com\/share?text=Calisto%20valor%C3%B3%20proyecto%20de%20ley%20corta%20que%20regula%20mercado%20del%20gas%20natural&#038;url=https:\/\/radiorevelacionfm.cl\/?p=18633' aria-hidden='false' data-av_icon='\ue8f1' data-av_iconfont='entypo-fontello' title='' data-avia-related-tooltip='Compartir en Twitter' rel=\"noopener\"><span class='avia_hidden_link_text'>Compartir en Twitter<\/span><\/a><\/li><li class='av-share-link av-social-link-whatsapp' ><a target=\"_blank\" aria-label=\"Compartir en Whatsapp\" href='https:\/\/api.whatsapp.com\/send?text=https:\/\/radiorevelacionfm.cl\/?p=18633' aria-hidden='false' data-av_icon='\uf232' data-av_iconfont='entypo-fontello' title='' data-avia-related-tooltip='Compartir en Whatsapp' rel=\"noopener\"><span class='avia_hidden_link_text'>Compartir en Whatsapp<\/span><\/a><\/li><li class='av-share-link av-social-link-linkedin' ><a target=\"_blank\" aria-label=\"Compartir en LinkedIn\" href='https:\/\/linkedin.com\/shareArticle?mini=true&#038;title=Calisto%20valor%C3%B3%20proyecto%20de%20ley%20corta%20que%20regula%20mercado%20del%20gas%20natural&#038;url=https:\/\/radiorevelacionfm.cl\/?p=18633' aria-hidden='false' data-av_icon='\ue8fc' data-av_iconfont='entypo-fontello' title='' data-avia-related-tooltip='Compartir en LinkedIn' rel=\"noopener\"><span class='avia_hidden_link_text'>Compartir en LinkedIn<\/span><\/a><\/li><li class='av-share-link av-social-link-mail' ><a  aria-label=\"Compartir por correo\" href='mailto:?subject=Calisto%20valor%C3%B3%20proyecto%20de%20ley%20corta%20que%20regula%20mercado%20del%20gas%20natural&#038;body=https:\/\/radiorevelacionfm.cl\/?p=18633' aria-hidden='false' data-av_icon='\ue805' data-av_iconfont='entypo-fontello' title='' data-avia-related-tooltip='Compartir por correo'><span class='avia_hidden_link_text'>Compartir por correo<\/span><\/a><\/li><\/ul><\/div><\/div>\n<div  style='height:50px' class='hr hr-invisible   avia-builder-el-8  el_after_av_social_share  el_before_av_comments_list '><span class='hr-inner ' ><span class='hr-inner-style'><\/span><\/span><\/div>\n<div  class='av-buildercomment  av-blog-meta-html-info-disabled av-blog-meta-tag-disabled  '><\/div>\n","protected":false},"excerpt":{"rendered":"","protected":false},"author":1,"featured_media":18646,"comment_status":"open","ping_status":"open","sticky":false,"template":"","format":"standard","meta":{"footnotes":""},"categories":[35],"tags":[],"class_list":["post-18633","post","type-post","status-publish","format-standard","has-post-thumbnail","hentry","category-politica"],"jetpack_featured_media_url":"https:\/\/radiorevelacionfm.cl\/wp-content\/uploads\/2022\/06\/CALISTO-2022-1-1.jpg","_links":{"self":[{"href":"https:\/\/radiorevelacionfm.cl\/index.php?rest_route=\/wp\/v2\/posts\/18633","targetHints":{"allow":["GET"]}}],"collection":[{"href":"https:\/\/radiorevelacionfm.cl\/index.php?rest_route=\/wp\/v2\/posts"}],"about":[{"href":"https:\/\/radiorevelacionfm.cl\/index.php?rest_route=\/wp\/v2\/types\/post"}],"author":[{"embeddable":true,"href":"https:\/\/radiorevelacionfm.cl\/index.php?rest_route=\/wp\/v2\/users\/1"}],"replies":[{"embeddable":true,"href":"https:\/\/radiorevelacionfm.cl\/index.php?rest_route=%2Fwp%2Fv2%2Fcomments&post=18633"}],"version-history":[{"count":3,"href":"https:\/\/radiorevelacionfm.cl\/index.php?rest_route=\/wp\/v2\/posts\/18633\/revisions"}],"predecessor-version":[{"id":18645,"href":"https:\/\/radiorevelacionfm.cl\/index.php?rest_route=\/wp\/v2\/posts\/18633\/revisions\/18645"}],"wp:featuredmedia":[{"embeddable":true,"href":"https:\/\/radiorevelacionfm.cl\/index.php?rest_route=\/wp\/v2\/media\/18646"}],"wp:attachment":[{"href":"https:\/\/radiorevelacionfm.cl\/index.php?rest_route=%2Fwp%2Fv2%2Fmedia&parent=18633"}],"wp:term":[{"taxonomy":"category","embeddable":true,"href":"https:\/\/radiorevelacionfm.cl\/index.php?rest_route=%2Fwp%2Fv2%2Fcategories&post=18633"},{"taxonomy":"post_tag","embeddable":true,"href":"https:\/\/radiorevelacionfm.cl\/index.php?rest_route=%2Fwp%2Fv2%2Ftags&post=18633"}],"curies":[{"name":"wp","href":"https:\/\/api.w.org\/{rel}","templated":true}]}}