{"id":18626,"date":"2022-06-29T19:55:50","date_gmt":"2022-06-29T22:55:50","guid":{"rendered":"https:\/\/radiorevelacionfm.cl\/?p=18626"},"modified":"2022-06-29T19:55:50","modified_gmt":"2022-06-29T22:55:50","slug":"tres-vehiculos-herramientas-y-droga-incautada-por-bicrim-aysen-durante-el-mes-de-junio","status":"publish","type":"post","link":"https:\/\/radiorevelacionfm.cl\/?p=18626","title":{"rendered":"Tres veh\u00edculos, herramientas y droga incautada por BICRIM Ays\u00e9n durante el mes de junio"},"content":{"rendered":"<div class=\"flex_column av_one_full  flex_column_div av-zero-column-padding first  avia-builder-el-0  el_before_av_one_full  avia-builder-el-first  \" style='border-radius:0px; '><div  class='avia-image-container  av-styling-    avia-builder-el-1  avia-builder-el-no-sibling  avia-align-center '  itemprop=\"image\" itemscope=\"itemscope\" itemtype=\"https:\/\/schema.org\/ImageObject\"  ><div class='avia-image-container-inner'><div class='avia-image-overlay-wrap'><img decoding=\"async\" class='wp-image-18627 avia-img-lazy-loading-not-18627 avia_image' src=\"https:\/\/radiorevelacionfm.cl\/wp-content\/uploads\/2022\/06\/Incautacion-MT0-Junio-2022-1-1.jpeg\" alt='' title='Incautaci\u00f3n MT0 Junio 2022 (1) (1)' height=\"600\" width=\"800\"  itemprop=\"thumbnailUrl\" srcset=\"https:\/\/radiorevelacionfm.cl\/wp-content\/uploads\/2022\/06\/Incautacion-MT0-Junio-2022-1-1.jpeg 800w, https:\/\/radiorevelacionfm.cl\/wp-content\/uploads\/2022\/06\/Incautacion-MT0-Junio-2022-1-1-300x225.jpeg 300w, https:\/\/radiorevelacionfm.cl\/wp-content\/uploads\/2022\/06\/Incautacion-MT0-Junio-2022-1-1-768x576.jpeg 768w, https:\/\/radiorevelacionfm.cl\/wp-content\/uploads\/2022\/06\/Incautacion-MT0-Junio-2022-1-1-705x529.jpeg 705w, https:\/\/radiorevelacionfm.cl\/wp-content\/uploads\/2022\/06\/Incautacion-MT0-Junio-2022-1-1-600x450.jpeg 600w\" sizes=\"(max-width: 800px) 100vw, 800px\" \/><\/div><\/div><\/div><\/div><div class=\"flex_column av_one_full  flex_column_div av-zero-column-padding first  avia-builder-el-2  el_after_av_one_full  el_before_av_one_full  column-top-margin\" style='border-radius:0px; '><section class=\"av_textblock_section \"  itemscope=\"itemscope\" itemtype=\"https:\/\/schema.org\/BlogPosting\" itemprop=\"blogPost\" ><div class='avia_textblock  '   itemprop=\"text\" ><p style=\"text-align: center;\"><span style=\"font-size: 18pt;\"><strong>Tres veh\u00edculos, herramientas y droga incautada por BICRIM Ays\u00e9n durante el mes de junio<\/strong><\/span><\/p>\n<div id=\"gtx-trans\" style=\"position: absolute; left: -50px; top: 4.31534px;\">\n<div class=\"gtx-trans-icon\"><\/div>\n<\/div>\n<\/div><\/section><\/div><div class=\"flex_column av_one_full  flex_column_div av-zero-column-padding first  avia-builder-el-4  el_after_av_one_full  el_before_av_hr  column-top-margin\" style='border-radius:0px; '><section class=\"av_textblock_section \"  itemscope=\"itemscope\" itemtype=\"https:\/\/schema.org\/BlogPosting\" itemprop=\"blogPost\" ><div class='avia_textblock  '   itemprop=\"text\" ><p style=\"text-align: justify;\">Durante el mes de junio, detectives de la Brigada de Investigaci\u00f3n Criminal (BICRIM) Ays\u00e9n, en coordinaci\u00f3n con personal de la Prefectura Provincial, desarrollaron diversas diligencias investigativas y procedimientos policiales que arrojaron resultados positivos en la comuna de Puerto Ays\u00e9n.<\/p>\n<p style=\"text-align: justify;\">As\u00ed, el jefe de la BICRIM Ays\u00e9n, subprefecto Eduardo Charpentier, inform\u00f3 que \u201cdurante junio, el trabajo investigativo desarrollado por nuestros detectives permiti\u00f3 aclarar tres delitos de apropiaci\u00f3n indebida, incautando en diferentes procedimientos policiales tres veh\u00edculos, equipos topogr\u00e1ficos y herramientas de construcci\u00f3n, especies avaluadas en cerca de 15 millones de pesos, aproximadamente\u201d.<\/p>\n<p style=\"text-align: justify;\">Estas diligencias fueron coordinadas con el Ministerio P\u00fablico, instruyendo la Fiscal\u00eda la entrega de las especies recuperadas a sus respectivos propietarios y denunciantes.<\/p>\n<p style=\"text-align: justify;\">Del mismo modo, durante el mes la agrupaci\u00f3n Microtr\u00e1fico Cero (MT-0) de la BICRIM Ays\u00e9n desarroll\u00f3 dos diligencias antinarc\u00f3ticos. Al respecto, el jefe de la unidad, detall\u00f3 que \u201cen un procedimiento por el delito flagrante de microtr\u00e1fico se incautaron m\u00e1s de 100 dosis de cannabis sativa, alrededor de 9 dosis de clorhidrato de coca\u00edna y un comprimido de \u00e9xtasis, sustancias avaluadas en 587 mil pesos, asimismo, se procedi\u00f3 a la incautaci\u00f3n de 214 mil pesos de dinero en efectivo y un veh\u00edculo ocupado para la distribuci\u00f3n y comercializaci\u00f3n de esta droga\u201d.<\/p>\n<p style=\"text-align: justify;\">Adem\u00e1s, recientemente, \u201cpersonal del equipo MT-0 concurri\u00f3 hasta el Centro de Detenci\u00f3n Preventiva de Puerto Ays\u00e9n tras la detecci\u00f3n por parte de Gendarmer\u00eda de una encomienda que manten\u00eda en su interior oculta una sustancia vegetal, tras la prueba de campo se incautaron 27 dosis de cannabis sativa, avaluadas en 137 mil pesos\u201d, sostuvo el subprefecto Eduardo Charpentier.<\/p>\n<p style=\"text-align: justify;\">El jefe de la BICRIM Ays\u00e9n se\u00f1al\u00f3 que se continuar\u00e1n desarrollando diligencias investigativas con la finalidad de esclarecer aquellos hechos constitutivos de delitos que afecten a la comunidad de Puerto Ays\u00e9n.<\/p>\n<\/div><\/section><\/div><div  style='height:50px' class='hr hr-invisible   avia-builder-el-6  el_after_av_one_full  el_before_av_social_share '><span class='hr-inner ' ><span class='hr-inner-style'><\/span><\/span><\/div><\/p>\n<div  class='av-social-sharing-box  avia-builder-el-7  el_after_av_hr  el_before_av_hr  '><div class='av-share-box'><h5 class='av-share-link-description av-no-toc '>Compartir esta noticia<\/h5><ul class='av-share-box-list noLightbox'><li class='av-share-link av-social-link-facebook' ><a target=\"_blank\" aria-label=\"Compartir en Facebook\" href='https:\/\/www.facebook.com\/sharer.php?u=https:\/\/radiorevelacionfm.cl\/?p=18626&#038;t=Tres%20veh%C3%ADculos%2C%20herramientas%20y%20droga%20incautada%20por%20BICRIM%20Ays%C3%A9n%20durante%20el%20mes%20de%20junio' aria-hidden='false' data-av_icon='\ue8f3' data-av_iconfont='entypo-fontello' title='' data-avia-related-tooltip='Compartir en Facebook' rel=\"noopener\"><span class='avia_hidden_link_text'>Compartir en Facebook<\/span><\/a><\/li><li class='av-share-link av-social-link-twitter' ><a target=\"_blank\" aria-label=\"Compartir en Twitter\" href='https:\/\/twitter.com\/share?text=Tres%20veh%C3%ADculos%2C%20herramientas%20y%20droga%20incautada%20por%20BICRIM%20Ays%C3%A9n%20durante%20el%20mes%20de%20junio&#038;url=https:\/\/radiorevelacionfm.cl\/?p=18626' aria-hidden='false' data-av_icon='\ue8f1' data-av_iconfont='entypo-fontello' title='' data-avia-related-tooltip='Compartir en Twitter' rel=\"noopener\"><span class='avia_hidden_link_text'>Compartir en Twitter<\/span><\/a><\/li><li class='av-share-link av-social-link-whatsapp' ><a target=\"_blank\" aria-label=\"Compartir en Whatsapp\" href='https:\/\/api.whatsapp.com\/send?text=https:\/\/radiorevelacionfm.cl\/?p=18626' aria-hidden='false' data-av_icon='\uf232' data-av_iconfont='entypo-fontello' title='' data-avia-related-tooltip='Compartir en Whatsapp' rel=\"noopener\"><span class='avia_hidden_link_text'>Compartir en Whatsapp<\/span><\/a><\/li><li class='av-share-link av-social-link-linkedin' ><a target=\"_blank\" aria-label=\"Compartir en LinkedIn\" href='https:\/\/linkedin.com\/shareArticle?mini=true&#038;title=Tres%20veh%C3%ADculos%2C%20herramientas%20y%20droga%20incautada%20por%20BICRIM%20Ays%C3%A9n%20durante%20el%20mes%20de%20junio&#038;url=https:\/\/radiorevelacionfm.cl\/?p=18626' aria-hidden='false' data-av_icon='\ue8fc' data-av_iconfont='entypo-fontello' title='' data-avia-related-tooltip='Compartir en LinkedIn' rel=\"noopener\"><span class='avia_hidden_link_text'>Compartir en LinkedIn<\/span><\/a><\/li><li class='av-share-link av-social-link-mail' ><a  aria-label=\"Compartir por correo\" href='mailto:?subject=Tres%20veh%C3%ADculos%2C%20herramientas%20y%20droga%20incautada%20por%20BICRIM%20Ays%C3%A9n%20durante%20el%20mes%20de%20junio&#038;body=https:\/\/radiorevelacionfm.cl\/?p=18626' aria-hidden='false' data-av_icon='\ue805' data-av_iconfont='entypo-fontello' title='' data-avia-related-tooltip='Compartir por correo'><span class='avia_hidden_link_text'>Compartir por correo<\/span><\/a><\/li><\/ul><\/div><\/div>\n<div  style='height:50px' class='hr hr-invisible   avia-builder-el-8  el_after_av_social_share  el_before_av_comments_list '><span class='hr-inner ' ><span class='hr-inner-style'><\/span><\/span><\/div>\n<div  class='av-buildercomment  av-blog-meta-html-info-disabled av-blog-meta-tag-disabled  '><\/div>\n","protected":false},"excerpt":{"rendered":"","protected":false},"author":1,"featured_media":18627,"comment_status":"open","ping_status":"open","sticky":false,"template":"","format":"standard","meta":{"footnotes":""},"categories":[36],"tags":[],"class_list":["post-18626","post","type-post","status-publish","format-standard","has-post-thumbnail","hentry","category-policial"],"jetpack_featured_media_url":"https:\/\/radiorevelacionfm.cl\/wp-content\/uploads\/2022\/06\/Incautacion-MT0-Junio-2022-1-1.jpeg","_links":{"self":[{"href":"https:\/\/radiorevelacionfm.cl\/index.php?rest_route=\/wp\/v2\/posts\/18626","targetHints":{"allow":["GET"]}}],"collection":[{"href":"https:\/\/radiorevelacionfm.cl\/index.php?rest_route=\/wp\/v2\/posts"}],"about":[{"href":"https:\/\/radiorevelacionfm.cl\/index.php?rest_route=\/wp\/v2\/types\/post"}],"author":[{"embeddable":true,"href":"https:\/\/radiorevelacionfm.cl\/index.php?rest_route=\/wp\/v2\/users\/1"}],"replies":[{"embeddable":true,"href":"https:\/\/radiorevelacionfm.cl\/index.php?rest_route=%2Fwp%2Fv2%2Fcomments&post=18626"}],"version-history":[{"count":2,"href":"https:\/\/radiorevelacionfm.cl\/index.php?rest_route=\/wp\/v2\/posts\/18626\/revisions"}],"predecessor-version":[{"id":18629,"href":"https:\/\/radiorevelacionfm.cl\/index.php?rest_route=\/wp\/v2\/posts\/18626\/revisions\/18629"}],"wp:featuredmedia":[{"embeddable":true,"href":"https:\/\/radiorevelacionfm.cl\/index.php?rest_route=\/wp\/v2\/media\/18627"}],"wp:attachment":[{"href":"https:\/\/radiorevelacionfm.cl\/index.php?rest_route=%2Fwp%2Fv2%2Fmedia&parent=18626"}],"wp:term":[{"taxonomy":"category","embeddable":true,"href":"https:\/\/radiorevelacionfm.cl\/index.php?rest_route=%2Fwp%2Fv2%2Fcategories&post=18626"},{"taxonomy":"post_tag","embeddable":true,"href":"https:\/\/radiorevelacionfm.cl\/index.php?rest_route=%2Fwp%2Fv2%2Ftags&post=18626"}],"curies":[{"name":"wp","href":"https:\/\/api.w.org\/{rel}","templated":true}]}}