{"id":18623,"date":"2022-06-30T21:59:40","date_gmt":"2022-07-01T00:59:40","guid":{"rendered":"https:\/\/radiorevelacionfm.cl\/?p=18623"},"modified":"2022-06-30T21:59:40","modified_gmt":"2022-07-01T00:59:40","slug":"radiografia-a-la-delincuencia-juvenil-carabineros-a-nivel-nacional-ha-detenido-a-mas-de-3-000-ninos-as-y-adolescentes-por-cometer-robos","status":"publish","type":"post","link":"https:\/\/radiorevelacionfm.cl\/?p=18623","title":{"rendered":"Radiograf\u00eda a la delincuencia juvenil: Carabineros a nivel nacional ha detenido a m\u00e1s de 3.000 ni\u00f1os\/as y adolescentes por cometer robos"},"content":{"rendered":"<div class=\"flex_column av_one_full  flex_column_div av-zero-column-padding first  avia-builder-el-0  el_before_av_one_full  avia-builder-el-first  \" style='border-radius:0px; '><div  class='avia-image-container  av-styling-    avia-builder-el-1  avia-builder-el-no-sibling  avia-align-center '  itemprop=\"image\" itemscope=\"itemscope\" itemtype=\"https:\/\/schema.org\/ImageObject\"  ><div class='avia-image-container-inner'><div class='avia-image-overlay-wrap'><img decoding=\"async\" class='wp-image-18624 avia-img-lazy-loading-not-18624 avia_image' src=\"https:\/\/radiorevelacionfm.cl\/wp-content\/uploads\/2022\/06\/image-55_optimized.jpg\" alt='' title='image-(55)_optimized' height=\"600\" width=\"895\"  itemprop=\"thumbnailUrl\" srcset=\"https:\/\/radiorevelacionfm.cl\/wp-content\/uploads\/2022\/06\/image-55_optimized.jpg 895w, https:\/\/radiorevelacionfm.cl\/wp-content\/uploads\/2022\/06\/image-55_optimized-300x201.jpg 300w, https:\/\/radiorevelacionfm.cl\/wp-content\/uploads\/2022\/06\/image-55_optimized-768x515.jpg 768w, https:\/\/radiorevelacionfm.cl\/wp-content\/uploads\/2022\/06\/image-55_optimized-705x473.jpg 705w, https:\/\/radiorevelacionfm.cl\/wp-content\/uploads\/2022\/06\/image-55_optimized-600x402.jpg 600w\" sizes=\"(max-width: 895px) 100vw, 895px\" \/><\/div><\/div><\/div><\/div><div class=\"flex_column av_one_full  flex_column_div av-zero-column-padding first  avia-builder-el-2  el_after_av_one_full  el_before_av_one_full  column-top-margin\" style='border-radius:0px; '><section class=\"av_textblock_section \"  itemscope=\"itemscope\" itemtype=\"https:\/\/schema.org\/BlogPosting\" itemprop=\"blogPost\" ><div class='avia_textblock  '   itemprop=\"text\" ><p style=\"text-align: center;\"><span style=\"font-size: 18pt;\"><b>Radiograf\u00eda a la delincuencia juvenil: Carabineros a nivel nacional ha detenido a m\u00e1s de 3.000 ni\u00f1os\/as y adolescentes por cometer robos<\/b><\/span><\/p>\n<div id=\"gtx-trans\" style=\"position: absolute; left: -50px; top: 4.31534px;\">\n<div class=\"gtx-trans-icon\"><\/div>\n<\/div>\n<\/div><\/section><\/div><div class=\"flex_column av_one_full  flex_column_div av-zero-column-padding first  avia-builder-el-4  el_after_av_one_full  el_before_av_hr  column-top-margin\" style='border-radius:0px; '><section class=\"av_textblock_section \"  itemscope=\"itemscope\" itemtype=\"https:\/\/schema.org\/BlogPosting\" itemprop=\"blogPost\" ><div class='avia_textblock  '   itemprop=\"text\" ><p class=\"v1MsoNormal\" style=\"text-align: justify;\">El 12% de los delincuentes que Carabineros ha detenido este a\u00f1o por cometer robos a\u00fan no ha cumplido la mayor\u00eda de edad. As\u00ed lo inform\u00f3 el Director Nacional de Orden y Seguridad, General Inspector Marcelo Araya Zapata, durante el tradicional balance p\u00fablico de la labor de la polic\u00eda uniformada.<\/p>\n<p class=\"v1MsoNormal\" style=\"text-align: justify;\">De acuerdo al reporte del Departamento de An\u00e1lisis Criminal, en lo que va de este a\u00f1o, se registran 25.591 detenidos por robo (con fuerza y violentos), de los cuales 3.155 son Ni\u00f1os, Ni\u00f1as y Adolescentes (NNA). Y de este grupo, 1.097 han cometido robos con fuerza, mientras que 2.058 han protagonizado robos violentos.<\/p>\n<p class=\"v1MsoNormal\" style=\"text-align: justify;\">\u00abDesde enero de 2021, la participaci\u00f3n de NNA en robos violentos ha tendido al alza, llegando a un peak de 178 detenidos durante junio de este a\u00f1o, lo que constituye la cifra m\u00e1s alta de todo el periodo. Al mismo tiempo, los detenidos por robo con fuerza han presentado una tendencia a la baja en este tiempo\u00bb, se\u00f1al\u00f3 el General Inspector Araya.<\/p>\n<p class=\"v1MsoNormal\" style=\"text-align: justify;\">\u00abSe trata de una cifra tan reveladora como preocupante. Un triste r\u00e9cord, que nos debe mover a la reflexi\u00f3n como pa\u00eds. Los carabineros, en nuestra labor, nos enfrentamos a las consecuencias de los problemas sociales, as\u00ed que como polic\u00edas, como padres y como ciudadanos, todos estamos llamados a aportar a prevenir estas conductas que tanto da\u00f1o causan, tanto a las v\u00edctimas como a los propios j\u00f3venes que las protagonizan\u00bb, agreg\u00f3 el alto oficial.<\/p>\n<p class=\"v1MsoNormal\" style=\"text-align: justify;\"><b>El perfil de los j\u00f3venes que roban<\/b><\/p>\n<p class=\"v1MsoNormal\" style=\"text-align: justify;\">De los 3.155 j\u00f3venes detenidos por robos en el \u00faltimo a\u00f1o y medio, el 65% ha cometido robos violentos (2.058), los que incluyen robos por sorpresa, robos con intimidaci\u00f3n, robos con violencia y los robos violentos de veh\u00edculos (portonazos y encerronas).<\/p>\n<p class=\"v1MsoNormal\" style=\"text-align: justify;\">En concreto, por este \u00faltimo tipo de delito, han sido aprehendidos 317 NNA, de los cuales el 97% es de nacionalidad chilena y el 61% ten\u00eda entre 16 y 17 a\u00f1os al momento de infringir la ley.<\/p>\n<p style=\"text-align: justify;\">A\u00fan m\u00e1s preocupante resulta el hecho de que, entre esos ni\u00f1os y j\u00f3venes que a\u00fan no cumplen la mayor\u00eda de edad, ya hay 28 que registran al menos dos detenciones por robo violento de veh\u00edculo. Para graficar esta realidad, el General Inspector Araya inform\u00f3 de los casos de dos adolescentes chilenos, de 17 y 15 a\u00f1os, que pese a su juventud, ya han sido detenidos tres veces por Carabineros desde enero de 2021, por participar en portonazos o encerronas.<\/p>\n<\/div><\/section><\/div><div  style='height:50px' class='hr hr-invisible   avia-builder-el-6  el_after_av_one_full  el_before_av_social_share '><span class='hr-inner ' ><span class='hr-inner-style'><\/span><\/span><\/div><\/p>\n<div  class='av-social-sharing-box  avia-builder-el-7  el_after_av_hr  el_before_av_hr  '><div class='av-share-box'><h5 class='av-share-link-description av-no-toc '>Compartir esta noticia<\/h5><ul class='av-share-box-list noLightbox'><li class='av-share-link av-social-link-facebook' ><a target=\"_blank\" aria-label=\"Compartir en Facebook\" href='https:\/\/www.facebook.com\/sharer.php?u=https:\/\/radiorevelacionfm.cl\/?p=18623&#038;t=Radiograf%C3%ADa%20a%20la%20delincuencia%20juvenil%3A%20Carabineros%20a%20nivel%20nacional%20ha%20detenido%20a%20m%C3%A1s%20de%203.000%20ni%C3%B1os%2Fas%20y%20adolescentes%20por%20cometer%20robos' aria-hidden='false' data-av_icon='\ue8f3' data-av_iconfont='entypo-fontello' title='' data-avia-related-tooltip='Compartir en Facebook' rel=\"noopener\"><span class='avia_hidden_link_text'>Compartir en Facebook<\/span><\/a><\/li><li class='av-share-link av-social-link-twitter' ><a target=\"_blank\" aria-label=\"Compartir en Twitter\" href='https:\/\/twitter.com\/share?text=Radiograf%C3%ADa%20a%20la%20delincuencia%20juvenil%3A%20Carabineros%20a%20nivel%20nacional%20ha%20detenido%20a%20m%C3%A1s%20de%203.000%20ni%C3%B1os%2Fas%20y%20adolescentes%20por%20cometer%20robos&#038;url=https:\/\/radiorevelacionfm.cl\/?p=18623' aria-hidden='false' data-av_icon='\ue8f1' data-av_iconfont='entypo-fontello' title='' data-avia-related-tooltip='Compartir en Twitter' rel=\"noopener\"><span class='avia_hidden_link_text'>Compartir en Twitter<\/span><\/a><\/li><li class='av-share-link av-social-link-whatsapp' ><a target=\"_blank\" aria-label=\"Compartir en Whatsapp\" href='https:\/\/api.whatsapp.com\/send?text=https:\/\/radiorevelacionfm.cl\/?p=18623' aria-hidden='false' data-av_icon='\uf232' data-av_iconfont='entypo-fontello' title='' data-avia-related-tooltip='Compartir en Whatsapp' rel=\"noopener\"><span class='avia_hidden_link_text'>Compartir en Whatsapp<\/span><\/a><\/li><li class='av-share-link av-social-link-linkedin' ><a target=\"_blank\" aria-label=\"Compartir en LinkedIn\" href='https:\/\/linkedin.com\/shareArticle?mini=true&#038;title=Radiograf%C3%ADa%20a%20la%20delincuencia%20juvenil%3A%20Carabineros%20a%20nivel%20nacional%20ha%20detenido%20a%20m%C3%A1s%20de%203.000%20ni%C3%B1os%2Fas%20y%20adolescentes%20por%20cometer%20robos&#038;url=https:\/\/radiorevelacionfm.cl\/?p=18623' aria-hidden='false' data-av_icon='\ue8fc' data-av_iconfont='entypo-fontello' title='' data-avia-related-tooltip='Compartir en LinkedIn' rel=\"noopener\"><span class='avia_hidden_link_text'>Compartir en LinkedIn<\/span><\/a><\/li><li class='av-share-link av-social-link-mail' ><a  aria-label=\"Compartir por correo\" href='mailto:?subject=Radiograf%C3%ADa%20a%20la%20delincuencia%20juvenil%3A%20Carabineros%20a%20nivel%20nacional%20ha%20detenido%20a%20m%C3%A1s%20de%203.000%20ni%C3%B1os%2Fas%20y%20adolescentes%20por%20cometer%20robos&#038;body=https:\/\/radiorevelacionfm.cl\/?p=18623' aria-hidden='false' data-av_icon='\ue805' data-av_iconfont='entypo-fontello' title='' data-avia-related-tooltip='Compartir por correo'><span class='avia_hidden_link_text'>Compartir por correo<\/span><\/a><\/li><\/ul><\/div><\/div>\n<div  style='height:50px' class='hr hr-invisible   avia-builder-el-8  el_after_av_social_share  el_before_av_comments_list '><span class='hr-inner ' ><span class='hr-inner-style'><\/span><\/span><\/div>\n<div  class='av-buildercomment  av-blog-meta-html-info-disabled av-blog-meta-tag-disabled  '><\/div>\n","protected":false},"excerpt":{"rendered":"","protected":false},"author":1,"featured_media":18624,"comment_status":"open","ping_status":"open","sticky":false,"template":"","format":"standard","meta":{"footnotes":""},"categories":[36],"tags":[],"class_list":["post-18623","post","type-post","status-publish","format-standard","has-post-thumbnail","hentry","category-policial"],"jetpack_featured_media_url":"https:\/\/radiorevelacionfm.cl\/wp-content\/uploads\/2022\/06\/image-55_optimized.jpg","_links":{"self":[{"href":"https:\/\/radiorevelacionfm.cl\/index.php?rest_route=\/wp\/v2\/posts\/18623","targetHints":{"allow":["GET"]}}],"collection":[{"href":"https:\/\/radiorevelacionfm.cl\/index.php?rest_route=\/wp\/v2\/posts"}],"about":[{"href":"https:\/\/radiorevelacionfm.cl\/index.php?rest_route=\/wp\/v2\/types\/post"}],"author":[{"embeddable":true,"href":"https:\/\/radiorevelacionfm.cl\/index.php?rest_route=\/wp\/v2\/users\/1"}],"replies":[{"embeddable":true,"href":"https:\/\/radiorevelacionfm.cl\/index.php?rest_route=%2Fwp%2Fv2%2Fcomments&post=18623"}],"version-history":[{"count":2,"href":"https:\/\/radiorevelacionfm.cl\/index.php?rest_route=\/wp\/v2\/posts\/18623\/revisions"}],"predecessor-version":[{"id":18706,"href":"https:\/\/radiorevelacionfm.cl\/index.php?rest_route=\/wp\/v2\/posts\/18623\/revisions\/18706"}],"wp:featuredmedia":[{"embeddable":true,"href":"https:\/\/radiorevelacionfm.cl\/index.php?rest_route=\/wp\/v2\/media\/18624"}],"wp:attachment":[{"href":"https:\/\/radiorevelacionfm.cl\/index.php?rest_route=%2Fwp%2Fv2%2Fmedia&parent=18623"}],"wp:term":[{"taxonomy":"category","embeddable":true,"href":"https:\/\/radiorevelacionfm.cl\/index.php?rest_route=%2Fwp%2Fv2%2Fcategories&post=18623"},{"taxonomy":"post_tag","embeddable":true,"href":"https:\/\/radiorevelacionfm.cl\/index.php?rest_route=%2Fwp%2Fv2%2Ftags&post=18623"}],"curies":[{"name":"wp","href":"https:\/\/api.w.org\/{rel}","templated":true}]}}