{"id":18620,"date":"2022-06-30T11:50:39","date_gmt":"2022-06-30T14:50:39","guid":{"rendered":"https:\/\/radiorevelacionfm.cl\/?p=18620"},"modified":"2022-06-30T11:50:39","modified_gmt":"2022-06-30T14:50:39","slug":"seremi-de-justicia-abordo-importantes-tematicas-de-la-cartera-en-gobierno-en-terreno-realizado-en-coyhaique","status":"publish","type":"post","link":"https:\/\/radiorevelacionfm.cl\/?p=18620","title":{"rendered":"Seremi de Justicia abord\u00f3 importantes tem\u00e1ticas de la cartera en Gobierno en Terreno realizado en Coyhaique"},"content":{"rendered":"<div class=\"flex_column av_one_full  flex_column_div av-zero-column-padding first  avia-builder-el-0  el_before_av_one_full  avia-builder-el-first  \" style='border-radius:0px; '><div  class='avia-image-container  av-styling-    avia-builder-el-1  avia-builder-el-no-sibling  avia-align-center '  itemprop=\"image\" itemscope=\"itemscope\" itemtype=\"https:\/\/schema.org\/ImageObject\"  ><div class='avia-image-container-inner'><div class='avia-image-overlay-wrap'><img decoding=\"async\" class='wp-image-18621 avia-img-lazy-loading-not-18621 avia_image' src=\"https:\/\/radiorevelacionfm.cl\/wp-content\/uploads\/2022\/06\/gobierno-en-terreno-2-1-1.jpg\" alt='' title='gobierno en terreno 2 (1) (1)' height=\"600\" width=\"1069\"  itemprop=\"thumbnailUrl\" srcset=\"https:\/\/radiorevelacionfm.cl\/wp-content\/uploads\/2022\/06\/gobierno-en-terreno-2-1-1.jpg 1069w, https:\/\/radiorevelacionfm.cl\/wp-content\/uploads\/2022\/06\/gobierno-en-terreno-2-1-1-300x168.jpg 300w, https:\/\/radiorevelacionfm.cl\/wp-content\/uploads\/2022\/06\/gobierno-en-terreno-2-1-1-1030x578.jpg 1030w, https:\/\/radiorevelacionfm.cl\/wp-content\/uploads\/2022\/06\/gobierno-en-terreno-2-1-1-768x431.jpg 768w, https:\/\/radiorevelacionfm.cl\/wp-content\/uploads\/2022\/06\/gobierno-en-terreno-2-1-1-705x396.jpg 705w, https:\/\/radiorevelacionfm.cl\/wp-content\/uploads\/2022\/06\/gobierno-en-terreno-2-1-1-600x337.jpg 600w\" sizes=\"(max-width: 1069px) 100vw, 1069px\" \/><\/div><\/div><\/div><\/div><div class=\"flex_column av_one_full  flex_column_div av-zero-column-padding first  avia-builder-el-2  el_after_av_one_full  el_before_av_one_full  column-top-margin\" style='border-radius:0px; '><section class=\"av_textblock_section \"  itemscope=\"itemscope\" itemtype=\"https:\/\/schema.org\/BlogPosting\" itemprop=\"blogPost\" ><div class='avia_textblock  '   itemprop=\"text\" ><p style=\"text-align: center;\"><span style=\"font-size: 18pt;\"><strong>Seremi de Justicia abord\u00f3 importantes tem\u00e1ticas de la cartera en Gobierno en Terreno realizado en Coyhaique <\/strong><\/span><\/p>\n<div id=\"gtx-trans\" style=\"position: absolute; left: -50px; top: 4.31534px;\">\n<div class=\"gtx-trans-icon\"><\/div>\n<\/div>\n<\/div><\/section><\/div><div class=\"flex_column av_one_full  flex_column_div av-zero-column-padding first  avia-builder-el-4  el_after_av_one_full  el_before_av_hr  column-top-margin\" style='border-radius:0px; '><section class=\"av_textblock_section \"  itemscope=\"itemscope\" itemtype=\"https:\/\/schema.org\/BlogPosting\" itemprop=\"blogPost\" ><div class='avia_textblock  '   itemprop=\"text\" ><p style=\"text-align: justify;\">Consultas sobre el acceso inclusivo en los servicios dependientes y relacionados del sector Justicia y el regreso de la atenci\u00f3n presencial por parte de la Corporaci\u00f3n de Asistencia Judicial, fueron algunas de las tem\u00e1ticas abordadas por el Seremi de Justicia y Derechos Humanos Samuel Navarro Castro, en lo que fue el Gobierno en Terreno convocado por la Delegaci\u00f3n Presidencial Regional de Ays\u00e9n, realizado el s\u00e1bado reci\u00e9n pasado en la sede de la poblaci\u00f3n Gabriela Mistral, y que convoc\u00f3 a dirigentes sociales de distintos sectores de la capital regional.<\/p>\n<p style=\"text-align: justify;\">Cabe se\u00f1alar que lo propio se realiz\u00f3 en las distintas cabeceras provinciales de la regi\u00f3n, y que estuvo enmarcado en el trabajo de los primeros 100 d\u00edas de Gobierno del Presidente Gabriel Boric Font.<\/p>\n<p style=\"text-align: justify;\">Respecto a la importancia de poder escuchar las demandas de la comunidad en general a trav\u00e9s de sus dirigentes, siendo \u00e9sta una instancia para ello, el Seremi de Justicia y Derechos Humanos Samuel Navarro Castro se\u00f1al\u00f3 que \u201cnos parece relevante que la ciudadan\u00eda pueda tomar contacto con sus autoridades, conocer de primera fuente el desarrollo del Gobierno, de las serem\u00edas, y el trabajo que se est\u00e1 haciendo, por lo dem\u00e1s tambi\u00e9n las proyecciones de lo que se pretende hacer en el futuro en el programa del Presidente Gabriel Boric, parece muy enriquecedor adem\u00e1s para los participantes de este tipo de actividades, estos gobiernos en terreno escuchar a los dirigentes sociales, los dirigentes vecinales, a la comunidad en general que nos trasmiten sus inquietudes y sus opiniones que pasan a ser un cable a tierra sobre el trabajo que estamos desempe\u00f1ando como delegaci\u00f3n presidencial regional, como seremi de Justicia y Derechos Humanos y como las dem\u00e1s autoridades que estuvieron presentes en este primer Gobierno en terreno realizado en la comuna de Coyhaique\u201d.<\/p>\n<p style=\"text-align: justify;\">Mencionar que son varias las tem\u00e1ticas que se han venido trabajando con el objetivo de mejorar principalmente las dependencias donde funcionan los servicios del sector Justicia, lo que se traduce en entregar mejores espacios de atenci\u00f3n a los usuarios, entre ellas las mejoras constantes a las oficinas del Registro Civil en distintas localidades de la regi\u00f3n, estando en plena ejecuci\u00f3n la habilitaci\u00f3n de la oficinas de Cochrane, y \u00a0que se espera est\u00e9 terminada a fines del mes de Julio y as\u00ed ofrecer una oficina totalmente remodelada y con mejores espacios de atenci\u00f3n a la comunidad, trabajo que se espera replicar con otro servicios de la cartera en los pr\u00f3ximos meses.<\/p>\n<p style=\"text-align: justify;\">Finalmente, el Seremi Samuel Navarro Castro hizo extensiva la invitaci\u00f3n a la comunidad de Ays\u00e9n a participar de una nueva jornada de Gobierno en Terreno, este s\u00e1bado 02 de Julio desde las 11 horas en dependencias de la sede social del sector Camino Viejo, donde se contar\u00e1 con la presencia de los secretarios\/as regionales ministeriales de Desarrollo Social y Familia, de Justicia y Derechos Humanos y del Trabajo y Previsi\u00f3n Social, todos liderados por la Delegaci\u00f3n Presidencial de la Provincia de Ays\u00e9n, y con la presencia tambi\u00e9n de diversos servicios p\u00fablicos.<\/p>\n<\/div><\/section><\/div><div  style='height:50px' class='hr hr-invisible   avia-builder-el-6  el_after_av_one_full  el_before_av_social_share '><span class='hr-inner ' ><span class='hr-inner-style'><\/span><\/span><\/div><\/p>\n<div  class='av-social-sharing-box  avia-builder-el-7  el_after_av_hr  el_before_av_hr  '><div class='av-share-box'><h5 class='av-share-link-description av-no-toc '>Compartir esta noticia<\/h5><ul class='av-share-box-list noLightbox'><li class='av-share-link av-social-link-facebook' ><a target=\"_blank\" aria-label=\"Compartir en Facebook\" href='https:\/\/www.facebook.com\/sharer.php?u=https:\/\/radiorevelacionfm.cl\/?p=18620&#038;t=Seremi%20de%20Justicia%20abord%C3%B3%20importantes%20tem%C3%A1ticas%20de%20la%20cartera%20en%20Gobierno%20en%20Terreno%20realizado%20en%20Coyhaique' aria-hidden='false' data-av_icon='\ue8f3' data-av_iconfont='entypo-fontello' title='' data-avia-related-tooltip='Compartir en Facebook' rel=\"noopener\"><span class='avia_hidden_link_text'>Compartir en Facebook<\/span><\/a><\/li><li class='av-share-link av-social-link-twitter' ><a target=\"_blank\" aria-label=\"Compartir en Twitter\" href='https:\/\/twitter.com\/share?text=Seremi%20de%20Justicia%20abord%C3%B3%20importantes%20tem%C3%A1ticas%20de%20la%20cartera%20en%20Gobierno%20en%20Terreno%20realizado%20en%20Coyhaique&#038;url=https:\/\/radiorevelacionfm.cl\/?p=18620' aria-hidden='false' data-av_icon='\ue8f1' data-av_iconfont='entypo-fontello' title='' data-avia-related-tooltip='Compartir en Twitter' rel=\"noopener\"><span class='avia_hidden_link_text'>Compartir en Twitter<\/span><\/a><\/li><li class='av-share-link av-social-link-whatsapp' ><a target=\"_blank\" aria-label=\"Compartir en Whatsapp\" href='https:\/\/api.whatsapp.com\/send?text=https:\/\/radiorevelacionfm.cl\/?p=18620' aria-hidden='false' data-av_icon='\uf232' data-av_iconfont='entypo-fontello' title='' data-avia-related-tooltip='Compartir en Whatsapp' rel=\"noopener\"><span class='avia_hidden_link_text'>Compartir en Whatsapp<\/span><\/a><\/li><li class='av-share-link av-social-link-linkedin' ><a target=\"_blank\" aria-label=\"Compartir en LinkedIn\" href='https:\/\/linkedin.com\/shareArticle?mini=true&#038;title=Seremi%20de%20Justicia%20abord%C3%B3%20importantes%20tem%C3%A1ticas%20de%20la%20cartera%20en%20Gobierno%20en%20Terreno%20realizado%20en%20Coyhaique&#038;url=https:\/\/radiorevelacionfm.cl\/?p=18620' aria-hidden='false' data-av_icon='\ue8fc' data-av_iconfont='entypo-fontello' title='' data-avia-related-tooltip='Compartir en LinkedIn' rel=\"noopener\"><span class='avia_hidden_link_text'>Compartir en LinkedIn<\/span><\/a><\/li><li class='av-share-link av-social-link-mail' ><a  aria-label=\"Compartir por correo\" href='mailto:?subject=Seremi%20de%20Justicia%20abord%C3%B3%20importantes%20tem%C3%A1ticas%20de%20la%20cartera%20en%20Gobierno%20en%20Terreno%20realizado%20en%20Coyhaique&#038;body=https:\/\/radiorevelacionfm.cl\/?p=18620' aria-hidden='false' data-av_icon='\ue805' data-av_iconfont='entypo-fontello' title='' data-avia-related-tooltip='Compartir por correo'><span class='avia_hidden_link_text'>Compartir por correo<\/span><\/a><\/li><\/ul><\/div><\/div>\n<div  style='height:50px' class='hr hr-invisible   avia-builder-el-8  el_after_av_social_share  el_before_av_comments_list '><span class='hr-inner ' ><span class='hr-inner-style'><\/span><\/span><\/div>\n<div  class='av-buildercomment  av-blog-meta-html-info-disabled av-blog-meta-tag-disabled  '><\/div>\n","protected":false},"excerpt":{"rendered":"","protected":false},"author":1,"featured_media":18621,"comment_status":"open","ping_status":"open","sticky":false,"template":"","format":"standard","meta":{"footnotes":""},"categories":[55],"tags":[],"class_list":["post-18620","post","type-post","status-publish","format-standard","has-post-thumbnail","hentry","category-justicia"],"jetpack_featured_media_url":"https:\/\/radiorevelacionfm.cl\/wp-content\/uploads\/2022\/06\/gobierno-en-terreno-2-1-1.jpg","_links":{"self":[{"href":"https:\/\/radiorevelacionfm.cl\/index.php?rest_route=\/wp\/v2\/posts\/18620","targetHints":{"allow":["GET"]}}],"collection":[{"href":"https:\/\/radiorevelacionfm.cl\/index.php?rest_route=\/wp\/v2\/posts"}],"about":[{"href":"https:\/\/radiorevelacionfm.cl\/index.php?rest_route=\/wp\/v2\/types\/post"}],"author":[{"embeddable":true,"href":"https:\/\/radiorevelacionfm.cl\/index.php?rest_route=\/wp\/v2\/users\/1"}],"replies":[{"embeddable":true,"href":"https:\/\/radiorevelacionfm.cl\/index.php?rest_route=%2Fwp%2Fv2%2Fcomments&post=18620"}],"version-history":[{"count":2,"href":"https:\/\/radiorevelacionfm.cl\/index.php?rest_route=\/wp\/v2\/posts\/18620\/revisions"}],"predecessor-version":[{"id":18657,"href":"https:\/\/radiorevelacionfm.cl\/index.php?rest_route=\/wp\/v2\/posts\/18620\/revisions\/18657"}],"wp:featuredmedia":[{"embeddable":true,"href":"https:\/\/radiorevelacionfm.cl\/index.php?rest_route=\/wp\/v2\/media\/18621"}],"wp:attachment":[{"href":"https:\/\/radiorevelacionfm.cl\/index.php?rest_route=%2Fwp%2Fv2%2Fmedia&parent=18620"}],"wp:term":[{"taxonomy":"category","embeddable":true,"href":"https:\/\/radiorevelacionfm.cl\/index.php?rest_route=%2Fwp%2Fv2%2Fcategories&post=18620"},{"taxonomy":"post_tag","embeddable":true,"href":"https:\/\/radiorevelacionfm.cl\/index.php?rest_route=%2Fwp%2Fv2%2Ftags&post=18620"}],"curies":[{"name":"wp","href":"https:\/\/api.w.org\/{rel}","templated":true}]}}