{"id":18614,"date":"2022-06-29T18:57:23","date_gmt":"2022-06-29T21:57:23","guid":{"rendered":"https:\/\/radiorevelacionfm.cl\/?p=18614"},"modified":"2022-06-29T19:11:17","modified_gmt":"2022-06-29T22:11:17","slug":"entregan-terreno-para-habilitar-con-paneles-fotovoltaicos-a-familias-rurales-de-cisnes","status":"publish","type":"post","link":"https:\/\/radiorevelacionfm.cl\/?p=18614","title":{"rendered":"Familias rurales de Cisnes contar\u00e1n con energ\u00eda mediante habilitaci\u00f3n de paneles fotovoltaicos"},"content":{"rendered":"<div class=\"flex_column av_one_full  flex_column_div av-zero-column-padding first  avia-builder-el-0  el_before_av_one_full  avia-builder-el-first  \" style='border-radius:0px; '><div  class='avia-image-container  av-styling-    avia-builder-el-1  avia-builder-el-no-sibling  avia-align-center '  itemprop=\"image\" itemscope=\"itemscope\" itemtype=\"https:\/\/schema.org\/ImageObject\"  ><div class='avia-image-container-inner'><div class='avia-image-overlay-wrap'><img decoding=\"async\" class='wp-image-18615 avia-img-lazy-loading-not-18615 avia_image' src=\"https:\/\/radiorevelacionfm.cl\/wp-content\/uploads\/2022\/06\/terreno-fotovoltaicos-2-1_optimized.jpeg\" alt='' title='terreno-fotovoltaicos-2-(1)_optimized' height=\"600\" width=\"992\"  itemprop=\"thumbnailUrl\" srcset=\"https:\/\/radiorevelacionfm.cl\/wp-content\/uploads\/2022\/06\/terreno-fotovoltaicos-2-1_optimized.jpeg 992w, https:\/\/radiorevelacionfm.cl\/wp-content\/uploads\/2022\/06\/terreno-fotovoltaicos-2-1_optimized-300x181.jpeg 300w, https:\/\/radiorevelacionfm.cl\/wp-content\/uploads\/2022\/06\/terreno-fotovoltaicos-2-1_optimized-768x465.jpeg 768w, https:\/\/radiorevelacionfm.cl\/wp-content\/uploads\/2022\/06\/terreno-fotovoltaicos-2-1_optimized-705x426.jpeg 705w, https:\/\/radiorevelacionfm.cl\/wp-content\/uploads\/2022\/06\/terreno-fotovoltaicos-2-1_optimized-600x363.jpeg 600w\" sizes=\"(max-width: 992px) 100vw, 992px\" \/><\/div><\/div><\/div><\/div>\n<div class=\"flex_column av_one_full  flex_column_div av-zero-column-padding first  avia-builder-el-2  el_after_av_one_full  el_before_av_one_full  column-top-margin\" style='border-radius:0px; '><section class=\"av_textblock_section \"  itemscope=\"itemscope\" itemtype=\"https:\/\/schema.org\/BlogPosting\" itemprop=\"blogPost\" ><div class='avia_textblock  '   itemprop=\"text\" ><p style=\"text-align: center;\"><strong><span style=\"font-size: 18pt;\">Familias rurales de Cisnes contar\u00e1n con energ\u00eda mediante habilitaci\u00f3n de paneles fotovoltaicos<\/span><\/strong><\/p>\n<div id=\"gtx-trans\" style=\"position: absolute; left: -50px; top: 4.31534px;\">\n<div class=\"gtx-trans-icon\"><\/div>\n<\/div>\n<\/div><\/section><\/div><div class=\"flex_column av_one_full  flex_column_div av-zero-column-padding first  avia-builder-el-4  el_after_av_one_full  el_before_av_hr  column-top-margin\" style='border-radius:0px; '><section class=\"av_textblock_section \"  itemscope=\"itemscope\" itemtype=\"https:\/\/schema.org\/BlogPosting\" itemprop=\"blogPost\" ><div class='avia_textblock  '   itemprop=\"text\" ><p style=\"text-align: justify;\">En la sede vecinal de La Junta, el Municipio de Cisnes a trav\u00e9s de su Alcalde Francisco Roncagliolo Lepio, hizo entrega de terreno a los representantes de la empresa que se adjudic\u00f3 las obras de instalaci\u00f3n y habilitaci\u00f3n de paneles fotovoltaicos para familias rurales de los sectores aleda\u00f1os a esta localidad.<\/p>\n<p style=\"text-align: justify;\">Vecinos y vecinas de los Valles Mirta, Cuatro, Quinto, sectores como el Claro Solar, Mirta Sur, Rio Figueroa, entre otros, son los beneficiados. Algo que fue destacado por el Alcalde de la comuna de Cisnes, Francisco Roncagliolo.<\/p>\n<p style=\"text-align: justify;\">\u201cPara nosotros como comuna es muy importante poder entregar este tipo de beneficios con paneles fotovoltaicos, en sectores que son de muy dif\u00edcil acceso, en que obviamente se requiere y es necesario un abastecimiento de energ\u00eda el\u00e9ctrica para el funcionamiento del hogar, pero tambi\u00e9n para ir desarrollando distintos emprendimientos. Por lo mismo, agradecemos la confianza, agradecemos tambi\u00e9n la paciencia de muchos de nuestros vecinos que est\u00e1n en lugares apartados, sectores como los Valles Mirta, Cuarto, Quinto, en el Claro Solar, Mirta Sur, Rio Figueroa, en el Palena Norte. Lo que hicimos tambi\u00e9n hace unos d\u00edas en Puerto Cisnes, todo lo que es la cuenca del Rio Cisnes y tambi\u00e9n una parte importante de lo que es el Canal Puyuhuapi. As\u00ed es que, seguimos avanzando, seguimos trabajando y seguimos buscando llegar con la mayor cantidad de beneficios posibles a nuestros vecinos\u201d.<\/p>\n<p style=\"text-align: justify;\">El Concejal de la comuna de Cisnes, Cristian Jaramillo, valor\u00f3 la iniciativa ya que ser\u00e1 un complemento para el desarrollo productivo y familiar de los beneficiados. \u201cSon proyectos que, si bien es cierto, no son la soluci\u00f3n definitiva, van a ser un complemento tanto en lo social como en lo productivo y adem\u00e1s de ser un complemento a la generaci\u00f3n actual que tienen de energ\u00eda. Muy contento hoy con este hito que es la entrega de terreno por parte de la Municipalidad a la empresa, agradecer sin duda a la administraci\u00f3n municipal, al Alcalde Francisco Roncagliolo Lepio, por la preocupaci\u00f3n que ha demostrado por la gente que vive en el campo, la gente que vive en el sector rural\u201d.<\/p>\n<p style=\"text-align: justify;\">Gertrudis Vega, del sector del Rio Figueroa, agradeci\u00f3 a las autoridades que han logrado avanzar en este proyecto, que les permitir\u00e1 muy pronto contar con energ\u00eda mediante paneles fotovoltaicos. \u201cVengo en este momento para hacer la firma del compromiso de la instalaci\u00f3n de los paneles fotovoltaicos, tan esperados por nuestras familias y vecinos de los alrededores. Agradezco que se haya realizado hoy, lo que ya nos da seguridad de que pronto, si Dios permite, vamos a tener la anhelada luz y agradecida de las autoridades que gestionan, que ayudan, porque para nosotros era complejo tener luz de otra manera, ya que, vivimos al otro lado del rio Figueroa, por ello, era dif\u00edcil llegar a trav\u00e9s del empalme, as\u00ed es que, agradecida\u201d.<\/p>\n<p style=\"text-align: justify;\">En el Valle Cuarto tambi\u00e9n existen personas que ser\u00e1n beneficiadas con este sistema, es el caso de la familia de Mireya Rosas, \u201cvivo en el sector Valle Cuarto, soy pobladora muy antigua en ese lugar y totalmente agradecida con esto, hace a\u00f1os que estamos esperando luz y ahora ya estamos casi a la puerta de que nos llegue. As\u00ed es que, totalmente agradecida, la reuni\u00f3n adem\u00e1s fue buena, importante, quedamos claro con todo, yo creo que nadie quedo con dudas, porque las que hab\u00eda se consultaron y se explicaron perfecto\u201d, se\u00f1al\u00f3.<\/p>\n<p style=\"text-align: justify;\">Estas iniciativas de instalaci\u00f3n y habilitaci\u00f3n de paneles fotovoltaicos beneficiar\u00e1n a familias de distintos sectores rurales de la comuna de Cisnes, proyectos que est\u00e1n iniciando sus obras gracias a la transferencia desde el Gobierno Regional de Ays\u00e9n a Subdere, entidad que finalmente baja los recursos al Municipio.<\/p>\n<\/div><\/section><\/div><\/p>\n<div  style='height:50px' class='hr hr-invisible   avia-builder-el-6  el_after_av_one_full  el_before_av_social_share '><span class='hr-inner ' ><span class='hr-inner-style'><\/span><\/span><\/div>\n<div  class='av-social-sharing-box  avia-builder-el-7  el_after_av_hr  el_before_av_hr  '><div class='av-share-box'><h5 class='av-share-link-description av-no-toc '>Compartir esta noticia<\/h5><ul class='av-share-box-list noLightbox'><li class='av-share-link av-social-link-facebook' ><a target=\"_blank\" aria-label=\"Compartir en Facebook\" href='https:\/\/www.facebook.com\/sharer.php?u=https:\/\/radiorevelacionfm.cl\/?p=18614&#038;t=Familias%20rurales%20de%20Cisnes%20contar%C3%A1n%20con%20energ%C3%ADa%20mediante%20habilitaci%C3%B3n%20de%20paneles%20fotovoltaicos' aria-hidden='false' data-av_icon='\ue8f3' data-av_iconfont='entypo-fontello' title='' data-avia-related-tooltip='Compartir en Facebook' rel=\"noopener\"><span class='avia_hidden_link_text'>Compartir en Facebook<\/span><\/a><\/li><li class='av-share-link av-social-link-twitter' ><a target=\"_blank\" aria-label=\"Compartir en Twitter\" href='https:\/\/twitter.com\/share?text=Familias%20rurales%20de%20Cisnes%20contar%C3%A1n%20con%20energ%C3%ADa%20mediante%20habilitaci%C3%B3n%20de%20paneles%20fotovoltaicos&#038;url=https:\/\/radiorevelacionfm.cl\/?p=18614' aria-hidden='false' data-av_icon='\ue8f1' data-av_iconfont='entypo-fontello' title='' data-avia-related-tooltip='Compartir en Twitter' rel=\"noopener\"><span class='avia_hidden_link_text'>Compartir en Twitter<\/span><\/a><\/li><li class='av-share-link av-social-link-whatsapp' ><a target=\"_blank\" aria-label=\"Compartir en Whatsapp\" href='https:\/\/api.whatsapp.com\/send?text=https:\/\/radiorevelacionfm.cl\/?p=18614' aria-hidden='false' data-av_icon='\uf232' data-av_iconfont='entypo-fontello' title='' data-avia-related-tooltip='Compartir en Whatsapp' rel=\"noopener\"><span class='avia_hidden_link_text'>Compartir en Whatsapp<\/span><\/a><\/li><li class='av-share-link av-social-link-linkedin' ><a target=\"_blank\" aria-label=\"Compartir en LinkedIn\" href='https:\/\/linkedin.com\/shareArticle?mini=true&#038;title=Familias%20rurales%20de%20Cisnes%20contar%C3%A1n%20con%20energ%C3%ADa%20mediante%20habilitaci%C3%B3n%20de%20paneles%20fotovoltaicos&#038;url=https:\/\/radiorevelacionfm.cl\/?p=18614' aria-hidden='false' data-av_icon='\ue8fc' data-av_iconfont='entypo-fontello' title='' data-avia-related-tooltip='Compartir en LinkedIn' rel=\"noopener\"><span class='avia_hidden_link_text'>Compartir en LinkedIn<\/span><\/a><\/li><li class='av-share-link av-social-link-mail' ><a  aria-label=\"Compartir por correo\" href='mailto:?subject=Familias%20rurales%20de%20Cisnes%20contar%C3%A1n%20con%20energ%C3%ADa%20mediante%20habilitaci%C3%B3n%20de%20paneles%20fotovoltaicos&#038;body=https:\/\/radiorevelacionfm.cl\/?p=18614' aria-hidden='false' data-av_icon='\ue805' data-av_iconfont='entypo-fontello' title='' data-avia-related-tooltip='Compartir por correo'><span class='avia_hidden_link_text'>Compartir por correo<\/span><\/a><\/li><\/ul><\/div><\/div>\n<div  style='height:50px' class='hr hr-invisible   avia-builder-el-8  el_after_av_social_share  el_before_av_comments_list '><span class='hr-inner ' ><span class='hr-inner-style'><\/span><\/span><\/div>\n<div  class='av-buildercomment  av-blog-meta-html-info-disabled av-blog-meta-tag-disabled  '><\/div>\n","protected":false},"excerpt":{"rendered":"","protected":false},"author":1,"featured_media":18615,"comment_status":"open","ping_status":"open","sticky":false,"template":"","format":"standard","meta":{"footnotes":""},"categories":[38],"tags":[],"class_list":["post-18614","post","type-post","status-publish","format-standard","has-post-thumbnail","hentry","category-regional"],"jetpack_featured_media_url":"https:\/\/radiorevelacionfm.cl\/wp-content\/uploads\/2022\/06\/terreno-fotovoltaicos-2-1_optimized.jpeg","_links":{"self":[{"href":"https:\/\/radiorevelacionfm.cl\/index.php?rest_route=\/wp\/v2\/posts\/18614","targetHints":{"allow":["GET"]}}],"collection":[{"href":"https:\/\/radiorevelacionfm.cl\/index.php?rest_route=\/wp\/v2\/posts"}],"about":[{"href":"https:\/\/radiorevelacionfm.cl\/index.php?rest_route=\/wp\/v2\/types\/post"}],"author":[{"embeddable":true,"href":"https:\/\/radiorevelacionfm.cl\/index.php?rest_route=\/wp\/v2\/users\/1"}],"replies":[{"embeddable":true,"href":"https:\/\/radiorevelacionfm.cl\/index.php?rest_route=%2Fwp%2Fv2%2Fcomments&post=18614"}],"version-history":[{"count":4,"href":"https:\/\/radiorevelacionfm.cl\/index.php?rest_route=\/wp\/v2\/posts\/18614\/revisions"}],"predecessor-version":[{"id":18617,"href":"https:\/\/radiorevelacionfm.cl\/index.php?rest_route=\/wp\/v2\/posts\/18614\/revisions\/18617"}],"wp:featuredmedia":[{"embeddable":true,"href":"https:\/\/radiorevelacionfm.cl\/index.php?rest_route=\/wp\/v2\/media\/18615"}],"wp:attachment":[{"href":"https:\/\/radiorevelacionfm.cl\/index.php?rest_route=%2Fwp%2Fv2%2Fmedia&parent=18614"}],"wp:term":[{"taxonomy":"category","embeddable":true,"href":"https:\/\/radiorevelacionfm.cl\/index.php?rest_route=%2Fwp%2Fv2%2Fcategories&post=18614"},{"taxonomy":"post_tag","embeddable":true,"href":"https:\/\/radiorevelacionfm.cl\/index.php?rest_route=%2Fwp%2Fv2%2Ftags&post=18614"}],"curies":[{"name":"wp","href":"https:\/\/api.w.org\/{rel}","templated":true}]}}