{"id":18610,"date":"2022-06-29T18:40:58","date_gmt":"2022-06-29T21:40:58","guid":{"rendered":"https:\/\/radiorevelacionfm.cl\/?p=18610"},"modified":"2022-06-29T18:40:58","modified_gmt":"2022-06-29T21:40:58","slug":"labocar-investiga-incendio-en-coyhaique-donde-resulto-una-persona-fallecida","status":"publish","type":"post","link":"https:\/\/radiorevelacionfm.cl\/?p=18610","title":{"rendered":"Labocar investiga incendio en Coyhaique donde result\u00f3 una persona fallecida"},"content":{"rendered":"<div class=\"flex_column av_one_full  flex_column_div av-zero-column-padding first  avia-builder-el-0  el_before_av_one_full  avia-builder-el-first  \" style='border-radius:0px; '><div  class='avia-image-container  av-styling-    avia-builder-el-1  avia-builder-el-no-sibling  avia-align-center '  itemprop=\"image\" itemscope=\"itemscope\" itemtype=\"https:\/\/schema.org\/ImageObject\"  ><div class='avia-image-container-inner'><div class='avia-image-overlay-wrap'><img decoding=\"async\" class='wp-image-18611 avia-img-lazy-loading-not-18611 avia_image' src=\"https:\/\/radiorevelacionfm.cl\/wp-content\/uploads\/2022\/06\/11aaad8e-9ca0-4838-a525-4ca197cf6fa7-1-1.jpg\" alt='' title='11aaad8e-9ca0-4838-a525-4ca197cf6fa7 (1) (1)' height=\"600\" width=\"1333\"  itemprop=\"thumbnailUrl\" srcset=\"https:\/\/radiorevelacionfm.cl\/wp-content\/uploads\/2022\/06\/11aaad8e-9ca0-4838-a525-4ca197cf6fa7-1-1.jpg 1333w, https:\/\/radiorevelacionfm.cl\/wp-content\/uploads\/2022\/06\/11aaad8e-9ca0-4838-a525-4ca197cf6fa7-1-1-300x135.jpg 300w, https:\/\/radiorevelacionfm.cl\/wp-content\/uploads\/2022\/06\/11aaad8e-9ca0-4838-a525-4ca197cf6fa7-1-1-1030x464.jpg 1030w, https:\/\/radiorevelacionfm.cl\/wp-content\/uploads\/2022\/06\/11aaad8e-9ca0-4838-a525-4ca197cf6fa7-1-1-768x346.jpg 768w, https:\/\/radiorevelacionfm.cl\/wp-content\/uploads\/2022\/06\/11aaad8e-9ca0-4838-a525-4ca197cf6fa7-1-1-705x317.jpg 705w, https:\/\/radiorevelacionfm.cl\/wp-content\/uploads\/2022\/06\/11aaad8e-9ca0-4838-a525-4ca197cf6fa7-1-1-600x270.jpg 600w\" sizes=\"(max-width: 1333px) 100vw, 1333px\" \/><\/div><\/div><\/div><\/div><div class=\"flex_column av_one_full  flex_column_div av-zero-column-padding first  avia-builder-el-2  el_after_av_one_full  el_before_av_one_full  column-top-margin\" style='border-radius:0px; '><section class=\"av_textblock_section \"  itemscope=\"itemscope\" itemtype=\"https:\/\/schema.org\/BlogPosting\" itemprop=\"blogPost\" ><div class='avia_textblock  '   itemprop=\"text\" ><p style=\"text-align: center;\"><strong><span style=\"font-size: 18pt;\">Labocar investiga incendio en Coyhaique donde result\u00f3 una persona fallecida<\/span><\/strong><\/p>\n<div id=\"gtx-trans\" style=\"position: absolute; left: -50px; top: 4.31534px;\">\n<div class=\"gtx-trans-icon\"><\/div>\n<\/div>\n<\/div><\/section><\/div><div class=\"flex_column av_one_full  flex_column_div av-zero-column-padding first  avia-builder-el-4  el_after_av_one_full  el_before_av_hr  column-top-margin\" style='border-radius:0px; '><section class=\"av_textblock_section \"  itemscope=\"itemscope\" itemtype=\"https:\/\/schema.org\/BlogPosting\" itemprop=\"blogPost\" ><div class='avia_textblock  '   itemprop=\"text\" ><p class=\"v1MsoNormal\" style=\"text-align: justify;\">Una persona fallecida fue el resultado de un lamentable incendio estructural registrado pasada la medianoche en la ciudad de Coyhaique, investigaci\u00f3n cuyos peritajes est\u00e1n siendo desarrollados por el Laboratorio de Criminal\u00edstica de Carabineros (Labocar) en coordinaci\u00f3n con la Fiscal\u00eda.<\/p>\n<p class=\"v1MsoNormal\" style=\"text-align: justify;\">Seg\u00fan indic\u00f3 el Comisario de carabineros de Coyhaique, Mayor Franco Herrera Quezada, siendo aproximadamente las 00:20 horas, por circunstancias que son materia de investigaci\u00f3n, se desat\u00f3 un incendio en el segundo nivel de un inmueble de material ligero en cuyo interior se encontraban dos personas compartiendo.<\/p>\n<p class=\"v1MsoNormal\" style=\"text-align: justify;\">\u00abConcurri\u00f3 personal de Bomberos para prestar los primeros auxilios, evacuar a las dos personas que se encontraban en un estado bastante grave en esos instantes. Fueron trasladados por parte del Samu hasta la asistencia p\u00fablica. Aproximadamente a las 03:00 horas, lamentablemente uno de ellos falleci\u00f3 producto de las heridas tras este siniestro\u00bb, expres\u00f3 el Oficial Jefe.<\/p>\n<p class=\"v1MsoNormal\" style=\"text-align: justify;\">Los antecedentes del procedimiento fueron puestos en conocimiento de la Fiscal\u00eda, siendo encomendados los peritajes a la Secci\u00f3n Criminal\u00edstica institucional que se constituy\u00f3 en el lugar para realizar los peritajes del sitio del suceso.<\/p>\n<p class=\"v1MsoNormal\" style=\"text-align: justify;\">\u00abAl momento no se mantiene la identidad de esta persona, Labocar se encuentra trabajando en esa situaci\u00f3n. La segunda persona que se encontraba en este incendio, permanece en la UCI con una gravedad importante y quemaduras en su cuerpo, tanto en la piel como v\u00edas a\u00e9reas y debemos esperar la evoluci\u00f3n de dicha situaci\u00f3n\u00bb, explic\u00f3 el Mayor Franco Herrera.<\/p>\n<p class=\"v1MsoNormal\" style=\"text-align: justify;\">\u00abLa primera hip\u00f3tesis se\u00f1ala que se habr\u00eda inflamado una estufa, situaci\u00f3n que se deber\u00e1 corroborar con los peritajes\u00bb, a\u00f1adi\u00f3 el Oficial.<\/p>\n<p class=\"v1MsoNormal\" style=\"text-align: justify;\">El Comisario de Coyhaique, reiter\u00f3 una vez m\u00e1s el llamado a la comunidad a efectuar peri\u00f3dicas revisiones y mantenciones de los sistemas de calefacci\u00f3n, los cuales a su vez poseen una determinada vida \u00fatil.<\/p>\n<p style=\"text-align: justify;\">\u00abObviar esta situaci\u00f3n es exponerse a hechos lamentables y que pueden llegar a costar la vida de las personas\u00bb, puntualiz\u00f3.<\/p>\n<\/div><\/section><\/div><div  style='height:50px' class='hr hr-invisible   avia-builder-el-6  el_after_av_one_full  el_before_av_social_share '><span class='hr-inner ' ><span class='hr-inner-style'><\/span><\/span><\/div><\/p>\n<div  class='av-social-sharing-box  avia-builder-el-7  el_after_av_hr  el_before_av_hr  '><div class='av-share-box'><h5 class='av-share-link-description av-no-toc '>Compartir esta noticia<\/h5><ul class='av-share-box-list noLightbox'><li class='av-share-link av-social-link-facebook' ><a target=\"_blank\" aria-label=\"Compartir en Facebook\" href='https:\/\/www.facebook.com\/sharer.php?u=https:\/\/radiorevelacionfm.cl\/?p=18610&#038;t=Labocar%20investiga%20incendio%20en%20Coyhaique%20donde%20result%C3%B3%20una%20persona%20fallecida' aria-hidden='false' data-av_icon='\ue8f3' data-av_iconfont='entypo-fontello' title='' data-avia-related-tooltip='Compartir en Facebook' rel=\"noopener\"><span class='avia_hidden_link_text'>Compartir en Facebook<\/span><\/a><\/li><li class='av-share-link av-social-link-twitter' ><a target=\"_blank\" aria-label=\"Compartir en Twitter\" href='https:\/\/twitter.com\/share?text=Labocar%20investiga%20incendio%20en%20Coyhaique%20donde%20result%C3%B3%20una%20persona%20fallecida&#038;url=https:\/\/radiorevelacionfm.cl\/?p=18610' aria-hidden='false' data-av_icon='\ue8f1' data-av_iconfont='entypo-fontello' title='' data-avia-related-tooltip='Compartir en Twitter' rel=\"noopener\"><span class='avia_hidden_link_text'>Compartir en Twitter<\/span><\/a><\/li><li class='av-share-link av-social-link-whatsapp' ><a target=\"_blank\" aria-label=\"Compartir en Whatsapp\" href='https:\/\/api.whatsapp.com\/send?text=https:\/\/radiorevelacionfm.cl\/?p=18610' aria-hidden='false' data-av_icon='\uf232' data-av_iconfont='entypo-fontello' title='' data-avia-related-tooltip='Compartir en Whatsapp' rel=\"noopener\"><span class='avia_hidden_link_text'>Compartir en Whatsapp<\/span><\/a><\/li><li class='av-share-link av-social-link-linkedin' ><a target=\"_blank\" aria-label=\"Compartir en LinkedIn\" href='https:\/\/linkedin.com\/shareArticle?mini=true&#038;title=Labocar%20investiga%20incendio%20en%20Coyhaique%20donde%20result%C3%B3%20una%20persona%20fallecida&#038;url=https:\/\/radiorevelacionfm.cl\/?p=18610' aria-hidden='false' data-av_icon='\ue8fc' data-av_iconfont='entypo-fontello' title='' data-avia-related-tooltip='Compartir en LinkedIn' rel=\"noopener\"><span class='avia_hidden_link_text'>Compartir en LinkedIn<\/span><\/a><\/li><li class='av-share-link av-social-link-mail' ><a  aria-label=\"Compartir por correo\" href='mailto:?subject=Labocar%20investiga%20incendio%20en%20Coyhaique%20donde%20result%C3%B3%20una%20persona%20fallecida&#038;body=https:\/\/radiorevelacionfm.cl\/?p=18610' aria-hidden='false' data-av_icon='\ue805' data-av_iconfont='entypo-fontello' title='' data-avia-related-tooltip='Compartir por correo'><span class='avia_hidden_link_text'>Compartir por correo<\/span><\/a><\/li><\/ul><\/div><\/div>\n<div  style='height:50px' class='hr hr-invisible   avia-builder-el-8  el_after_av_social_share  el_before_av_comments_list '><span class='hr-inner ' ><span class='hr-inner-style'><\/span><\/span><\/div>\n<div  class='av-buildercomment  av-blog-meta-html-info-disabled av-blog-meta-tag-disabled  '><\/div>\n","protected":false},"excerpt":{"rendered":"","protected":false},"author":1,"featured_media":18611,"comment_status":"open","ping_status":"open","sticky":false,"template":"","format":"standard","meta":{"footnotes":""},"categories":[36],"tags":[],"class_list":["post-18610","post","type-post","status-publish","format-standard","has-post-thumbnail","hentry","category-policial"],"jetpack_featured_media_url":"https:\/\/radiorevelacionfm.cl\/wp-content\/uploads\/2022\/06\/11aaad8e-9ca0-4838-a525-4ca197cf6fa7-1-1.jpg","_links":{"self":[{"href":"https:\/\/radiorevelacionfm.cl\/index.php?rest_route=\/wp\/v2\/posts\/18610","targetHints":{"allow":["GET"]}}],"collection":[{"href":"https:\/\/radiorevelacionfm.cl\/index.php?rest_route=\/wp\/v2\/posts"}],"about":[{"href":"https:\/\/radiorevelacionfm.cl\/index.php?rest_route=\/wp\/v2\/types\/post"}],"author":[{"embeddable":true,"href":"https:\/\/radiorevelacionfm.cl\/index.php?rest_route=\/wp\/v2\/users\/1"}],"replies":[{"embeddable":true,"href":"https:\/\/radiorevelacionfm.cl\/index.php?rest_route=%2Fwp%2Fv2%2Fcomments&post=18610"}],"version-history":[{"count":2,"href":"https:\/\/radiorevelacionfm.cl\/index.php?rest_route=\/wp\/v2\/posts\/18610\/revisions"}],"predecessor-version":[{"id":18613,"href":"https:\/\/radiorevelacionfm.cl\/index.php?rest_route=\/wp\/v2\/posts\/18610\/revisions\/18613"}],"wp:featuredmedia":[{"embeddable":true,"href":"https:\/\/radiorevelacionfm.cl\/index.php?rest_route=\/wp\/v2\/media\/18611"}],"wp:attachment":[{"href":"https:\/\/radiorevelacionfm.cl\/index.php?rest_route=%2Fwp%2Fv2%2Fmedia&parent=18610"}],"wp:term":[{"taxonomy":"category","embeddable":true,"href":"https:\/\/radiorevelacionfm.cl\/index.php?rest_route=%2Fwp%2Fv2%2Fcategories&post=18610"},{"taxonomy":"post_tag","embeddable":true,"href":"https:\/\/radiorevelacionfm.cl\/index.php?rest_route=%2Fwp%2Fv2%2Ftags&post=18610"}],"curies":[{"name":"wp","href":"https:\/\/api.w.org\/{rel}","templated":true}]}}