{"id":18602,"date":"2022-06-29T11:30:02","date_gmt":"2022-06-29T14:30:02","guid":{"rendered":"https:\/\/radiorevelacionfm.cl\/?p=18602"},"modified":"2022-06-29T18:15:07","modified_gmt":"2022-06-29T21:15:07","slug":"tres-lesionados-en-accidente-de-transito-en-camino-a-puerto-ibanez","status":"publish","type":"post","link":"https:\/\/radiorevelacionfm.cl\/?p=18602","title":{"rendered":"Tres lesionados en accidente de tr\u00e1nsito en camino a Puerto Iba\u00f1ez"},"content":{"rendered":"<div class=\"flex_column av_one_full  flex_column_div av-zero-column-padding first  avia-builder-el-0  el_before_av_one_full  avia-builder-el-first  \" style='border-radius:0px; '><div  class='avia-image-container  av-styling-    avia-builder-el-1  avia-builder-el-no-sibling  avia-align-center '  itemprop=\"image\" itemscope=\"itemscope\" itemtype=\"https:\/\/schema.org\/ImageObject\"  ><div class='avia-image-container-inner'><div class='avia-image-overlay-wrap'><img decoding=\"async\" class='wp-image-18603 avia-img-lazy-loading-not-18603 avia_image' src=\"https:\/\/radiorevelacionfm.cl\/wp-content\/uploads\/2022\/06\/accidente-Ibanez-1-1.jpg\" alt='' title='accidente Iba\u00f1ez (1) (1)' height=\"600\" width=\"1067\"  itemprop=\"thumbnailUrl\" srcset=\"https:\/\/radiorevelacionfm.cl\/wp-content\/uploads\/2022\/06\/accidente-Ibanez-1-1.jpg 1067w, https:\/\/radiorevelacionfm.cl\/wp-content\/uploads\/2022\/06\/accidente-Ibanez-1-1-300x169.jpg 300w, https:\/\/radiorevelacionfm.cl\/wp-content\/uploads\/2022\/06\/accidente-Ibanez-1-1-1030x579.jpg 1030w, https:\/\/radiorevelacionfm.cl\/wp-content\/uploads\/2022\/06\/accidente-Ibanez-1-1-768x432.jpg 768w, https:\/\/radiorevelacionfm.cl\/wp-content\/uploads\/2022\/06\/accidente-Ibanez-1-1-705x396.jpg 705w, https:\/\/radiorevelacionfm.cl\/wp-content\/uploads\/2022\/06\/accidente-Ibanez-1-1-600x337.jpg 600w\" sizes=\"(max-width: 1067px) 100vw, 1067px\" \/><\/div><\/div><\/div><\/div><div class=\"flex_column av_one_full  flex_column_div av-zero-column-padding first  avia-builder-el-2  el_after_av_one_full  el_before_av_one_full  column-top-margin\" style='border-radius:0px; '><section class=\"av_textblock_section \"  itemscope=\"itemscope\" itemtype=\"https:\/\/schema.org\/BlogPosting\" itemprop=\"blogPost\" ><div class='avia_textblock  '   itemprop=\"text\" ><p style=\"text-align: center;\"><strong><span style=\"font-size: 18pt;\">Tres lesionados en accidente de tr\u00e1nsito en camino a Puerto Iba\u00f1ez<\/span><\/strong><\/p>\n<div id=\"gtx-trans\" style=\"position: absolute; left: -50px; top: 4.31534px;\">\n<div class=\"gtx-trans-icon\"><\/div>\n<\/div>\n<\/div><\/section><\/div><div class=\"flex_column av_one_full  flex_column_div av-zero-column-padding first  avia-builder-el-4  el_after_av_one_full  el_before_av_hr  column-top-margin\" style='border-radius:0px; '><section class=\"av_textblock_section \"  itemscope=\"itemscope\" itemtype=\"https:\/\/schema.org\/BlogPosting\" itemprop=\"blogPost\" ><div class='avia_textblock  '   itemprop=\"text\" ><p style=\"text-align: justify;\">Un llamado a Carabineros al nivel 133, alert\u00f3 al personal de un accidente durante la tarde-noche de este martes 28 de junio de 2022, pasadas las 19:00 horas en la ruta X-065 camino a Puerto Iba\u00f1ez, y presumiblemente debido a la escarcha en la calzada, dos veh\u00edculos particulares se vieron involucrados en una colisi\u00f3n frontal, uno de los m\u00f3viles transportaba encomiendas y se dirig\u00eda a Chile Chico.<\/p>\n<p style=\"text-align: justify;\">De acuerdo a informaci\u00f3n proporcionada por el Subtte, Alfonso Aguayo Sagredo, Jefe Tenencia de Puerto Ingeniero Ib\u00e1\u00f1ez, todas las unidades de emergencia concurrieron al lugar del accidente, donde tres personas de entre 39 y 68 a\u00f1os resultaron con diversas lesiones.<\/p>\n<p style=\"text-align: justify;\">En el lugar un adulto de sexo masculino, se encontraba atrapado en el veh\u00edculo menor, lo que gracias a la r\u00e1pida acci\u00f3n del personal de Bomberos de Iba\u00f1ez, logr\u00f3 ser rescatado. Los tres accidentados se mantienen fuera de riesgo vital, sin p\u00e9rdida de conciencia y fueron trasladados por el SAMU hasta el Hospital Regional de Coyhaique.<\/p>\n<p style=\"text-align: justify;\">Finalmente el Subtte, Alfonso Aguayo, hizo un llamado a los conductores que transitan por la zona, dada las condiciones clim\u00e1ticas a tomar todos los resguardos, a utilizar el cintur\u00f3n de seguridad, sistema de retenci\u00f3n infantil cuando sea necesario, correcto uso de cadenas u otros para mejor adherencia, mantener una velocidad y\u00a0 distancia adecuada, correcto uso de luces altas y bajas seg\u00fan la situaci\u00f3n lo amerite y m\u00e1xima precauci\u00f3n en todo momento.<\/p>\n<\/div><\/section><\/div><div  style='height:50px' class='hr hr-invisible   avia-builder-el-6  el_after_av_one_full  el_before_av_social_share '><span class='hr-inner ' ><span class='hr-inner-style'><\/span><\/span><\/div><\/p>\n<div  class='av-social-sharing-box  avia-builder-el-7  el_after_av_hr  el_before_av_hr  '><div class='av-share-box'><h5 class='av-share-link-description av-no-toc '>Compartir esta noticia<\/h5><ul class='av-share-box-list noLightbox'><li class='av-share-link av-social-link-facebook' ><a target=\"_blank\" aria-label=\"Compartir en Facebook\" href='https:\/\/www.facebook.com\/sharer.php?u=https:\/\/radiorevelacionfm.cl\/?p=18602&#038;t=Tres%20lesionados%20en%20accidente%20de%20tr%C3%A1nsito%20en%20camino%20a%20Puerto%20Iba%C3%B1ez' aria-hidden='false' data-av_icon='\ue8f3' data-av_iconfont='entypo-fontello' title='' data-avia-related-tooltip='Compartir en Facebook' rel=\"noopener\"><span class='avia_hidden_link_text'>Compartir en Facebook<\/span><\/a><\/li><li class='av-share-link av-social-link-twitter' ><a target=\"_blank\" aria-label=\"Compartir en Twitter\" href='https:\/\/twitter.com\/share?text=Tres%20lesionados%20en%20accidente%20de%20tr%C3%A1nsito%20en%20camino%20a%20Puerto%20Iba%C3%B1ez&#038;url=https:\/\/radiorevelacionfm.cl\/?p=18602' aria-hidden='false' data-av_icon='\ue8f1' data-av_iconfont='entypo-fontello' title='' data-avia-related-tooltip='Compartir en Twitter' rel=\"noopener\"><span class='avia_hidden_link_text'>Compartir en Twitter<\/span><\/a><\/li><li class='av-share-link av-social-link-whatsapp' ><a target=\"_blank\" aria-label=\"Compartir en Whatsapp\" href='https:\/\/api.whatsapp.com\/send?text=https:\/\/radiorevelacionfm.cl\/?p=18602' aria-hidden='false' data-av_icon='\uf232' data-av_iconfont='entypo-fontello' title='' data-avia-related-tooltip='Compartir en Whatsapp' rel=\"noopener\"><span class='avia_hidden_link_text'>Compartir en Whatsapp<\/span><\/a><\/li><li class='av-share-link av-social-link-linkedin' ><a target=\"_blank\" aria-label=\"Compartir en LinkedIn\" href='https:\/\/linkedin.com\/shareArticle?mini=true&#038;title=Tres%20lesionados%20en%20accidente%20de%20tr%C3%A1nsito%20en%20camino%20a%20Puerto%20Iba%C3%B1ez&#038;url=https:\/\/radiorevelacionfm.cl\/?p=18602' aria-hidden='false' data-av_icon='\ue8fc' data-av_iconfont='entypo-fontello' title='' data-avia-related-tooltip='Compartir en LinkedIn' rel=\"noopener\"><span class='avia_hidden_link_text'>Compartir en LinkedIn<\/span><\/a><\/li><li class='av-share-link av-social-link-mail' ><a  aria-label=\"Compartir por correo\" href='mailto:?subject=Tres%20lesionados%20en%20accidente%20de%20tr%C3%A1nsito%20en%20camino%20a%20Puerto%20Iba%C3%B1ez&#038;body=https:\/\/radiorevelacionfm.cl\/?p=18602' aria-hidden='false' data-av_icon='\ue805' data-av_iconfont='entypo-fontello' title='' data-avia-related-tooltip='Compartir por correo'><span class='avia_hidden_link_text'>Compartir por correo<\/span><\/a><\/li><\/ul><\/div><\/div>\n<div  style='height:50px' class='hr hr-invisible   avia-builder-el-8  el_after_av_social_share  el_before_av_comments_list '><span class='hr-inner ' ><span class='hr-inner-style'><\/span><\/span><\/div>\n<div  class='av-buildercomment  av-blog-meta-html-info-disabled av-blog-meta-tag-disabled  '><\/div>\n","protected":false},"excerpt":{"rendered":"","protected":false},"author":1,"featured_media":18603,"comment_status":"open","ping_status":"open","sticky":false,"template":"","format":"standard","meta":{"footnotes":""},"categories":[36],"tags":[],"class_list":["post-18602","post","type-post","status-publish","format-standard","has-post-thumbnail","hentry","category-policial"],"jetpack_featured_media_url":"https:\/\/radiorevelacionfm.cl\/wp-content\/uploads\/2022\/06\/accidente-Ibanez-1-1.jpg","_links":{"self":[{"href":"https:\/\/radiorevelacionfm.cl\/index.php?rest_route=\/wp\/v2\/posts\/18602","targetHints":{"allow":["GET"]}}],"collection":[{"href":"https:\/\/radiorevelacionfm.cl\/index.php?rest_route=\/wp\/v2\/posts"}],"about":[{"href":"https:\/\/radiorevelacionfm.cl\/index.php?rest_route=\/wp\/v2\/types\/post"}],"author":[{"embeddable":true,"href":"https:\/\/radiorevelacionfm.cl\/index.php?rest_route=\/wp\/v2\/users\/1"}],"replies":[{"embeddable":true,"href":"https:\/\/radiorevelacionfm.cl\/index.php?rest_route=%2Fwp%2Fv2%2Fcomments&post=18602"}],"version-history":[{"count":2,"href":"https:\/\/radiorevelacionfm.cl\/index.php?rest_route=\/wp\/v2\/posts\/18602\/revisions"}],"predecessor-version":[{"id":18605,"href":"https:\/\/radiorevelacionfm.cl\/index.php?rest_route=\/wp\/v2\/posts\/18602\/revisions\/18605"}],"wp:featuredmedia":[{"embeddable":true,"href":"https:\/\/radiorevelacionfm.cl\/index.php?rest_route=\/wp\/v2\/media\/18603"}],"wp:attachment":[{"href":"https:\/\/radiorevelacionfm.cl\/index.php?rest_route=%2Fwp%2Fv2%2Fmedia&parent=18602"}],"wp:term":[{"taxonomy":"category","embeddable":true,"href":"https:\/\/radiorevelacionfm.cl\/index.php?rest_route=%2Fwp%2Fv2%2Fcategories&post=18602"},{"taxonomy":"post_tag","embeddable":true,"href":"https:\/\/radiorevelacionfm.cl\/index.php?rest_route=%2Fwp%2Fv2%2Ftags&post=18602"}],"curies":[{"name":"wp","href":"https:\/\/api.w.org\/{rel}","templated":true}]}}