{"id":18598,"date":"2022-06-30T10:39:21","date_gmt":"2022-06-30T13:39:21","guid":{"rendered":"https:\/\/radiorevelacionfm.cl\/?p=18598"},"modified":"2022-06-30T10:39:21","modified_gmt":"2022-06-30T13:39:21","slug":"mop-y-onu-mujeres-firman-convenio-para-promover-el-empleo-femenino-en-la-construccion","status":"publish","type":"post","link":"https:\/\/radiorevelacionfm.cl\/?p=18598","title":{"rendered":"MOP y ONU Mujeres firman convenio para promover el empleo femenino en la construcci\u00f3n"},"content":{"rendered":"<div class=\"flex_column av_one_full  flex_column_div av-zero-column-padding first  avia-builder-el-0  el_before_av_one_full  avia-builder-el-first  \" style='border-radius:0px; '><div  class='avia-image-container  av-styling-    avia-builder-el-1  avia-builder-el-no-sibling  avia-align-center '  itemprop=\"image\" itemscope=\"itemscope\" itemtype=\"https:\/\/schema.org\/ImageObject\"  ><div class='avia-image-container-inner'><div class='avia-image-overlay-wrap'><img decoding=\"async\" class='wp-image-18600 avia-img-lazy-loading-not-18600 avia_image' src=\"https:\/\/radiorevelacionfm.cl\/wp-content\/uploads\/2022\/06\/MOP-ONU-MUJER-CONVENIO-MUJER-EN-LA-CONSTRUCCION-1-1-1.jpg\" alt='' title='MOP-ONU MUJER CONVENIO MUJER EN LA CONSTRUCCI\u00d3N 1 (1) (1)' height=\"600\" width=\"911\"  itemprop=\"thumbnailUrl\" srcset=\"https:\/\/radiorevelacionfm.cl\/wp-content\/uploads\/2022\/06\/MOP-ONU-MUJER-CONVENIO-MUJER-EN-LA-CONSTRUCCION-1-1-1.jpg 911w, https:\/\/radiorevelacionfm.cl\/wp-content\/uploads\/2022\/06\/MOP-ONU-MUJER-CONVENIO-MUJER-EN-LA-CONSTRUCCION-1-1-1-300x198.jpg 300w, https:\/\/radiorevelacionfm.cl\/wp-content\/uploads\/2022\/06\/MOP-ONU-MUJER-CONVENIO-MUJER-EN-LA-CONSTRUCCION-1-1-1-768x506.jpg 768w, https:\/\/radiorevelacionfm.cl\/wp-content\/uploads\/2022\/06\/MOP-ONU-MUJER-CONVENIO-MUJER-EN-LA-CONSTRUCCION-1-1-1-705x464.jpg 705w, https:\/\/radiorevelacionfm.cl\/wp-content\/uploads\/2022\/06\/MOP-ONU-MUJER-CONVENIO-MUJER-EN-LA-CONSTRUCCION-1-1-1-600x395.jpg 600w\" sizes=\"(max-width: 911px) 100vw, 911px\" \/><\/div><\/div><\/div><\/div><div class=\"flex_column av_one_full  flex_column_div av-zero-column-padding first  avia-builder-el-2  el_after_av_one_full  el_before_av_one_full  column-top-margin\" style='border-radius:0px; '><section class=\"av_textblock_section \"  itemscope=\"itemscope\" itemtype=\"https:\/\/schema.org\/BlogPosting\" itemprop=\"blogPost\" ><div class='avia_textblock  '   itemprop=\"text\" ><p style=\"text-align: center;\"><strong><span style=\"font-size: 18pt;\">MOP y ONU Mujeres firman convenio para promover el empleo femenino en la construcci\u00f3n<\/span><\/strong><\/p>\n<div id=\"gtx-trans\" style=\"position: absolute; left: -50px; top: 4.31534px;\">\n<div class=\"gtx-trans-icon\"><\/div>\n<\/div>\n<\/div><\/section><\/div><div class=\"flex_column av_one_full  flex_column_div av-zero-column-padding first  avia-builder-el-4  el_after_av_one_full  el_before_av_hr  column-top-margin\" style='border-radius:0px; '><section class=\"av_textblock_section \"  itemscope=\"itemscope\" itemtype=\"https:\/\/schema.org\/BlogPosting\" itemprop=\"blogPost\" ><div class='avia_textblock  '   itemprop=\"text\" ><p style=\"text-align: justify;\">El Ministro de Obras P\u00fablicas, Juan Carlos Garc\u00eda, y la directora de ONU Mujeres para las Am\u00e9ricas y el Caribe, Mar\u00eda-Noel Vaeza, firmaron un acuerdo de colaboraci\u00f3n mediante el cual el MOP se compromete a que, en los distintos \u00e1mbitos de su quehacer, se impulse la empleabilidad femenina y, adem\u00e1s, apoye a trav\u00e9s de diversos mecanismos a los emprendimientos femeninos en el rubro de la construcci\u00f3n.<\/p>\n<p style=\"text-align: justify;\">El Ministro Garc\u00eda explic\u00f3 que \u201ceste es un acuerdo amplio de colaboraci\u00f3n con ONU Mujeres, centrado principalmente en la generaci\u00f3n de empleo para mujeres dentro del MOP y en las empresas que trabajan con nosotros, y en la prevenci\u00f3n de la violencia de g\u00e9nero, discriminaci\u00f3n y violencia sexual en todo espacio laboral, ya sea en nuestras oficinas, como en terreno donde se llevan a cabo nuestras obras, sean \u00e9stas funcionarias o trabajadoras de empresas contratistas, sin discriminaci\u00f3n\u201d.<\/p>\n<p style=\"text-align: justify;\">El convenio establece tambi\u00e9n otras \u00e1reas de trabajo conjunto como el empoderamiento de las mujeres al interior del ministerio y contar con presupuestos para iniciativas de inversi\u00f3n p\u00fablica con enfoque de g\u00e9nero.<\/p>\n<p style=\"text-align: justify;\">El acuerdo con ONU Mujeres busca ampliar la participaci\u00f3n de mujeres en la construcci\u00f3n pues, seg\u00fan cifras de la OIT, solo el 7% de quienes trabajan en este rubro son mujeres. \u201cDesde el MOP sabemos que es una tarea compleja y donde a\u00fan tenemos mucho que avanzar. Actualmente estamos lejos de la paridad, pues menos del 35% de nuestra dotaci\u00f3n son mujeres. El desaf\u00edo es para todos y juntos debemos avanzar\u201d.<\/p>\n<p style=\"text-align: justify;\">La directora de ONU Mujeres para las Am\u00e9ricas y el Caribe, Mar\u00eda-Noel Vaeza, coment\u00f3 \u201clo que a m\u00ed me gusta son las acciones concretas de generar empleos femeninos en la construcci\u00f3n, de hacer que las mujeres que quieran trabajar puedan tener acceso a capacitaci\u00f3n. En otros pa\u00edses, me han contado que las mujeres que han sido incorporadas a la construcci\u00f3n han sido admirablemente meticulosas, gastan menos material, llegan a la obra en tiempo y forma\u201d.<\/p>\n<p style=\"text-align: justify;\">Por su parte, el Secretario Regional Ministerial de Obras P\u00fablicas en la regi\u00f3n de Ays\u00e9n Patricio Sanhueza Ulloa destac\u00f3 esta iniciativa la que se enmarca dentro de las pol\u00edticas del gobierno del presidente Gabriel Boric, en donde las mujeres tienen un rol fundamental a la hora de poder generar las transformaci\u00f3n que necesitamos para poder avanzar en estrechar brechas en diversos \u00e1mbitos de la sociedad y construir un pa\u00eds feminista, verde y con sentido de buen vecino. A nivel regional nosotros hoy contamos con una encargada de G\u00e9nero Ministerial con quien estamos trabajando conjuntamente con Sernameg en diagnosticar, deconstruir y construir transversalizando el enfoque de g\u00e9nero, capacit\u00e1ndonos todos y todas en el protocolo de Maltrato Laboral y Sexual (MALS) y continuar relacionarnos conjuntamente con respeto entre hombres y mujeres. Hoy, esta es una pol\u00edtica de Estado que ya estamos aplicando en nuestra regi\u00f3n y que vamos a continuar desarrollando, as\u00ed como tambi\u00e9n priorizaremos el empleo femenino, porque as\u00ed como hoy estamos trabajando en este tema con nuestros funcionarios y funcionarias, tambi\u00e9n con este mismo impulso vamos a aplicar este convenio que se ha firmado con ONU Mujeres y poder promover en forma permanente el empleo femenino en la construcci\u00f3n para de esta forma dar un paso m\u00e1s all\u00e1 y avanzar en construir un pa\u00eds m\u00e1s justo, solidario y que reconozca el valor, rol y contribuci\u00f3n de las mujeres al pa\u00eds\u201d.<\/p>\n<\/div><\/section><\/div><div  style='height:50px' class='hr hr-invisible   avia-builder-el-6  el_after_av_one_full  el_before_av_social_share '><span class='hr-inner ' ><span class='hr-inner-style'><\/span><\/span><\/div><\/p>\n<div  class='av-social-sharing-box  avia-builder-el-7  el_after_av_hr  el_before_av_hr  '><div class='av-share-box'><h5 class='av-share-link-description av-no-toc '>Compartir esta noticia<\/h5><ul class='av-share-box-list noLightbox'><li class='av-share-link av-social-link-facebook' ><a target=\"_blank\" aria-label=\"Compartir en Facebook\" href='https:\/\/www.facebook.com\/sharer.php?u=https:\/\/radiorevelacionfm.cl\/?p=18598&#038;t=MOP%20y%20ONU%20Mujeres%20firman%20convenio%20para%20promover%20el%20empleo%20femenino%20en%20la%20construcci%C3%B3n' aria-hidden='false' data-av_icon='\ue8f3' data-av_iconfont='entypo-fontello' title='' data-avia-related-tooltip='Compartir en Facebook' rel=\"noopener\"><span class='avia_hidden_link_text'>Compartir en Facebook<\/span><\/a><\/li><li class='av-share-link av-social-link-twitter' ><a target=\"_blank\" aria-label=\"Compartir en Twitter\" href='https:\/\/twitter.com\/share?text=MOP%20y%20ONU%20Mujeres%20firman%20convenio%20para%20promover%20el%20empleo%20femenino%20en%20la%20construcci%C3%B3n&#038;url=https:\/\/radiorevelacionfm.cl\/?p=18598' aria-hidden='false' data-av_icon='\ue8f1' data-av_iconfont='entypo-fontello' title='' data-avia-related-tooltip='Compartir en Twitter' rel=\"noopener\"><span class='avia_hidden_link_text'>Compartir en Twitter<\/span><\/a><\/li><li class='av-share-link av-social-link-whatsapp' ><a target=\"_blank\" aria-label=\"Compartir en Whatsapp\" href='https:\/\/api.whatsapp.com\/send?text=https:\/\/radiorevelacionfm.cl\/?p=18598' aria-hidden='false' data-av_icon='\uf232' data-av_iconfont='entypo-fontello' title='' data-avia-related-tooltip='Compartir en Whatsapp' rel=\"noopener\"><span class='avia_hidden_link_text'>Compartir en Whatsapp<\/span><\/a><\/li><li class='av-share-link av-social-link-linkedin' ><a target=\"_blank\" aria-label=\"Compartir en LinkedIn\" href='https:\/\/linkedin.com\/shareArticle?mini=true&#038;title=MOP%20y%20ONU%20Mujeres%20firman%20convenio%20para%20promover%20el%20empleo%20femenino%20en%20la%20construcci%C3%B3n&#038;url=https:\/\/radiorevelacionfm.cl\/?p=18598' aria-hidden='false' data-av_icon='\ue8fc' data-av_iconfont='entypo-fontello' title='' data-avia-related-tooltip='Compartir en LinkedIn' rel=\"noopener\"><span class='avia_hidden_link_text'>Compartir en LinkedIn<\/span><\/a><\/li><li class='av-share-link av-social-link-mail' ><a  aria-label=\"Compartir por correo\" href='mailto:?subject=MOP%20y%20ONU%20Mujeres%20firman%20convenio%20para%20promover%20el%20empleo%20femenino%20en%20la%20construcci%C3%B3n&#038;body=https:\/\/radiorevelacionfm.cl\/?p=18598' aria-hidden='false' data-av_icon='\ue805' data-av_iconfont='entypo-fontello' title='' data-avia-related-tooltip='Compartir por correo'><span class='avia_hidden_link_text'>Compartir por correo<\/span><\/a><\/li><\/ul><\/div><\/div>\n<div  style='height:50px' class='hr hr-invisible   avia-builder-el-8  el_after_av_social_share  el_before_av_comments_list '><span class='hr-inner ' ><span class='hr-inner-style'><\/span><\/span><\/div>\n<div  class='av-buildercomment  av-blog-meta-html-info-disabled av-blog-meta-tag-disabled  '><\/div>\n","protected":false},"excerpt":{"rendered":"","protected":false},"author":1,"featured_media":18600,"comment_status":"open","ping_status":"open","sticky":false,"template":"","format":"standard","meta":{"footnotes":""},"categories":[61],"tags":[],"class_list":["post-18598","post","type-post","status-publish","format-standard","has-post-thumbnail","hentry","category-nacional"],"jetpack_featured_media_url":"https:\/\/radiorevelacionfm.cl\/wp-content\/uploads\/2022\/06\/MOP-ONU-MUJER-CONVENIO-MUJER-EN-LA-CONSTRUCCION-1-1-1.jpg","_links":{"self":[{"href":"https:\/\/radiorevelacionfm.cl\/index.php?rest_route=\/wp\/v2\/posts\/18598","targetHints":{"allow":["GET"]}}],"collection":[{"href":"https:\/\/radiorevelacionfm.cl\/index.php?rest_route=\/wp\/v2\/posts"}],"about":[{"href":"https:\/\/radiorevelacionfm.cl\/index.php?rest_route=\/wp\/v2\/types\/post"}],"author":[{"embeddable":true,"href":"https:\/\/radiorevelacionfm.cl\/index.php?rest_route=\/wp\/v2\/users\/1"}],"replies":[{"embeddable":true,"href":"https:\/\/radiorevelacionfm.cl\/index.php?rest_route=%2Fwp%2Fv2%2Fcomments&post=18598"}],"version-history":[{"count":2,"href":"https:\/\/radiorevelacionfm.cl\/index.php?rest_route=\/wp\/v2\/posts\/18598\/revisions"}],"predecessor-version":[{"id":18651,"href":"https:\/\/radiorevelacionfm.cl\/index.php?rest_route=\/wp\/v2\/posts\/18598\/revisions\/18651"}],"wp:featuredmedia":[{"embeddable":true,"href":"https:\/\/radiorevelacionfm.cl\/index.php?rest_route=\/wp\/v2\/media\/18600"}],"wp:attachment":[{"href":"https:\/\/radiorevelacionfm.cl\/index.php?rest_route=%2Fwp%2Fv2%2Fmedia&parent=18598"}],"wp:term":[{"taxonomy":"category","embeddable":true,"href":"https:\/\/radiorevelacionfm.cl\/index.php?rest_route=%2Fwp%2Fv2%2Fcategories&post=18598"},{"taxonomy":"post_tag","embeddable":true,"href":"https:\/\/radiorevelacionfm.cl\/index.php?rest_route=%2Fwp%2Fv2%2Ftags&post=18598"}],"curies":[{"name":"wp","href":"https:\/\/api.w.org\/{rel}","templated":true}]}}