{"id":18594,"date":"2022-06-29T16:38:20","date_gmt":"2022-06-29T19:38:20","guid":{"rendered":"https:\/\/radiorevelacionfm.cl\/?p=18594"},"modified":"2022-06-29T16:38:20","modified_gmt":"2022-06-29T19:38:20","slug":"por-primera-vez-en-aysen-tres-direcciones-del-mop-seran-dirigidas-por-mujeres","status":"publish","type":"post","link":"https:\/\/radiorevelacionfm.cl\/?p=18594","title":{"rendered":"Por primera vez en Ays\u00e9n tres direcciones del MOP ser\u00e1n dirigidas por mujeres"},"content":{"rendered":"<div class=\"flex_column av_one_full  flex_column_div av-zero-column-padding first  avia-builder-el-0  el_before_av_one_full  avia-builder-el-first  \" style='border-radius:0px; '><div  class='avia-image-container  av-styling-    avia-builder-el-1  avia-builder-el-no-sibling  avia-align-center '  itemprop=\"image\" itemscope=\"itemscope\" itemtype=\"https:\/\/schema.org\/ImageObject\"  ><div class='avia-image-container-inner'><div class='avia-image-overlay-wrap'><img decoding=\"async\" class='wp-image-18595 avia-img-lazy-loading-not-18595 avia_image' src=\"https:\/\/radiorevelacionfm.cl\/wp-content\/uploads\/2022\/06\/cinco-oka-1_optimized.jpg\" alt='' title='cinco-oka-(1)_optimized' height=\"600\" width=\"1500\"  itemprop=\"thumbnailUrl\" srcset=\"https:\/\/radiorevelacionfm.cl\/wp-content\/uploads\/2022\/06\/cinco-oka-1_optimized.jpg 1500w, https:\/\/radiorevelacionfm.cl\/wp-content\/uploads\/2022\/06\/cinco-oka-1_optimized-300x120.jpg 300w, https:\/\/radiorevelacionfm.cl\/wp-content\/uploads\/2022\/06\/cinco-oka-1_optimized-1030x412.jpg 1030w, https:\/\/radiorevelacionfm.cl\/wp-content\/uploads\/2022\/06\/cinco-oka-1_optimized-768x307.jpg 768w, https:\/\/radiorevelacionfm.cl\/wp-content\/uploads\/2022\/06\/cinco-oka-1_optimized-705x282.jpg 705w, https:\/\/radiorevelacionfm.cl\/wp-content\/uploads\/2022\/06\/cinco-oka-1_optimized-600x240.jpg 600w\" sizes=\"(max-width: 1500px) 100vw, 1500px\" \/><\/div><\/div><\/div><\/div><div class=\"flex_column av_one_full  flex_column_div av-zero-column-padding first  avia-builder-el-2  el_after_av_one_full  el_before_av_one_full  column-top-margin\" style='border-radius:0px; '><section class=\"av_textblock_section \"  itemscope=\"itemscope\" itemtype=\"https:\/\/schema.org\/BlogPosting\" itemprop=\"blogPost\" ><div class='avia_textblock  '   itemprop=\"text\" ><p style=\"text-align: center;\"><strong><span style=\"font-size: 18pt;\">Por primera vez en Ays\u00e9n tres direcciones del MOP ser\u00e1n dirigidas por mujeres<\/span><\/strong><\/p>\n<div id=\"gtx-trans\" style=\"position: absolute; left: -50px; top: 4.31534px;\">\n<div class=\"gtx-trans-icon\"><\/div>\n<\/div>\n<\/div><\/section><\/div><div class=\"flex_column av_one_full  flex_column_div av-zero-column-padding first  avia-builder-el-4  el_after_av_one_full  el_before_av_hr  column-top-margin\" style='border-radius:0px; '><section class=\"av_textblock_section \"  itemscope=\"itemscope\" itemtype=\"https:\/\/schema.org\/BlogPosting\" itemprop=\"blogPost\" ><div class='avia_textblock  '   itemprop=\"text\" ><p style=\"text-align: justify;\">El Secretario Regional Ministerial de Obras P\u00fablicas, Patricio Sanhueza Ulloa hoy present\u00f3 al Delegado Presidencial Regional Rodrigo Araya Morales a las y los nuevos Directores Regionales del Ministerio de Obras P\u00fablicas, oportunidad en la que las y los nuevos Directivos pudieron poner en relieve diversos aspectos de la Cartera.<\/p>\n<p style=\"text-align: justify;\">\u201cHoy nos hemos reunido con el Delegado Presidencial Regional Rodrigo Araya Morales para presentarle a los y las nuevas Directoras y Directores Regionales del MOP. Ayer hicimos lo propio con nuestros equipos regionales, as\u00ed que estamos muy contentos de haber cumplido con los criterios que el gobierno nos han pedido en materia de paridad de g\u00e9nero,\u00a0 en donde avanzamos mucho y por primera vez en la regi\u00f3n vamos a contar con tres Mujeres que cumplir\u00e1n el cargo de Directoras Regionales lo que nos enorgullece, porque junto con entregar paridad de g\u00e9nero tambi\u00e9n estamos entregando oportunidades, empleo y reconociendo los diversos talentos que tienen las mujeres, as\u00ed que estamos muy conformes con ello. As\u00ed tambi\u00e9n, nos han pedido pertinencia t\u00e9cnica lo que en todos los casos se cumple, encontr\u00e1ndose preparados y preparadas y con las herramientas y capacidades necesarias para asumir los desaf\u00edos que les estamos planteando en el gobierno de nuestro presidente Gabriel Boric; as\u00ed como tambi\u00e9n, hemos tenido presente respetar la carrera funcionaria y de las siete personas que estamos recibiendo hoy, dos provienen del propio Ministerio de Obras P\u00fablicas. Se suma a ello, una diversidad etaria importante, porque estamos conformando un equipo que tiene una media promedio de alrededor de 40 a\u00f1os, as\u00ed que estamos felices de poder contar con este grupo humano y profesional de primera l\u00ednea\u201d, afirm\u00f3 el SEREMI del MOP.<\/p>\n<p style=\"text-align: justify;\">Por su parte, el Delegado Presidencial Regional, Rodrigo Araya Morales, valor\u00f3 el establecimiento de todo el equipo, su compromiso con la agenda de trabajo regional y el cumplimiento del principio de paridad de g\u00e9nero.<br \/>\n\u201cPara nosotros es muy importante este hito, porque con los titulares en cada unidad podremos seguir el paso que ya hemos desarrollado en estos primeros cien d\u00edas, con respecto a los problemas actuales, los que estamos resolviendo y los desaf\u00edos que tenemos a mediano y largo plazo. Tienen claro el compromiso, pero lo m\u00e1s destacable es que iniciamos el concepto de paridad en los equipos directivos de los servicios p\u00fablicos, que es uno de los objetivos de nuestro gobierno y de nuestro Presidente Gabriel Boric\u201d, indic\u00f3.<\/p>\n<p style=\"text-align: justify;\">Patricio Sanhueza agreg\u00f3 que, \u201chemos realizado una primera reuni\u00f3n con las nuevas autoridades regionales del MOP y tambi\u00e9n con los anteriores Directores y Directores Subrogantes quienes han cumplido durante este tiempo una excelente labor, la que agradecemos \u00a0y destacamos por el fuerte compromiso demostrado por cada uno de ellos con el Ministerio de Obras P\u00fablicas, as\u00ed que ha sido una jornada intensa, en la que tambi\u00e9n las y los nuevos Directores Regionales se han reunido con sus nuevos equipos para conocerlos e interiorizarse en detalle respecto al trabajo que realiza cada uno de ellos y ellas dentro de las respectivas Direcciones Regionales, y esta semana, continuaremos realizando rondas de trabajo con todos los equipos para definir futuras acciones con los vecinos y vecinas a quienes queremos escucharlos, escucharlas y poder atender sus requerimientos, como nos ha pedido nuestro presidente Gabriel Boric, en la l\u00ednea de construir infraestructura con una mirada transformadora, feminista, verde y con car\u00e1cter de buen vecino\/a\u201d.<\/p>\n<p style=\"text-align: justify;\"><strong>Se suman al equipo MOP Regi\u00f3n de Ays\u00e9n: <\/strong><\/p>\n<ul>\n<li style=\"text-align: justify;\">Director de Vialidad: Sr. Fernando Miranda Monsalve, Arquitecto<\/li>\n<li style=\"text-align: justify;\">Direcci\u00f3n de Arquitectura: Sra. Paola Az\u00f3car Betancur, Arquitecta<\/li>\n<li style=\"text-align: justify;\">Direcci\u00f3n de Planeamiento: Sra. Ynyeverli D\u00edaz Reyes, Administradora P\u00fablica<\/li>\n<li style=\"text-align: justify;\">Direcci\u00f3n de Aeropuertos: Sra. Anita \u00c1lvarez Lemus, Ingeniera Constructora<\/li>\n<li style=\"text-align: justify;\">Direcci\u00f3n de Aguas: H\u00e9ctor Cort\u00e9s Gaete, Ingeniero Civil en Minas<\/li>\n<li style=\"text-align: justify;\">Director de Obras Hidr\u00e1ulicas: Sr. Francisco Real Bahamonde, Ingeniero Acu\u00edcola e Ingeniero Comercial<\/li>\n<li style=\"text-align: justify;\">Director Obras Portuarias, Sr. \u00c1lvaro D\u00edaz Contreras, Ingeniero Civil<\/li>\n<\/ul>\n<\/div><\/section><\/div><div  style='height:50px' class='hr hr-invisible   avia-builder-el-6  el_after_av_one_full  el_before_av_social_share '><span class='hr-inner ' ><span class='hr-inner-style'><\/span><\/span><\/div><\/p>\n<div  class='av-social-sharing-box  avia-builder-el-7  el_after_av_hr  el_before_av_hr  '><div class='av-share-box'><h5 class='av-share-link-description av-no-toc '>Compartir esta noticia<\/h5><ul class='av-share-box-list noLightbox'><li class='av-share-link av-social-link-facebook' ><a target=\"_blank\" aria-label=\"Compartir en Facebook\" href='https:\/\/www.facebook.com\/sharer.php?u=https:\/\/radiorevelacionfm.cl\/?p=18594&#038;t=Por%20primera%20vez%20en%20Ays%C3%A9n%20tres%20direcciones%20del%20MOP%20ser%C3%A1n%20dirigidas%20por%20mujeres' aria-hidden='false' data-av_icon='\ue8f3' data-av_iconfont='entypo-fontello' title='' data-avia-related-tooltip='Compartir en Facebook' rel=\"noopener\"><span class='avia_hidden_link_text'>Compartir en Facebook<\/span><\/a><\/li><li class='av-share-link av-social-link-twitter' ><a target=\"_blank\" aria-label=\"Compartir en Twitter\" href='https:\/\/twitter.com\/share?text=Por%20primera%20vez%20en%20Ays%C3%A9n%20tres%20direcciones%20del%20MOP%20ser%C3%A1n%20dirigidas%20por%20mujeres&#038;url=https:\/\/radiorevelacionfm.cl\/?p=18594' aria-hidden='false' data-av_icon='\ue8f1' data-av_iconfont='entypo-fontello' title='' data-avia-related-tooltip='Compartir en Twitter' rel=\"noopener\"><span class='avia_hidden_link_text'>Compartir en Twitter<\/span><\/a><\/li><li class='av-share-link av-social-link-whatsapp' ><a target=\"_blank\" aria-label=\"Compartir en Whatsapp\" href='https:\/\/api.whatsapp.com\/send?text=https:\/\/radiorevelacionfm.cl\/?p=18594' aria-hidden='false' data-av_icon='\uf232' data-av_iconfont='entypo-fontello' title='' data-avia-related-tooltip='Compartir en Whatsapp' rel=\"noopener\"><span class='avia_hidden_link_text'>Compartir en Whatsapp<\/span><\/a><\/li><li class='av-share-link av-social-link-linkedin' ><a target=\"_blank\" aria-label=\"Compartir en LinkedIn\" href='https:\/\/linkedin.com\/shareArticle?mini=true&#038;title=Por%20primera%20vez%20en%20Ays%C3%A9n%20tres%20direcciones%20del%20MOP%20ser%C3%A1n%20dirigidas%20por%20mujeres&#038;url=https:\/\/radiorevelacionfm.cl\/?p=18594' aria-hidden='false' data-av_icon='\ue8fc' data-av_iconfont='entypo-fontello' title='' data-avia-related-tooltip='Compartir en LinkedIn' rel=\"noopener\"><span class='avia_hidden_link_text'>Compartir en LinkedIn<\/span><\/a><\/li><li class='av-share-link av-social-link-mail' ><a  aria-label=\"Compartir por correo\" href='mailto:?subject=Por%20primera%20vez%20en%20Ays%C3%A9n%20tres%20direcciones%20del%20MOP%20ser%C3%A1n%20dirigidas%20por%20mujeres&#038;body=https:\/\/radiorevelacionfm.cl\/?p=18594' aria-hidden='false' data-av_icon='\ue805' data-av_iconfont='entypo-fontello' title='' data-avia-related-tooltip='Compartir por correo'><span class='avia_hidden_link_text'>Compartir por correo<\/span><\/a><\/li><\/ul><\/div><\/div>\n<div  style='height:50px' class='hr hr-invisible   avia-builder-el-8  el_after_av_social_share  el_before_av_comments_list '><span class='hr-inner ' ><span class='hr-inner-style'><\/span><\/span><\/div>\n<div  class='av-buildercomment  av-blog-meta-html-info-disabled av-blog-meta-tag-disabled  '><\/div>\n","protected":false},"excerpt":{"rendered":"","protected":false},"author":1,"featured_media":18595,"comment_status":"open","ping_status":"open","sticky":false,"template":"","format":"standard","meta":{"footnotes":""},"categories":[38],"tags":[],"class_list":["post-18594","post","type-post","status-publish","format-standard","has-post-thumbnail","hentry","category-regional"],"jetpack_featured_media_url":"https:\/\/radiorevelacionfm.cl\/wp-content\/uploads\/2022\/06\/cinco-oka-1_optimized.jpg","_links":{"self":[{"href":"https:\/\/radiorevelacionfm.cl\/index.php?rest_route=\/wp\/v2\/posts\/18594","targetHints":{"allow":["GET"]}}],"collection":[{"href":"https:\/\/radiorevelacionfm.cl\/index.php?rest_route=\/wp\/v2\/posts"}],"about":[{"href":"https:\/\/radiorevelacionfm.cl\/index.php?rest_route=\/wp\/v2\/types\/post"}],"author":[{"embeddable":true,"href":"https:\/\/radiorevelacionfm.cl\/index.php?rest_route=\/wp\/v2\/users\/1"}],"replies":[{"embeddable":true,"href":"https:\/\/radiorevelacionfm.cl\/index.php?rest_route=%2Fwp%2Fv2%2Fcomments&post=18594"}],"version-history":[{"count":2,"href":"https:\/\/radiorevelacionfm.cl\/index.php?rest_route=\/wp\/v2\/posts\/18594\/revisions"}],"predecessor-version":[{"id":18597,"href":"https:\/\/radiorevelacionfm.cl\/index.php?rest_route=\/wp\/v2\/posts\/18594\/revisions\/18597"}],"wp:featuredmedia":[{"embeddable":true,"href":"https:\/\/radiorevelacionfm.cl\/index.php?rest_route=\/wp\/v2\/media\/18595"}],"wp:attachment":[{"href":"https:\/\/radiorevelacionfm.cl\/index.php?rest_route=%2Fwp%2Fv2%2Fmedia&parent=18594"}],"wp:term":[{"taxonomy":"category","embeddable":true,"href":"https:\/\/radiorevelacionfm.cl\/index.php?rest_route=%2Fwp%2Fv2%2Fcategories&post=18594"},{"taxonomy":"post_tag","embeddable":true,"href":"https:\/\/radiorevelacionfm.cl\/index.php?rest_route=%2Fwp%2Fv2%2Ftags&post=18594"}],"curies":[{"name":"wp","href":"https:\/\/api.w.org\/{rel}","templated":true}]}}