{"id":1857,"date":"2021-01-16T12:51:26","date_gmt":"2021-01-16T15:51:26","guid":{"rendered":"https:\/\/radiorevelacionfm.cl\/?p=1857"},"modified":"2021-01-16T14:56:58","modified_gmt":"2021-01-16T17:56:58","slug":"aumentan-denuncias-por-ataques-de-perros-a-fauna-silvestre-sag-reitera-el-llamado-a-una-tenencia-responsable-de-mascotas","status":"publish","type":"post","link":"https:\/\/radiorevelacionfm.cl\/?p=1857","title":{"rendered":"Aumentan denuncias por ataques de perros a fauna silvestre: SAG reitera el llamado a una Tenencia Responsable de mascotas"},"content":{"rendered":"<div class=\"flex_column av_one_full  flex_column_div av-zero-column-padding first  avia-builder-el-0  el_before_av_one_full  avia-builder-el-first  \" style='border-radius:0px; '><div  class='avia-image-container  av-styling-    avia-builder-el-1  avia-builder-el-no-sibling  avia-align-center '  itemprop=\"image\" itemscope=\"itemscope\" itemtype=\"https:\/\/schema.org\/ImageObject\"  ><div class='avia-image-container-inner'><div class='avia-image-overlay-wrap'><img decoding=\"async\" class='wp-image-0 avia-img-lazy-loading-not-0 avia_image' src=\"https:\/\/radiorevelacionfm.cl\/wp-content\/uploads\/2021\/01\/DSC01326-2.jpg\" alt='' title=''   itemprop=\"thumbnailUrl\"  \/><\/div><\/div><\/div><\/div><div class=\"flex_column av_one_full  flex_column_div av-zero-column-padding first  avia-builder-el-2  el_after_av_one_full  el_before_av_one_full  column-top-margin\" style='border-radius:0px; '><section class=\"av_textblock_section \"  itemscope=\"itemscope\" itemtype=\"https:\/\/schema.org\/BlogPosting\" itemprop=\"blogPost\" ><div class='avia_textblock  '   itemprop=\"text\" ><p style=\"text-align: center;\"><span style=\"font-size: 18pt;\"><strong>Aumentan denuncias por ataques de perros a fauna silvestre: SAG reitera el llamado a una Tenencia Responsable de mascotas<\/strong><\/span><\/p>\n<div id=\"gtx-trans\" style=\"position: absolute; left: -50px; top: 4.31534px;\">\n<div class=\"gtx-trans-icon\"><\/div>\n<\/div>\n<\/div><\/section><\/div><\/p>\n<div class=\"flex_column av_one_full  flex_column_div av-zero-column-padding first  avia-builder-el-4  el_after_av_one_full  el_before_av_hr  column-top-margin\" style='border-radius:0px; '><section class=\"av_textblock_section \"  itemscope=\"itemscope\" itemtype=\"https:\/\/schema.org\/BlogPosting\" itemprop=\"blogPost\" ><div class='avia_textblock  '   itemprop=\"text\" ><p style=\"text-align: justify;\">Gracias a la colaboraci\u00f3n de vecinos y vecinas del sector \u201cEl Furioso, en Mall\u00edn Grande y sector camino Puerto Ays\u00e9n-Puerto Chacabuco, funcionarios del Servicio Agr\u00edcola y Ganadero (SAG) regi\u00f3n de Ays\u00e9n, lograron atender\u00a0denuncias de fauna silvestre en condici\u00f3n desfavorable, debido al ataque de perros, sin una tenencia responsable de mascotas, est\u00e1 vez afectando a un pud\u00fa y un huemul.<\/p>\n<p style=\"text-align: justify;\">Al respecto, Cristian Lozano, Jefe Oficina Sectorial, Chile Chico SAG, \u201cRecibimos una llamada del sector El Furioso, d\u00f3nde nos indicaron, que una vecina del sector vio un huemul que estaba siendo atacado por cinco perros en esa zona. Se trataba de un ejemplar macho juvenil, que presentaba heridas superficiales, por m\u00faltiples mordeduras de perros, afortunadamente no da\u00f1aron m\u00fasculos, por lo que luego de un estudio cl\u00ednico realizamos aseo quir\u00fargico, curaciones, aplicamos antibi\u00f3ticos, analg\u00e9sicos y vitaminas\u201d.<\/p>\n<p style=\"text-align: justify;\">Por otra parte, Guillermo D\u00edaz, Coordinador Regional de Fauna SAG, se refiri\u00f3 al Pud\u00fa: \u201cLa denuncia fue entregada por una vecina del sector, que, adem\u00e1s, es m\u00e9dico veterinaria, por lo que su pronta ayuda y limpieza de las heridas, evit\u00f3 que se infectar\u00e1n. Hemos tenido en ese sector cada vez m\u00e1s denuncias por ataques de perros a pud\u00fas\u201d.<\/p>\n<p style=\"text-align: justify;\">\u201cEl huemul fue liberado en perfectas condiciones en un lugar seguro y sin presencia de perros, pero lamentablemente el pud\u00fa luego de efectuar la limpieza quir\u00fargica de las heridas y mantenerlo en observaci\u00f3n durante 4 d\u00edas, muri\u00f3 de un infarto al miocardio, resultado entregado por la necropsia correspondiente\u201d, indic\u00f3 D\u00edaz.<\/p>\n<p style=\"text-align: justify;\">Finalmente, Jorge P\u00e9rez, director (s) regional del SAG, hace un llamado a la comunidad e insisti\u00f3 en el especial llamado a la Tenencia Responsable de mascotas y a seguir colaborando para proteger la fauna silvestre, informando lo antes posible en caso de encontrarse con ejemplares en condici\u00f3n desfavorable, llamando al n\u00famero de emergencia de fauna silvestre 67-2-263211, acercarse a cualquier oficina SAG, o al 133 de Carabineros.<\/p>\n<\/div><\/section><\/div>\n<div  style='height:50px' class='hr hr-invisible   avia-builder-el-6  el_after_av_one_full  el_before_av_social_share '><span class='hr-inner ' ><span class='hr-inner-style'><\/span><\/span><\/div>\n<div  class='av-social-sharing-box  avia-builder-el-7  el_after_av_hr  el_before_av_hr  '><div class='av-share-box'><h5 class='av-share-link-description av-no-toc '>Compartir esta noticia<\/h5><ul class='av-share-box-list noLightbox'><li class='av-share-link av-social-link-facebook' ><a target=\"_blank\" aria-label=\"Compartir en Facebook\" href='https:\/\/www.facebook.com\/sharer.php?u=https:\/\/radiorevelacionfm.cl\/?p=1857&#038;t=Aumentan%20denuncias%20por%20ataques%20de%20perros%20a%20fauna%20silvestre%3A%20SAG%20reitera%20el%20llamado%20a%20una%20Tenencia%20Responsable%20de%20mascotas' aria-hidden='false' data-av_icon='\ue8f3' data-av_iconfont='entypo-fontello' title='' data-avia-related-tooltip='Compartir en Facebook' rel=\"noopener\"><span class='avia_hidden_link_text'>Compartir en Facebook<\/span><\/a><\/li><li class='av-share-link av-social-link-twitter' ><a target=\"_blank\" aria-label=\"Compartir en Twitter\" href='https:\/\/twitter.com\/share?text=Aumentan%20denuncias%20por%20ataques%20de%20perros%20a%20fauna%20silvestre%3A%20SAG%20reitera%20el%20llamado%20a%20una%20Tenencia%20Responsable%20de%20mascotas&#038;url=https:\/\/radiorevelacionfm.cl\/?p=1857' aria-hidden='false' data-av_icon='\ue8f1' data-av_iconfont='entypo-fontello' title='' data-avia-related-tooltip='Compartir en Twitter' rel=\"noopener\"><span class='avia_hidden_link_text'>Compartir en Twitter<\/span><\/a><\/li><li class='av-share-link av-social-link-whatsapp' ><a target=\"_blank\" aria-label=\"Compartir en Whatsapp\" href='https:\/\/api.whatsapp.com\/send?text=https:\/\/radiorevelacionfm.cl\/?p=1857' aria-hidden='false' data-av_icon='\uf232' data-av_iconfont='entypo-fontello' title='' data-avia-related-tooltip='Compartir en Whatsapp' rel=\"noopener\"><span class='avia_hidden_link_text'>Compartir en Whatsapp<\/span><\/a><\/li><li class='av-share-link av-social-link-linkedin' ><a target=\"_blank\" aria-label=\"Compartir en LinkedIn\" href='https:\/\/linkedin.com\/shareArticle?mini=true&#038;title=Aumentan%20denuncias%20por%20ataques%20de%20perros%20a%20fauna%20silvestre%3A%20SAG%20reitera%20el%20llamado%20a%20una%20Tenencia%20Responsable%20de%20mascotas&#038;url=https:\/\/radiorevelacionfm.cl\/?p=1857' aria-hidden='false' data-av_icon='\ue8fc' data-av_iconfont='entypo-fontello' title='' data-avia-related-tooltip='Compartir en LinkedIn' rel=\"noopener\"><span class='avia_hidden_link_text'>Compartir en LinkedIn<\/span><\/a><\/li><li class='av-share-link av-social-link-mail' ><a  aria-label=\"Compartir por correo\" href='mailto:?subject=Aumentan%20denuncias%20por%20ataques%20de%20perros%20a%20fauna%20silvestre%3A%20SAG%20reitera%20el%20llamado%20a%20una%20Tenencia%20Responsable%20de%20mascotas&#038;body=https:\/\/radiorevelacionfm.cl\/?p=1857' aria-hidden='false' data-av_icon='\ue805' data-av_iconfont='entypo-fontello' title='' data-avia-related-tooltip='Compartir por correo'><span class='avia_hidden_link_text'>Compartir por correo<\/span><\/a><\/li><\/ul><\/div><\/div>\n<div  style='height:50px' class='hr hr-invisible   avia-builder-el-8  el_after_av_social_share  el_before_av_comments_list '><span class='hr-inner ' ><span class='hr-inner-style'><\/span><\/span><\/div>\n<div  class='av-buildercomment  av-blog-meta-html-info-disabled av-blog-meta-tag-disabled  '><\/div>\n","protected":false},"excerpt":{"rendered":"","protected":false},"author":1,"featured_media":0,"comment_status":"open","ping_status":"open","sticky":false,"template":"","format":"standard","meta":{"footnotes":""},"categories":[58],"tags":[],"class_list":["post-1857","post","type-post","status-publish","format-standard","hentry","category-agricultura"],"jetpack_featured_media_url":"","_links":{"self":[{"href":"https:\/\/radiorevelacionfm.cl\/index.php?rest_route=\/wp\/v2\/posts\/1857","targetHints":{"allow":["GET"]}}],"collection":[{"href":"https:\/\/radiorevelacionfm.cl\/index.php?rest_route=\/wp\/v2\/posts"}],"about":[{"href":"https:\/\/radiorevelacionfm.cl\/index.php?rest_route=\/wp\/v2\/types\/post"}],"author":[{"embeddable":true,"href":"https:\/\/radiorevelacionfm.cl\/index.php?rest_route=\/wp\/v2\/users\/1"}],"replies":[{"embeddable":true,"href":"https:\/\/radiorevelacionfm.cl\/index.php?rest_route=%2Fwp%2Fv2%2Fcomments&post=1857"}],"version-history":[{"count":3,"href":"https:\/\/radiorevelacionfm.cl\/index.php?rest_route=\/wp\/v2\/posts\/1857\/revisions"}],"predecessor-version":[{"id":1863,"href":"https:\/\/radiorevelacionfm.cl\/index.php?rest_route=\/wp\/v2\/posts\/1857\/revisions\/1863"}],"wp:attachment":[{"href":"https:\/\/radiorevelacionfm.cl\/index.php?rest_route=%2Fwp%2Fv2%2Fmedia&parent=1857"}],"wp:term":[{"taxonomy":"category","embeddable":true,"href":"https:\/\/radiorevelacionfm.cl\/index.php?rest_route=%2Fwp%2Fv2%2Fcategories&post=1857"},{"taxonomy":"post_tag","embeddable":true,"href":"https:\/\/radiorevelacionfm.cl\/index.php?rest_route=%2Fwp%2Fv2%2Ftags&post=1857"}],"curies":[{"name":"wp","href":"https:\/\/api.w.org\/{rel}","templated":true}]}}