{"id":18562,"date":"2022-06-28T19:54:56","date_gmt":"2022-06-28T22:54:56","guid":{"rendered":"https:\/\/radiorevelacionfm.cl\/?p=18562"},"modified":"2022-06-28T20:46:21","modified_gmt":"2022-06-28T23:46:21","slug":"dictan-veredicto-condenatorio-contra-autores-del-delito-de-trafico-de-drogas","status":"publish","type":"post","link":"https:\/\/radiorevelacionfm.cl\/?p=18562","title":{"rendered":"Dictan veredicto condenatorio contra banda por el delito de tr\u00e1fico de drogas"},"content":{"rendered":"<div class=\"flex_column av_one_full  flex_column_div av-zero-column-padding first  avia-builder-el-0  el_before_av_one_full  avia-builder-el-first  \" style='border-radius:0px; '><div  class='avia-image-container  av-styling-    avia-builder-el-1  avia-builder-el-no-sibling  avia-align-center '  itemprop=\"image\" itemscope=\"itemscope\" itemtype=\"https:\/\/schema.org\/ImageObject\"  ><div class='avia-image-container-inner'><div class='avia-image-overlay-wrap'><img decoding=\"async\" class='wp-image-17350 avia-img-lazy-loading-not-17350 avia_image' src=\"https:\/\/radiorevelacionfm.cl\/wp-content\/uploads\/2022\/05\/foto-top-1_optimized.jpg\" alt='' title='foto-top--(1)_optimized' height=\"600\" width=\"1790\"  itemprop=\"thumbnailUrl\" srcset=\"https:\/\/radiorevelacionfm.cl\/wp-content\/uploads\/2022\/05\/foto-top-1_optimized.jpg 1790w, https:\/\/radiorevelacionfm.cl\/wp-content\/uploads\/2022\/05\/foto-top-1_optimized-300x101.jpg 300w, https:\/\/radiorevelacionfm.cl\/wp-content\/uploads\/2022\/05\/foto-top-1_optimized-1030x345.jpg 1030w, https:\/\/radiorevelacionfm.cl\/wp-content\/uploads\/2022\/05\/foto-top-1_optimized-768x257.jpg 768w, https:\/\/radiorevelacionfm.cl\/wp-content\/uploads\/2022\/05\/foto-top-1_optimized-1536x515.jpg 1536w, https:\/\/radiorevelacionfm.cl\/wp-content\/uploads\/2022\/05\/foto-top-1_optimized-1500x503.jpg 1500w, https:\/\/radiorevelacionfm.cl\/wp-content\/uploads\/2022\/05\/foto-top-1_optimized-705x236.jpg 705w, https:\/\/radiorevelacionfm.cl\/wp-content\/uploads\/2022\/05\/foto-top-1_optimized-600x201.jpg 600w\" sizes=\"(max-width: 1790px) 100vw, 1790px\" \/><\/div><\/div><\/div><\/div>\n<div class=\"flex_column av_one_full  flex_column_div av-zero-column-padding first  avia-builder-el-2  el_after_av_one_full  el_before_av_one_full  column-top-margin\" style='border-radius:0px; '><section class=\"av_textblock_section \"  itemscope=\"itemscope\" itemtype=\"https:\/\/schema.org\/BlogPosting\" itemprop=\"blogPost\" ><div class='avia_textblock  '   itemprop=\"text\" ><p style=\"text-align: center;\"><strong><span style=\"font-size: 18pt;\">Dictan veredicto condenatorio contra banda por el delito de tr\u00e1fico de drogas<\/span><\/strong><\/p>\n<div id=\"gtx-trans\" style=\"position: absolute; left: -50px; top: 4.31534px;\">\n<div class=\"gtx-trans-icon\"><\/div>\n<\/div>\n<\/div><\/section><\/div><div class=\"flex_column av_one_full  flex_column_div av-zero-column-padding first  avia-builder-el-4  el_after_av_one_full  el_before_av_hr  column-top-margin\" style='border-radius:0px; '><section class=\"av_textblock_section \"  itemscope=\"itemscope\" itemtype=\"https:\/\/schema.org\/BlogPosting\" itemprop=\"blogPost\" ><div class='avia_textblock  '   itemprop=\"text\" ><p class=\"v1MsoNormal\" style=\"text-align: justify;\">El Tribunal de Juicio Oral en lo Penal de Coyhaique dict\u00f3 hoy \u2013martes 28 de junio\u2013 veredicto condenatorio en contra de Alexis Iv\u00e1n Barr\u00eda Villegas, Mar\u00eda Ignacia Olmedo Oyarz\u00fan, Diego Javier Araneda Guenel, Sonia Francisca Barraza Pacheco, Rodrigo Andr\u00e9s Salazar Vargas, Jorge Albert C\u00e1ceres V\u00e1squez y Cristina Johana Carrasco Piffaut en calidad de autores del delito consumado de tr\u00e1fico il\u00edcito de estupefacientes, con la agravante de formar parte de una agrupaci\u00f3n o reuni\u00f3n de delincuentes. Il\u00edcitos perpetrados entre diciembre de 2020 y abril del a\u00f1o pasado, en las comunas de Puerto Montt, Puerto Varas y Coyhaique.<\/p>\n<p class=\"v1MsoNormal\" style=\"text-align: justify;\">En tanto, el tribunal consider\u00f3 a los hermanos Dany Gregory Carrasco Santana y Camilo Andr\u00e9s Carrasco Santana, como autores del delito de tr\u00e1fico de drogas. Il\u00edcito cometido el 16 de abril de 2021, en la comuna de\u00a0La Cisterna.<\/p>\n<p class=\"v1MsoNormal\" style=\"text-align: justify;\">En resoluci\u00f3n un\u00e1nime (causa rol 23-2022), el tribunal \u2013integrado por los magistrados M\u00f3nica Coloma Pulgar (presidenta), Patricio Z\u00fa\u00f1iga Valenzuela y Rosal\u00eda Mansilla Quiroz, (redactora)\u2013 tras la deliberaci\u00f3n de rigor, dio por acreditado tanto la ocurrencia de los delitos como la participaci\u00f3n culpable de los acusados en los hechos.<\/p>\n<p class=\"v1MsoNormal\" style=\"text-align: justify;\">En la causa, el tribunal decret\u00f3 la absoluci\u00f3n, por falta de acreditaci\u00f3n del delito, de Barr\u00eda Villegas, Olmedo Oyarz\u00fan, Araneda Guenel, Barraza Pacheco, Salazar Vargas, C\u00e1ceres V\u00e1squez, Piffaut y Sebasti\u00e1n Alejandro Gonz\u00e1lez Gonz\u00e1lez, de los cargos formulados en su contra por la fiscal\u00eda que los sindicaban como autores del delito de asociaci\u00f3n il\u00edcita para el tr\u00e1fico de drogas. Y de Gonz\u00e1lez Gonz\u00e1lez, por falta de participaci\u00f3n, como autor del delito de tr\u00e1fico il\u00edcito de drogas.<\/p>\n<p class=\"v1MsoNormal\" style=\"text-align: justify;\">El tribunal arrib\u00f3 a la convicci\u00f3n, m\u00e1s all\u00e1 de toda duda razonable que, a lo menos, desde diciembre de 2020 y hasta abril de 2021, los acusados Barr\u00eda Villegas, Olmedo Oyarz\u00fan, Araneda Guenel, Barraza Pacheco, Salazar Vargas, C\u00e1ceres V\u00e1squez y Carrasco Piffaut, procedieron a adquirir, transportar, acopiar, para luego distribuir y comercializar drogas de distinto tipo en las ciudades de Puerto Montt, Puerto Varas y Coyhaique.<\/p>\n<p class=\"v1MsoNormal\" style=\"text-align: justify;\">En tanto, cerca de las 20:10 horas del 16 de abril de 2021, los hermanos Carrasco Santana fueron detenidos en la calle Carlos Biaut de la comuna de La Cisterna, Regi\u00f3n Metropolitana, luego que el primero acord\u00f3 reunirse con un tercero, que result\u00f3 ser un agente revelador debidamente autorizado, para hacer entrega de un bolso con un frasco de vidrio con 600 gramos netos de\u00a0cannabis sativa\u00a0y 317 estampillas con la sustancia 4-BROMO-2,5 o brolanfetamina.<\/p>\n<p class=\"v1MsoNormal\" style=\"text-align: justify;\">La audiencia de comunicaci\u00f3n de la sentencia \u2013que ser\u00e1 redactada por la magistrada Rosal\u00eda Mansilla\u2013 qued\u00f3 programada para las 15 horas del martes 14 de julio pr\u00f3ximo.<\/p>\n<\/div><\/section><\/div><\/p>\n<div  style='height:50px' class='hr hr-invisible   avia-builder-el-6  el_after_av_one_full  el_before_av_social_share '><span class='hr-inner ' ><span class='hr-inner-style'><\/span><\/span><\/div>\n<div  class='av-social-sharing-box  avia-builder-el-7  el_after_av_hr  el_before_av_hr  '><div class='av-share-box'><h5 class='av-share-link-description av-no-toc '>Compartir esta noticia<\/h5><ul class='av-share-box-list noLightbox'><li class='av-share-link av-social-link-facebook' ><a target=\"_blank\" aria-label=\"Compartir en Facebook\" href='https:\/\/www.facebook.com\/sharer.php?u=https:\/\/radiorevelacionfm.cl\/?p=18562&#038;t=Dictan%20veredicto%20condenatorio%20contra%20banda%20por%20el%20delito%20de%20tr%C3%A1fico%20de%20drogas' aria-hidden='false' data-av_icon='\ue8f3' data-av_iconfont='entypo-fontello' title='' data-avia-related-tooltip='Compartir en Facebook' rel=\"noopener\"><span class='avia_hidden_link_text'>Compartir en Facebook<\/span><\/a><\/li><li class='av-share-link av-social-link-twitter' ><a target=\"_blank\" aria-label=\"Compartir en Twitter\" href='https:\/\/twitter.com\/share?text=Dictan%20veredicto%20condenatorio%20contra%20banda%20por%20el%20delito%20de%20tr%C3%A1fico%20de%20drogas&#038;url=https:\/\/radiorevelacionfm.cl\/?p=18562' aria-hidden='false' data-av_icon='\ue8f1' data-av_iconfont='entypo-fontello' title='' data-avia-related-tooltip='Compartir en Twitter' rel=\"noopener\"><span class='avia_hidden_link_text'>Compartir en Twitter<\/span><\/a><\/li><li class='av-share-link av-social-link-whatsapp' ><a target=\"_blank\" aria-label=\"Compartir en Whatsapp\" href='https:\/\/api.whatsapp.com\/send?text=https:\/\/radiorevelacionfm.cl\/?p=18562' aria-hidden='false' data-av_icon='\uf232' data-av_iconfont='entypo-fontello' title='' data-avia-related-tooltip='Compartir en Whatsapp' rel=\"noopener\"><span class='avia_hidden_link_text'>Compartir en Whatsapp<\/span><\/a><\/li><li class='av-share-link av-social-link-linkedin' ><a target=\"_blank\" aria-label=\"Compartir en LinkedIn\" href='https:\/\/linkedin.com\/shareArticle?mini=true&#038;title=Dictan%20veredicto%20condenatorio%20contra%20banda%20por%20el%20delito%20de%20tr%C3%A1fico%20de%20drogas&#038;url=https:\/\/radiorevelacionfm.cl\/?p=18562' aria-hidden='false' data-av_icon='\ue8fc' data-av_iconfont='entypo-fontello' title='' data-avia-related-tooltip='Compartir en LinkedIn' rel=\"noopener\"><span class='avia_hidden_link_text'>Compartir en LinkedIn<\/span><\/a><\/li><li class='av-share-link av-social-link-mail' ><a  aria-label=\"Compartir por correo\" href='mailto:?subject=Dictan%20veredicto%20condenatorio%20contra%20banda%20por%20el%20delito%20de%20tr%C3%A1fico%20de%20drogas&#038;body=https:\/\/radiorevelacionfm.cl\/?p=18562' aria-hidden='false' data-av_icon='\ue805' data-av_iconfont='entypo-fontello' title='' data-avia-related-tooltip='Compartir por correo'><span class='avia_hidden_link_text'>Compartir por correo<\/span><\/a><\/li><\/ul><\/div><\/div>\n<div  style='height:50px' class='hr hr-invisible   avia-builder-el-8  el_after_av_social_share  el_before_av_comments_list '><span class='hr-inner ' ><span class='hr-inner-style'><\/span><\/span><\/div>\n<div  class='av-buildercomment  av-blog-meta-html-info-disabled av-blog-meta-tag-disabled  '><\/div>\n","protected":false},"excerpt":{"rendered":"","protected":false},"author":1,"featured_media":17350,"comment_status":"open","ping_status":"open","sticky":false,"template":"","format":"standard","meta":{"footnotes":""},"categories":[55],"tags":[],"class_list":["post-18562","post","type-post","status-publish","format-standard","has-post-thumbnail","hentry","category-justicia"],"jetpack_featured_media_url":"https:\/\/radiorevelacionfm.cl\/wp-content\/uploads\/2022\/05\/foto-top-1_optimized.jpg","_links":{"self":[{"href":"https:\/\/radiorevelacionfm.cl\/index.php?rest_route=\/wp\/v2\/posts\/18562","targetHints":{"allow":["GET"]}}],"collection":[{"href":"https:\/\/radiorevelacionfm.cl\/index.php?rest_route=\/wp\/v2\/posts"}],"about":[{"href":"https:\/\/radiorevelacionfm.cl\/index.php?rest_route=\/wp\/v2\/types\/post"}],"author":[{"embeddable":true,"href":"https:\/\/radiorevelacionfm.cl\/index.php?rest_route=\/wp\/v2\/users\/1"}],"replies":[{"embeddable":true,"href":"https:\/\/radiorevelacionfm.cl\/index.php?rest_route=%2Fwp%2Fv2%2Fcomments&post=18562"}],"version-history":[{"count":3,"href":"https:\/\/radiorevelacionfm.cl\/index.php?rest_route=\/wp\/v2\/posts\/18562\/revisions"}],"predecessor-version":[{"id":18578,"href":"https:\/\/radiorevelacionfm.cl\/index.php?rest_route=\/wp\/v2\/posts\/18562\/revisions\/18578"}],"wp:featuredmedia":[{"embeddable":true,"href":"https:\/\/radiorevelacionfm.cl\/index.php?rest_route=\/wp\/v2\/media\/17350"}],"wp:attachment":[{"href":"https:\/\/radiorevelacionfm.cl\/index.php?rest_route=%2Fwp%2Fv2%2Fmedia&parent=18562"}],"wp:term":[{"taxonomy":"category","embeddable":true,"href":"https:\/\/radiorevelacionfm.cl\/index.php?rest_route=%2Fwp%2Fv2%2Fcategories&post=18562"},{"taxonomy":"post_tag","embeddable":true,"href":"https:\/\/radiorevelacionfm.cl\/index.php?rest_route=%2Fwp%2Fv2%2Ftags&post=18562"}],"curies":[{"name":"wp","href":"https:\/\/api.w.org\/{rel}","templated":true}]}}