{"id":18559,"date":"2022-06-29T10:25:58","date_gmt":"2022-06-29T13:25:58","guid":{"rendered":"https:\/\/radiorevelacionfm.cl\/?p=18559"},"modified":"2022-06-29T10:25:58","modified_gmt":"2022-06-29T13:25:58","slug":"cft-estatal-de-aysen-recibe-diseno-del-proyecto-de-futura-sede","status":"publish","type":"post","link":"https:\/\/radiorevelacionfm.cl\/?p=18559","title":{"rendered":"CFT estatal de Ays\u00e9n recibe dise\u00f1o del proyecto de futura Sede"},"content":{"rendered":"<div class=\"flex_column av_one_full  flex_column_div av-zero-column-padding first  avia-builder-el-0  el_before_av_one_full  avia-builder-el-first  \" style='border-radius:0px; '><div  class='avia-image-container  av-styling-    avia-builder-el-1  avia-builder-el-no-sibling  avia-align-center '  itemprop=\"image\" itemscope=\"itemscope\" itemtype=\"https:\/\/schema.org\/ImageObject\"  ><div class='avia-image-container-inner'><div class='avia-image-overlay-wrap'><img decoding=\"async\" class='wp-image-18560 avia-img-lazy-loading-not-18560 avia_image' src=\"https:\/\/radiorevelacionfm.cl\/wp-content\/uploads\/2022\/06\/20220624_203910-1-1.jpg\" alt='' title='20220624_203910 (1) (1)' height=\"600\" width=\"1088\"  itemprop=\"thumbnailUrl\" srcset=\"https:\/\/radiorevelacionfm.cl\/wp-content\/uploads\/2022\/06\/20220624_203910-1-1.jpg 1088w, https:\/\/radiorevelacionfm.cl\/wp-content\/uploads\/2022\/06\/20220624_203910-1-1-300x165.jpg 300w, https:\/\/radiorevelacionfm.cl\/wp-content\/uploads\/2022\/06\/20220624_203910-1-1-1030x568.jpg 1030w, https:\/\/radiorevelacionfm.cl\/wp-content\/uploads\/2022\/06\/20220624_203910-1-1-768x424.jpg 768w, https:\/\/radiorevelacionfm.cl\/wp-content\/uploads\/2022\/06\/20220624_203910-1-1-705x389.jpg 705w, https:\/\/radiorevelacionfm.cl\/wp-content\/uploads\/2022\/06\/20220624_203910-1-1-600x331.jpg 600w\" sizes=\"(max-width: 1088px) 100vw, 1088px\" \/><\/div><\/div><\/div><\/div>\n<div class=\"flex_column av_one_full  flex_column_div av-zero-column-padding first  avia-builder-el-2  el_after_av_one_full  el_before_av_one_full  column-top-margin\" style='border-radius:0px; '><section class=\"av_textblock_section \"  itemscope=\"itemscope\" itemtype=\"https:\/\/schema.org\/BlogPosting\" itemprop=\"blogPost\" ><div class='avia_textblock  '   itemprop=\"text\" ><p style=\"text-align: center;\"><strong><span style=\"font-size: 18pt;\">CFT estatal de Ays\u00e9n recibe dise\u00f1o del proyecto de futura Sede<\/span><\/strong><\/p>\n<div id=\"gtx-trans\" style=\"position: absolute; left: -50px; top: 4.31534px;\">\n<div class=\"gtx-trans-icon\"><\/div>\n<\/div>\n<\/div><\/section><\/div><div class=\"flex_column av_one_full  flex_column_div av-zero-column-padding first  avia-builder-el-4  el_after_av_one_full  el_before_av_hr  column-top-margin\" style='border-radius:0px; '><section class=\"av_textblock_section \"  itemscope=\"itemscope\" itemtype=\"https:\/\/schema.org\/BlogPosting\" itemprop=\"blogPost\" ><div class='avia_textblock  '   itemprop=\"text\" ><p style=\"text-align: justify;\">Durante la noche del pasado viernes en dependencias del Liceo Polit\u00e9cnico de Puerto Ays\u00e9n, lugar en donde se realizan las clases del CFT de Ays\u00e9n, se realiz\u00f3 una sencilla pero significativa ceremonia, ocasi\u00f3n en que la Universidad Tutora, Universidad de Los Lagos, fue la encargada de dise\u00f1ar el proyecto de infraestructura donde funcionar\u00e1n en un futuro las instalaciones del Centro de Formaci\u00f3n T\u00e9cnica Estatal de Ays\u00e9n.<\/p>\n<p style=\"text-align: justify;\">En dicha actividad Rodrigo Lagos\u00a0 Vargas , representante de la Universidad Tutora se\u00f1al\u00f3 del trabajo realizado \u201ces un hito muy importante porque representa en alg\u00fan modo el paso del bast\u00f3n hac\u00eda el CFT, lo que es el desarrollo del proyecto de esta nueva instituci\u00f3n educativa para la regi\u00f3n de Ays\u00e9n, instalada en Puerto Ays\u00e9n. Hoy estamos en esta actividad dando entrega todo el trabajo que la Universidad de Los Lagos desarroll\u00f3 apoyado adem\u00e1s por el Ministerio de Educaci\u00f3n lo que va a hacer la nueva infraestructura del CFT y esperamos que esta concreci\u00f3n se realice lo antes posible\u201d.<\/p>\n<p style=\"text-align: justify;\">En tanto \u00a0Juan Ram\u00f3n Cabezas\u00a0 representante de la Divisi\u00f3n\u00a0 educaci\u00f3n superior T\u00e9cnico Profesional del Ministerio de Educaci\u00f3n comentaba del rol que cumpli\u00f3 el ministerio en esta materia \u201cde manera previa a la llegada de los Rectores, el MINEDUC suscribi\u00f3 un convenio con la Universidad de Los Lagos en materia de infraestructura en que hoy se hizo la entrega al Rector de un proyecto del edificio de aproximadamente 1.200 metros cuadrados de los cuales ya se encuentran financiados, esperamos que podamos concretar en el corto plazo esto que es muy esperado por todos los habitantes de Ays\u00e9n\u201d.<\/p>\n<p style=\"text-align: justify;\">Margit Veloso Presidenta de CORPAYSEN y miembro del Directorio del CFT valor\u00f3 este nuevo Hito para la educaci\u00f3n de Ays\u00e9n \u201cesto fue un anhelo que se present\u00f3 en el Movimiento Social <strong><em>Tu Problema Es Mi Problema, <\/em><\/strong>la comunidad lo ha recibido de muy buena forma, hoy vemos con satisfacci\u00f3n que se ha ido cumpliendo los hitos uno a uno\u201d.<\/p>\n<p style=\"text-align: justify;\">Finalmente el Rector del CFT Estatal de Ays\u00e9n, Sr. V\u00edctor Hugo \u00c1lvarez entregaba sus impresiones acerca de este acto \u201ces un hito hist\u00f3rico para nuestro Centro de Formaci\u00f3n T\u00e9cnica, hoy la Universidad de Los Lagos nos entrega el dise\u00f1o de nuestra futura\u00a0 infraestructura, no debemos olvidar que\u00a0 la\u00a0 instalaci\u00f3n del\u00a0 Centro de Formaci\u00f3n T\u00e9cnica es un proceso en la cual la primera etapa\u00a0 que conlleva\u00a0 el funcionamiento de\u00a0 dos carreras t\u00e9cnicas,\u00a0 est\u00e1 realizado y con mucho \u00e9xito, nos quedan las carreras m\u00e1s duras\u00a0 que traen consigo talleres los cuales se van a ver materializados con la construcci\u00f3n de nuestra infraestructura , es por este motivo que la entrega de este dise\u00f1o\u00a0 es muy importante para nosotros.<\/p>\n<\/div><\/section><\/div><\/p>\n<div  style='height:50px' class='hr hr-invisible   avia-builder-el-6  el_after_av_one_full  el_before_av_social_share '><span class='hr-inner ' ><span class='hr-inner-style'><\/span><\/span><\/div>\n<div  class='av-social-sharing-box  avia-builder-el-7  el_after_av_hr  el_before_av_hr  '><div class='av-share-box'><h5 class='av-share-link-description av-no-toc '>Compartir esta noticia<\/h5><ul class='av-share-box-list noLightbox'><li class='av-share-link av-social-link-facebook' ><a target=\"_blank\" aria-label=\"Compartir en Facebook\" href='https:\/\/www.facebook.com\/sharer.php?u=https:\/\/radiorevelacionfm.cl\/?p=18559&#038;t=CFT%20estatal%20de%20Ays%C3%A9n%20recibe%20dise%C3%B1o%20del%20proyecto%20de%20futura%20Sede' aria-hidden='false' data-av_icon='\ue8f3' data-av_iconfont='entypo-fontello' title='' data-avia-related-tooltip='Compartir en Facebook' rel=\"noopener\"><span class='avia_hidden_link_text'>Compartir en Facebook<\/span><\/a><\/li><li class='av-share-link av-social-link-twitter' ><a target=\"_blank\" aria-label=\"Compartir en Twitter\" href='https:\/\/twitter.com\/share?text=CFT%20estatal%20de%20Ays%C3%A9n%20recibe%20dise%C3%B1o%20del%20proyecto%20de%20futura%20Sede&#038;url=https:\/\/radiorevelacionfm.cl\/?p=18559' aria-hidden='false' data-av_icon='\ue8f1' data-av_iconfont='entypo-fontello' title='' data-avia-related-tooltip='Compartir en Twitter' rel=\"noopener\"><span class='avia_hidden_link_text'>Compartir en Twitter<\/span><\/a><\/li><li class='av-share-link av-social-link-whatsapp' ><a target=\"_blank\" aria-label=\"Compartir en Whatsapp\" href='https:\/\/api.whatsapp.com\/send?text=https:\/\/radiorevelacionfm.cl\/?p=18559' aria-hidden='false' data-av_icon='\uf232' data-av_iconfont='entypo-fontello' title='' data-avia-related-tooltip='Compartir en Whatsapp' rel=\"noopener\"><span class='avia_hidden_link_text'>Compartir en Whatsapp<\/span><\/a><\/li><li class='av-share-link av-social-link-linkedin' ><a target=\"_blank\" aria-label=\"Compartir en LinkedIn\" href='https:\/\/linkedin.com\/shareArticle?mini=true&#038;title=CFT%20estatal%20de%20Ays%C3%A9n%20recibe%20dise%C3%B1o%20del%20proyecto%20de%20futura%20Sede&#038;url=https:\/\/radiorevelacionfm.cl\/?p=18559' aria-hidden='false' data-av_icon='\ue8fc' data-av_iconfont='entypo-fontello' title='' data-avia-related-tooltip='Compartir en LinkedIn' rel=\"noopener\"><span class='avia_hidden_link_text'>Compartir en LinkedIn<\/span><\/a><\/li><li class='av-share-link av-social-link-mail' ><a  aria-label=\"Compartir por correo\" href='mailto:?subject=CFT%20estatal%20de%20Ays%C3%A9n%20recibe%20dise%C3%B1o%20del%20proyecto%20de%20futura%20Sede&#038;body=https:\/\/radiorevelacionfm.cl\/?p=18559' aria-hidden='false' data-av_icon='\ue805' data-av_iconfont='entypo-fontello' title='' data-avia-related-tooltip='Compartir por correo'><span class='avia_hidden_link_text'>Compartir por correo<\/span><\/a><\/li><\/ul><\/div><\/div>\n<div  style='height:50px' class='hr hr-invisible   avia-builder-el-8  el_after_av_social_share  el_before_av_comments_list '><span class='hr-inner ' ><span class='hr-inner-style'><\/span><\/span><\/div>\n<div  class='av-buildercomment  av-blog-meta-html-info-disabled av-blog-meta-tag-disabled  '><\/div>\n","protected":false},"excerpt":{"rendered":"","protected":false},"author":1,"featured_media":18560,"comment_status":"open","ping_status":"open","sticky":false,"template":"","format":"standard","meta":{"footnotes":""},"categories":[49],"tags":[],"class_list":["post-18559","post","type-post","status-publish","format-standard","has-post-thumbnail","hentry","category-educacion"],"jetpack_featured_media_url":"https:\/\/radiorevelacionfm.cl\/wp-content\/uploads\/2022\/06\/20220624_203910-1-1.jpg","_links":{"self":[{"href":"https:\/\/radiorevelacionfm.cl\/index.php?rest_route=\/wp\/v2\/posts\/18559","targetHints":{"allow":["GET"]}}],"collection":[{"href":"https:\/\/radiorevelacionfm.cl\/index.php?rest_route=\/wp\/v2\/posts"}],"about":[{"href":"https:\/\/radiorevelacionfm.cl\/index.php?rest_route=\/wp\/v2\/types\/post"}],"author":[{"embeddable":true,"href":"https:\/\/radiorevelacionfm.cl\/index.php?rest_route=\/wp\/v2\/users\/1"}],"replies":[{"embeddable":true,"href":"https:\/\/radiorevelacionfm.cl\/index.php?rest_route=%2Fwp%2Fv2%2Fcomments&post=18559"}],"version-history":[{"count":3,"href":"https:\/\/radiorevelacionfm.cl\/index.php?rest_route=\/wp\/v2\/posts\/18559\/revisions"}],"predecessor-version":[{"id":18582,"href":"https:\/\/radiorevelacionfm.cl\/index.php?rest_route=\/wp\/v2\/posts\/18559\/revisions\/18582"}],"wp:featuredmedia":[{"embeddable":true,"href":"https:\/\/radiorevelacionfm.cl\/index.php?rest_route=\/wp\/v2\/media\/18560"}],"wp:attachment":[{"href":"https:\/\/radiorevelacionfm.cl\/index.php?rest_route=%2Fwp%2Fv2%2Fmedia&parent=18559"}],"wp:term":[{"taxonomy":"category","embeddable":true,"href":"https:\/\/radiorevelacionfm.cl\/index.php?rest_route=%2Fwp%2Fv2%2Fcategories&post=18559"},{"taxonomy":"post_tag","embeddable":true,"href":"https:\/\/radiorevelacionfm.cl\/index.php?rest_route=%2Fwp%2Fv2%2Ftags&post=18559"}],"curies":[{"name":"wp","href":"https:\/\/api.w.org\/{rel}","templated":true}]}}