{"id":18556,"date":"2022-06-29T10:17:32","date_gmt":"2022-06-29T13:17:32","guid":{"rendered":"https:\/\/radiorevelacionfm.cl\/?p=18556"},"modified":"2022-06-29T10:17:32","modified_gmt":"2022-06-29T13:17:32","slug":"jovenes-dialogan-sobre-ansiedad-en-activacion-regional-organizada-por-injuv","status":"publish","type":"post","link":"https:\/\/radiorevelacionfm.cl\/?p=18556","title":{"rendered":"J\u00f3venes dialogan sobre ansiedad en activaci\u00f3n regional organizada por INJUV"},"content":{"rendered":"<div class=\"flex_column av_one_full  flex_column_div av-zero-column-padding first  avia-builder-el-0  el_before_av_one_full  avia-builder-el-first  \" style='border-radius:0px; '><div  class='avia-image-container  av-styling-    avia-builder-el-1  avia-builder-el-no-sibling  avia-align-center '  itemprop=\"image\" itemscope=\"itemscope\" itemtype=\"https:\/\/schema.org\/ImageObject\"  ><div class='avia-image-container-inner'><div class='avia-image-overlay-wrap'><img decoding=\"async\" class='wp-image-18557 avia-img-lazy-loading-not-18557 avia_image' src=\"https:\/\/radiorevelacionfm.cl\/wp-content\/uploads\/2022\/06\/foto-1-18-1_optimized.jpg\" alt='' title='foto-1-(18)-(1)_optimized' height=\"600\" width=\"905\"  itemprop=\"thumbnailUrl\" srcset=\"https:\/\/radiorevelacionfm.cl\/wp-content\/uploads\/2022\/06\/foto-1-18-1_optimized.jpg 905w, https:\/\/radiorevelacionfm.cl\/wp-content\/uploads\/2022\/06\/foto-1-18-1_optimized-300x199.jpg 300w, https:\/\/radiorevelacionfm.cl\/wp-content\/uploads\/2022\/06\/foto-1-18-1_optimized-768x509.jpg 768w, https:\/\/radiorevelacionfm.cl\/wp-content\/uploads\/2022\/06\/foto-1-18-1_optimized-705x467.jpg 705w, https:\/\/radiorevelacionfm.cl\/wp-content\/uploads\/2022\/06\/foto-1-18-1_optimized-600x398.jpg 600w\" sizes=\"(max-width: 905px) 100vw, 905px\" \/><\/div><\/div><\/div><\/div><div class=\"flex_column av_one_full  flex_column_div av-zero-column-padding first  avia-builder-el-2  el_after_av_one_full  el_before_av_one_full  column-top-margin\" style='border-radius:0px; '><section class=\"av_textblock_section \"  itemscope=\"itemscope\" itemtype=\"https:\/\/schema.org\/BlogPosting\" itemprop=\"blogPost\" ><div class='avia_textblock  '   itemprop=\"text\" ><p class=\"CuerpoA\" style=\"margin-top: 0cm; text-align: center;\" align=\"center\"><span class=\"Ninguno\" style=\"font-family: georgia, palatino, serif; font-size: 18pt;\"><b><span lang=\"ES-TRAD\">J\u00f3venes dialogan sobre ansiedad en activaci\u00f3n regional organizada por INJUV <\/span><\/b><\/span><\/p>\n<div id=\"gtx-trans\" style=\"position: absolute; left: -50px; top: 4.31534px;\">\n<div class=\"gtx-trans-icon\"><\/div>\n<\/div>\n<\/div><\/section><\/div><div class=\"flex_column av_one_full  flex_column_div av-zero-column-padding first  avia-builder-el-4  el_after_av_one_full  el_before_av_hr  column-top-margin\" style='border-radius:0px; '><section class=\"av_textblock_section \"  itemscope=\"itemscope\" itemtype=\"https:\/\/schema.org\/BlogPosting\" itemprop=\"blogPost\" ><div class='avia_textblock  '   itemprop=\"text\" ><p style=\"text-align: justify;\">Con el objetivo de desestigmatizar el concepto de ansiedad y entregar a las y los j\u00f3venes participantes herramientas para afrontar y prevenir la ansiedad, el Instituto Nacional de la Juventud de la regi\u00f3n llev\u00f3 a cabo un encuentro juvenil en la biblioteca del Liceo San Felipe Benicio, que cont\u00f3 con la participaci\u00f3n de una psic\u00f3loga experta en el tema y donde tambi\u00e9n particip\u00f3 en representaci\u00f3n de la Seremi de Salud, la jefa de Departamento de Salud P\u00fablica, Paola Pe\u00f1a.<\/p>\n<p style=\"text-align: justify;\">En la oportunidad tambi\u00e9n se inform\u00f3 a las y los presentes sobre el programa de INJUV Hablemos de Todo, iniciativa que ofrece herramientas confiables de autocuidado y bienestar para brindar asistencia, contenci\u00f3n y orientaciones libres de estigmatizaci\u00f3n sobre tem\u00e1ticas asociadas a las conductas de autocuidado, iniciativas p\u00fablicas disponibles, marcos normativos vigentes y derechos.<\/p>\n<p style=\"text-align: justify;\">\u201cEl Instituto Nacional de la Juventud se encontr\u00f3 con los j\u00f3venes en el Liceo San Felipe Benicio, dando el punta pie inicial a la difusi\u00f3n de una plataforma de comunicaci\u00f3n y di\u00e1logo con psic\u00f3logos y psic\u00f3logas que van a estar de forma constante y permanente atendiendo a j\u00f3venes de todos el pa\u00eds. Este proceso de pandemia que hemos vivido en estos \u00faltimos dos a\u00f1os, nuestra salud mental, nuestro espacio, el susto a la pandemia, los nuevos cambios, \u00a0nos cambiaron tambi\u00e9n nuestro sistema individual y para ello se requiere contar con personal especializado, con psic\u00f3logos que puedan dar respuesta en su forma, con tranquilidad, en sus tiempos, en las plataformas que est\u00e1n acostumbrados a utilizar las y los j\u00f3venes, con total y absoluta reserva, siendo s\u00faper honestos con lo que les acontece y poder recibir adem\u00e1s la asesor\u00eda de estos profesionales. La ansiedad es un tema que lleg\u00f3 para quedarse y como sociedad debemos verlo, debemos cuidarnos y proteger sobre todo nuestra salud mental. Este es un espacio gratuito para que la juventud regional pueda hacer sus consultas en materia de salud mental\u201d, explic\u00f3 la Seremi de Desarrollo Social y Familia, Karina Acevedo Auad.<\/p>\n<p style=\"text-align: justify;\">\u201cEstamos conscientes de que hoy m\u00e1s que nunca debemos trabajar por mejorar la salud mental los nuestros j\u00f3venes, quienes se han visto muy afectados por la pandemia. Muchos de ellos est\u00e1n atravesando por un momento de vulnerabilidad y queremos ayudarlos, estableciendo canales de informaci\u00f3n que se adapten a su lenguaje, gui\u00e1ndolos para que adopten h\u00e1bitos de autocuidado e incentiv\u00e1ndolos a que los promuevan entre sus pares. Es por ello que estamos realizando este tipo de actividades y que seguiremos realizando en distintos establecimientos educacionales de nuestra regi\u00f3n\u201d, sostuvo la directora regional (s), G\u00e9nesis Arias Fuentes.<\/p>\n<p style=\"text-align: justify;\">En la misma l\u00ednea indic\u00f3 que \u201cinvitamos a toda la comunidad juvenil regional a informarse y conocer las distintas actividades que est\u00e1 realizando el servicio enfocadas en la salud mental, ah\u00ed podr\u00e1n encontrar orientaci\u00f3n, apoyo y contenci\u00f3n\u201d, concluy\u00f3 la directora regional (s).<\/p>\n<p style=\"text-align: justify;\">En tanto la jefa del Departamento de\u00a0 Salud P\u00fablica de la Seremi de Salud Ays\u00e9n, Paola Pe\u00f1a, explic\u00f3 que \u00a0\u201ca lo largo de lo que hemos visto en el pa\u00eds, post pandemia esto se ha relevado mucho m\u00e1s, la salud mental para los j\u00f3venes, todo este tema de retomar la presencialidad, reencontrarse con sus compa\u00f1eros, despu\u00e9s de varios a\u00f1os en las casas en modalidad online\u00a0 ha sido la verdad que un cambio tremendo, tal vez no estaban del todo preparados para esta vuelta y este tipo de talleres entregan herramientas para que ellos de alguna u otra manera manifiesten su pensamiento, que es lo que en el fondo quieren y como quieren proyectar sus cosas a futuro\u201d.<\/p>\n<p style=\"text-align: justify;\">Por su parte Valentina Fuentealba, joven estudiante, agradeci\u00f3 la instancia y se\u00f1al\u00f3 que \u201cme parece muy bien este tipo de iniciativas porque es algo que tenemos la mayor\u00eda de los j\u00f3venes, la cifra es muy alta, se debe dar a conocer esto para aprender y saber manejarlo, me gustar\u00eda mucho que INJUV siga realizando este tipo de iniciativas en mi colegio, para que todos tengan la oportunidad de aprender y tambi\u00e9n que se realicen en otros establecimientos educacionales de la regi\u00f3n\u201d.<\/p>\n<p style=\"text-align: justify;\">Pablo Obanos, joven participante afirm\u00f3 que \u201ces un encuentro muy bueno, estoy aprendiendo bastante de c\u00f3mo cuidar al resto y c\u00f3mo cuidarme yo, siento que genera conciencia en aquellos que no sab\u00edan, esta informaci\u00f3n la traspasamos a nuestro curso para que todos aprendan, encuentro que es una s\u00faper buena experiencia, ojal\u00e1 que INJUV siga realizando este tipo de actividades, incluso con m\u00e1s frecuencia porque siento que este tipo de encuentros faltan\u201d.<\/p>\n<p style=\"text-align: justify;\">INJUV tiene un sitio web donde las y los j\u00f3venes pueden acceder de forma gratuita a atenci\u00f3n psicol\u00f3gica, esto se realiza a trav\u00e9s de un chat que es atendido por profesionales del \u00e1rea, la plataforma aborda diferentes tem\u00e1ticas que aquejan a las y los j\u00f3venes como VIH e ITS, embarazo adolescente, ciberacoso, ansiedad, depresi\u00f3n, ETS, VIH y m\u00e1s. \u00bfLa clave? Hablar de todo eso sin prejuicios ni tab\u00faes. Los profesionales atienden las consultas y se encuentran operativos de lunes a viernes entre las 11:00 AM y 20:00 PM.<\/p>\n<p style=\"text-align: justify;\">Las y los j\u00f3venes interesados en obtener informaci\u00f3n referente a los diversos temas mencionados anteriormente pueden acceder a trav\u00e9s del siguiente link: <a href=\"http:\/\/hablemosdetodo.injuv.gob.cl\">http:\/\/hablemosdetodo.injuv.gob.cl<\/a>, escribirnos a nuestras redes sociales,\u00a0 Fan Page, Instagram y Twitter @injuvaysen\u00a0o visitarnos presencialmente en la Direcci\u00f3n Regional de INJUV Ays\u00e9n, ubicada en Manuel Rodr\u00edguez #239, Coyhaique, de lunes a viernes durante las ma\u00f1anas de 08:00 a 13:00 horas y en la tardes de 14:00 a 17:00 horas, viernes hasta las 16:00 horas.<\/p>\n<\/div><\/section><\/div><div  style='height:50px' class='hr hr-invisible   avia-builder-el-6  el_after_av_one_full  el_before_av_social_share '><span class='hr-inner ' ><span class='hr-inner-style'><\/span><\/span><\/div><\/p>\n<div  class='av-social-sharing-box  avia-builder-el-7  el_after_av_hr  el_before_av_hr  '><div class='av-share-box'><h5 class='av-share-link-description av-no-toc '>Compartir esta noticia<\/h5><ul class='av-share-box-list noLightbox'><li class='av-share-link av-social-link-facebook' ><a target=\"_blank\" aria-label=\"Compartir en Facebook\" href='https:\/\/www.facebook.com\/sharer.php?u=https:\/\/radiorevelacionfm.cl\/?p=18556&#038;t=J%C3%B3venes%20dialogan%20sobre%20ansiedad%20en%20activaci%C3%B3n%20regional%20organizada%20por%20INJUV' aria-hidden='false' data-av_icon='\ue8f3' data-av_iconfont='entypo-fontello' title='' data-avia-related-tooltip='Compartir en Facebook' rel=\"noopener\"><span class='avia_hidden_link_text'>Compartir en Facebook<\/span><\/a><\/li><li class='av-share-link av-social-link-twitter' ><a target=\"_blank\" aria-label=\"Compartir en Twitter\" href='https:\/\/twitter.com\/share?text=J%C3%B3venes%20dialogan%20sobre%20ansiedad%20en%20activaci%C3%B3n%20regional%20organizada%20por%20INJUV&#038;url=https:\/\/radiorevelacionfm.cl\/?p=18556' aria-hidden='false' data-av_icon='\ue8f1' data-av_iconfont='entypo-fontello' title='' data-avia-related-tooltip='Compartir en Twitter' rel=\"noopener\"><span class='avia_hidden_link_text'>Compartir en Twitter<\/span><\/a><\/li><li class='av-share-link av-social-link-whatsapp' ><a target=\"_blank\" aria-label=\"Compartir en Whatsapp\" href='https:\/\/api.whatsapp.com\/send?text=https:\/\/radiorevelacionfm.cl\/?p=18556' aria-hidden='false' data-av_icon='\uf232' data-av_iconfont='entypo-fontello' title='' data-avia-related-tooltip='Compartir en Whatsapp' rel=\"noopener\"><span class='avia_hidden_link_text'>Compartir en Whatsapp<\/span><\/a><\/li><li class='av-share-link av-social-link-linkedin' ><a target=\"_blank\" aria-label=\"Compartir en LinkedIn\" href='https:\/\/linkedin.com\/shareArticle?mini=true&#038;title=J%C3%B3venes%20dialogan%20sobre%20ansiedad%20en%20activaci%C3%B3n%20regional%20organizada%20por%20INJUV&#038;url=https:\/\/radiorevelacionfm.cl\/?p=18556' aria-hidden='false' data-av_icon='\ue8fc' data-av_iconfont='entypo-fontello' title='' data-avia-related-tooltip='Compartir en LinkedIn' rel=\"noopener\"><span class='avia_hidden_link_text'>Compartir en LinkedIn<\/span><\/a><\/li><li class='av-share-link av-social-link-mail' ><a  aria-label=\"Compartir por correo\" href='mailto:?subject=J%C3%B3venes%20dialogan%20sobre%20ansiedad%20en%20activaci%C3%B3n%20regional%20organizada%20por%20INJUV&#038;body=https:\/\/radiorevelacionfm.cl\/?p=18556' aria-hidden='false' data-av_icon='\ue805' data-av_iconfont='entypo-fontello' title='' data-avia-related-tooltip='Compartir por correo'><span class='avia_hidden_link_text'>Compartir por correo<\/span><\/a><\/li><\/ul><\/div><\/div>\n<div  style='height:50px' class='hr hr-invisible   avia-builder-el-8  el_after_av_social_share  el_before_av_comments_list '><span class='hr-inner ' ><span class='hr-inner-style'><\/span><\/span><\/div>\n<div  class='av-buildercomment  av-blog-meta-html-info-disabled av-blog-meta-tag-disabled  '><\/div>\n","protected":false},"excerpt":{"rendered":"","protected":false},"author":1,"featured_media":18557,"comment_status":"open","ping_status":"open","sticky":false,"template":"","format":"standard","meta":{"footnotes":""},"categories":[38],"tags":[],"class_list":["post-18556","post","type-post","status-publish","format-standard","has-post-thumbnail","hentry","category-regional"],"jetpack_featured_media_url":"https:\/\/radiorevelacionfm.cl\/wp-content\/uploads\/2022\/06\/foto-1-18-1_optimized.jpg","_links":{"self":[{"href":"https:\/\/radiorevelacionfm.cl\/index.php?rest_route=\/wp\/v2\/posts\/18556","targetHints":{"allow":["GET"]}}],"collection":[{"href":"https:\/\/radiorevelacionfm.cl\/index.php?rest_route=\/wp\/v2\/posts"}],"about":[{"href":"https:\/\/radiorevelacionfm.cl\/index.php?rest_route=\/wp\/v2\/types\/post"}],"author":[{"embeddable":true,"href":"https:\/\/radiorevelacionfm.cl\/index.php?rest_route=\/wp\/v2\/users\/1"}],"replies":[{"embeddable":true,"href":"https:\/\/radiorevelacionfm.cl\/index.php?rest_route=%2Fwp%2Fv2%2Fcomments&post=18556"}],"version-history":[{"count":2,"href":"https:\/\/radiorevelacionfm.cl\/index.php?rest_route=\/wp\/v2\/posts\/18556\/revisions"}],"predecessor-version":[{"id":18580,"href":"https:\/\/radiorevelacionfm.cl\/index.php?rest_route=\/wp\/v2\/posts\/18556\/revisions\/18580"}],"wp:featuredmedia":[{"embeddable":true,"href":"https:\/\/radiorevelacionfm.cl\/index.php?rest_route=\/wp\/v2\/media\/18557"}],"wp:attachment":[{"href":"https:\/\/radiorevelacionfm.cl\/index.php?rest_route=%2Fwp%2Fv2%2Fmedia&parent=18556"}],"wp:term":[{"taxonomy":"category","embeddable":true,"href":"https:\/\/radiorevelacionfm.cl\/index.php?rest_route=%2Fwp%2Fv2%2Fcategories&post=18556"},{"taxonomy":"post_tag","embeddable":true,"href":"https:\/\/radiorevelacionfm.cl\/index.php?rest_route=%2Fwp%2Fv2%2Ftags&post=18556"}],"curies":[{"name":"wp","href":"https:\/\/api.w.org\/{rel}","templated":true}]}}