{"id":18553,"date":"2022-06-28T19:34:52","date_gmt":"2022-06-28T22:34:52","guid":{"rendered":"https:\/\/radiorevelacionfm.cl\/?p=18553"},"modified":"2022-06-28T19:34:52","modified_gmt":"2022-06-28T22:34:52","slug":"andrea-macias-los-gobiernos-regionales-tienen-que-presidir-el-ordenamiento-del-territorio-y-maritorio","status":"publish","type":"post","link":"https:\/\/radiorevelacionfm.cl\/?p=18553","title":{"rendered":"Andrea Mac\u00edas: \u00abLos Gobiernos Regionales tienen que presidir el ordenamiento del territorio y maritorio\u00bb"},"content":{"rendered":"<div class=\"flex_column av_one_full  flex_column_div av-zero-column-padding first  avia-builder-el-0  el_before_av_one_full  avia-builder-el-first  \" style='border-radius:0px; '><div  class='avia-image-container  av-styling-    avia-builder-el-1  avia-builder-el-no-sibling  avia-align-center '  itemprop=\"image\" itemscope=\"itemscope\" itemtype=\"https:\/\/schema.org\/ImageObject\"  ><div class='avia-image-container-inner'><div class='avia-image-overlay-wrap'><img decoding=\"async\" class='wp-image-8962 avia-img-lazy-loading-not-8962 avia_image' src=\"https:\/\/radiorevelacionfm.cl\/wp-content\/uploads\/2021\/09\/Gobernadora-Macias-1.jpeg\" alt='' title='Gobernadora Macias (1)' height=\"600\" width=\"900\"  itemprop=\"thumbnailUrl\" srcset=\"https:\/\/radiorevelacionfm.cl\/wp-content\/uploads\/2021\/09\/Gobernadora-Macias-1.jpeg 900w, https:\/\/radiorevelacionfm.cl\/wp-content\/uploads\/2021\/09\/Gobernadora-Macias-1-300x200.jpeg 300w, https:\/\/radiorevelacionfm.cl\/wp-content\/uploads\/2021\/09\/Gobernadora-Macias-1-768x512.jpeg 768w, https:\/\/radiorevelacionfm.cl\/wp-content\/uploads\/2021\/09\/Gobernadora-Macias-1-705x470.jpeg 705w, https:\/\/radiorevelacionfm.cl\/wp-content\/uploads\/2021\/09\/Gobernadora-Macias-1-600x400.jpeg 600w\" sizes=\"(max-width: 900px) 100vw, 900px\" \/><\/div><\/div><\/div><\/div><div class=\"flex_column av_one_full  flex_column_div av-zero-column-padding first  avia-builder-el-2  el_after_av_one_full  el_before_av_one_full  column-top-margin\" style='border-radius:0px; '><section class=\"av_textblock_section \"  itemscope=\"itemscope\" itemtype=\"https:\/\/schema.org\/BlogPosting\" itemprop=\"blogPost\" ><div class='avia_textblock  '   itemprop=\"text\" ><p style=\"text-align: center;\"><strong><span style=\"font-size: 18pt;\">Andrea Mac\u00edas: \u00abLos Gobiernos Regionales tienen que presidir el ordenamiento del territorio y maritorio\u00bb<\/span><\/strong><\/p>\n<div id=\"gtx-trans\" style=\"position: absolute; left: -50px; top: 4.31534px;\">\n<div class=\"gtx-trans-icon\"><\/div>\n<\/div>\n<\/div><\/section><\/div><div class=\"flex_column av_one_full  flex_column_div av-zero-column-padding first  avia-builder-el-4  el_after_av_one_full  el_before_av_hr  column-top-margin\" style='border-radius:0px; '><section class=\"av_textblock_section \"  itemscope=\"itemscope\" itemtype=\"https:\/\/schema.org\/BlogPosting\" itemprop=\"blogPost\" ><div class='avia_textblock  '   itemprop=\"text\" ><p style=\"text-align: justify;\">Esto a prop\u00f3sito del anuncio del Presidente Gabriel Boric sobre llevar a cabo la \u00abtransferencia\u00bb que, en sus palabras, \u00abmaterializa el poder de decisi\u00f3n de las regiones sobre sus territorios y recursos\u00bb.<\/p>\n<p style=\"text-align: justify;\">\u00abEn relaci\u00f3n al Comit\u00e9 Regional de Uso del Borde Costero (CRUBC), este es un reconocimiento al rol que ya tienen los Gobiernos Regionales respecto de ordenamiento del territorio y del maritorio\u00bb, coment\u00f3 la m\u00e1xima autoridad regional, Gobernadora Andrea Mac\u00edas Palma.<\/p>\n<p style=\"text-align: justify;\">Esto a partir de que el d\u00eda s\u00e1bado el Presidente de la Rep\u00fablica anunciara, a trav\u00e9s de Redes Sociales, que la presidencia de los CRUBC pasar\u00e1n a ser responsabilidad de las y los Gobernadores Regionales.<\/p>\n<p style=\"text-align: justify;\">En este sentido, la Gobernadora Mac\u00edas recalc\u00f3: \u00abEste Comit\u00e9 ha sido presidido por el Intendente en su rol de ejecutivo del Gobierno Regional y la Secretar\u00eda Ejecutiva ha estado siempre a cargo de la Divisi\u00f3n de Planificaci\u00f3n y Desarrollo Regional (DIPLADE), por lo tanto hoy d\u00eda m\u00e1s que un traspaso de competencias, lo que hace la administraci\u00f3n del Presidente Boric, es reconocer este rol que ya tienen los Gobiernos Regionales. A diferencia de la administraci\u00f3n anterior, donde hubo una interpretaci\u00f3n distinta, emanando un oficio del Ministerio del Interior que se\u00f1alaba que la presidencia del Comit\u00e9 corresponder\u00eda a los Delegados Presidenciales\u00bb.<\/p>\n<p style=\"text-align: justify;\">\u00abPor lo tanto, se resuelve que se respeta lo que establece la ley, pero adem\u00e1s los propios reglamentos que regulan los Comit\u00e9s Regionales -que siempre han establecido que la secretar\u00eda t\u00e9cnica y la conducci\u00f3n de este comit\u00e9 es \u00fanica de los Gobiernos Regionales\u00bb, puntualiz\u00f3 la Gobernadora de la regi\u00f3n de Ays\u00e9n.<\/p>\n<\/div><\/section><\/div><div  style='height:50px' class='hr hr-invisible   avia-builder-el-6  el_after_av_one_full  el_before_av_social_share '><span class='hr-inner ' ><span class='hr-inner-style'><\/span><\/span><\/div><\/p>\n<div  class='av-social-sharing-box  avia-builder-el-7  el_after_av_hr  el_before_av_hr  '><div class='av-share-box'><h5 class='av-share-link-description av-no-toc '>Compartir esta noticia<\/h5><ul class='av-share-box-list noLightbox'><li class='av-share-link av-social-link-facebook' ><a target=\"_blank\" aria-label=\"Compartir en Facebook\" href='https:\/\/www.facebook.com\/sharer.php?u=https:\/\/radiorevelacionfm.cl\/?p=18553&#038;t=Andrea%20Mac%C3%ADas%3A%20%C2%ABLos%20Gobiernos%20Regionales%20tienen%20que%20presidir%20el%20ordenamiento%20del%20territorio%20y%20maritorio%C2%BB' aria-hidden='false' data-av_icon='\ue8f3' data-av_iconfont='entypo-fontello' title='' data-avia-related-tooltip='Compartir en Facebook' rel=\"noopener\"><span class='avia_hidden_link_text'>Compartir en Facebook<\/span><\/a><\/li><li class='av-share-link av-social-link-twitter' ><a target=\"_blank\" aria-label=\"Compartir en Twitter\" href='https:\/\/twitter.com\/share?text=Andrea%20Mac%C3%ADas%3A%20%C2%ABLos%20Gobiernos%20Regionales%20tienen%20que%20presidir%20el%20ordenamiento%20del%20territorio%20y%20maritorio%C2%BB&#038;url=https:\/\/radiorevelacionfm.cl\/?p=18553' aria-hidden='false' data-av_icon='\ue8f1' data-av_iconfont='entypo-fontello' title='' data-avia-related-tooltip='Compartir en Twitter' rel=\"noopener\"><span class='avia_hidden_link_text'>Compartir en Twitter<\/span><\/a><\/li><li class='av-share-link av-social-link-whatsapp' ><a target=\"_blank\" aria-label=\"Compartir en Whatsapp\" href='https:\/\/api.whatsapp.com\/send?text=https:\/\/radiorevelacionfm.cl\/?p=18553' aria-hidden='false' data-av_icon='\uf232' data-av_iconfont='entypo-fontello' title='' data-avia-related-tooltip='Compartir en Whatsapp' rel=\"noopener\"><span class='avia_hidden_link_text'>Compartir en Whatsapp<\/span><\/a><\/li><li class='av-share-link av-social-link-linkedin' ><a target=\"_blank\" aria-label=\"Compartir en LinkedIn\" href='https:\/\/linkedin.com\/shareArticle?mini=true&#038;title=Andrea%20Mac%C3%ADas%3A%20%C2%ABLos%20Gobiernos%20Regionales%20tienen%20que%20presidir%20el%20ordenamiento%20del%20territorio%20y%20maritorio%C2%BB&#038;url=https:\/\/radiorevelacionfm.cl\/?p=18553' aria-hidden='false' data-av_icon='\ue8fc' data-av_iconfont='entypo-fontello' title='' data-avia-related-tooltip='Compartir en LinkedIn' rel=\"noopener\"><span class='avia_hidden_link_text'>Compartir en LinkedIn<\/span><\/a><\/li><li class='av-share-link av-social-link-mail' ><a  aria-label=\"Compartir por correo\" href='mailto:?subject=Andrea%20Mac%C3%ADas%3A%20%C2%ABLos%20Gobiernos%20Regionales%20tienen%20que%20presidir%20el%20ordenamiento%20del%20territorio%20y%20maritorio%C2%BB&#038;body=https:\/\/radiorevelacionfm.cl\/?p=18553' aria-hidden='false' data-av_icon='\ue805' data-av_iconfont='entypo-fontello' title='' data-avia-related-tooltip='Compartir por correo'><span class='avia_hidden_link_text'>Compartir por correo<\/span><\/a><\/li><\/ul><\/div><\/div>\n<div  style='height:50px' class='hr hr-invisible   avia-builder-el-8  el_after_av_social_share  el_before_av_comments_list '><span class='hr-inner ' ><span class='hr-inner-style'><\/span><\/span><\/div>\n<div  class='av-buildercomment  av-blog-meta-html-info-disabled av-blog-meta-tag-disabled  '><\/div>\n","protected":false},"excerpt":{"rendered":"","protected":false},"author":1,"featured_media":8962,"comment_status":"open","ping_status":"open","sticky":false,"template":"","format":"standard","meta":{"footnotes":""},"categories":[38],"tags":[],"class_list":["post-18553","post","type-post","status-publish","format-standard","has-post-thumbnail","hentry","category-regional"],"jetpack_featured_media_url":"https:\/\/radiorevelacionfm.cl\/wp-content\/uploads\/2021\/09\/Gobernadora-Macias-1.jpeg","_links":{"self":[{"href":"https:\/\/radiorevelacionfm.cl\/index.php?rest_route=\/wp\/v2\/posts\/18553","targetHints":{"allow":["GET"]}}],"collection":[{"href":"https:\/\/radiorevelacionfm.cl\/index.php?rest_route=\/wp\/v2\/posts"}],"about":[{"href":"https:\/\/radiorevelacionfm.cl\/index.php?rest_route=\/wp\/v2\/types\/post"}],"author":[{"embeddable":true,"href":"https:\/\/radiorevelacionfm.cl\/index.php?rest_route=\/wp\/v2\/users\/1"}],"replies":[{"embeddable":true,"href":"https:\/\/radiorevelacionfm.cl\/index.php?rest_route=%2Fwp%2Fv2%2Fcomments&post=18553"}],"version-history":[{"count":2,"href":"https:\/\/radiorevelacionfm.cl\/index.php?rest_route=\/wp\/v2\/posts\/18553\/revisions"}],"predecessor-version":[{"id":18577,"href":"https:\/\/radiorevelacionfm.cl\/index.php?rest_route=\/wp\/v2\/posts\/18553\/revisions\/18577"}],"wp:featuredmedia":[{"embeddable":true,"href":"https:\/\/radiorevelacionfm.cl\/index.php?rest_route=\/wp\/v2\/media\/8962"}],"wp:attachment":[{"href":"https:\/\/radiorevelacionfm.cl\/index.php?rest_route=%2Fwp%2Fv2%2Fmedia&parent=18553"}],"wp:term":[{"taxonomy":"category","embeddable":true,"href":"https:\/\/radiorevelacionfm.cl\/index.php?rest_route=%2Fwp%2Fv2%2Fcategories&post=18553"},{"taxonomy":"post_tag","embeddable":true,"href":"https:\/\/radiorevelacionfm.cl\/index.php?rest_route=%2Fwp%2Fv2%2Ftags&post=18553"}],"curies":[{"name":"wp","href":"https:\/\/api.w.org\/{rel}","templated":true}]}}