{"id":18546,"date":"2022-06-28T15:00:04","date_gmt":"2022-06-28T18:00:04","guid":{"rendered":"https:\/\/radiorevelacionfm.cl\/?p=18546"},"modified":"2022-06-28T15:00:04","modified_gmt":"2022-06-28T18:00:04","slug":"corte-de-coyhaique-conoce-nueva-querella-de-capitulos-contra-jueza-cecilia-urbina","status":"publish","type":"post","link":"https:\/\/radiorevelacionfm.cl\/?p=18546","title":{"rendered":"Corte de Coyhaique conoce nueva querella de cap\u00edtulos contra jueza Cecilia Urbina"},"content":{"rendered":"<div class=\"flex_column av_one_full  flex_column_div av-zero-column-padding first  avia-builder-el-0  el_before_av_one_full  avia-builder-el-first  \" style='border-radius:0px; '><div  class='avia-image-container  av-styling-    avia-builder-el-1  avia-builder-el-no-sibling  avia-align-center '  itemprop=\"image\" itemscope=\"itemscope\" itemtype=\"https:\/\/schema.org\/ImageObject\"  ><div class='avia-image-container-inner'><div class='avia-image-overlay-wrap'><img decoding=\"async\" class='wp-image-18548 avia-img-lazy-loading-not-18548 avia_image' src=\"https:\/\/radiorevelacionfm.cl\/wp-content\/uploads\/2022\/06\/Cecilia-Urbina-magistrada-1-1.jpg\" alt='' title='Cecilia-Urbina-magistrada (1) (1)' height=\"600\" width=\"802\"  itemprop=\"thumbnailUrl\" srcset=\"https:\/\/radiorevelacionfm.cl\/wp-content\/uploads\/2022\/06\/Cecilia-Urbina-magistrada-1-1.jpg 802w, https:\/\/radiorevelacionfm.cl\/wp-content\/uploads\/2022\/06\/Cecilia-Urbina-magistrada-1-1-300x224.jpg 300w, https:\/\/radiorevelacionfm.cl\/wp-content\/uploads\/2022\/06\/Cecilia-Urbina-magistrada-1-1-768x575.jpg 768w, https:\/\/radiorevelacionfm.cl\/wp-content\/uploads\/2022\/06\/Cecilia-Urbina-magistrada-1-1-705x527.jpg 705w, https:\/\/radiorevelacionfm.cl\/wp-content\/uploads\/2022\/06\/Cecilia-Urbina-magistrada-1-1-600x449.jpg 600w\" sizes=\"(max-width: 802px) 100vw, 802px\" \/><\/div><\/div><\/div><\/div><div class=\"flex_column av_one_full  flex_column_div av-zero-column-padding first  avia-builder-el-2  el_after_av_one_full  el_before_av_one_full  column-top-margin\" style='border-radius:0px; '><section class=\"av_textblock_section \"  itemscope=\"itemscope\" itemtype=\"https:\/\/schema.org\/BlogPosting\" itemprop=\"blogPost\" ><div class='avia_textblock  '   itemprop=\"text\" ><p style=\"text-align: center;\"><strong><span style=\"font-size: 18pt;\">Corte de Coyhaique conoce nueva querella de cap\u00edtulos contra jueza Cecilia Urbina\u00a0<\/span><\/strong><\/p>\n<\/div><\/section><\/div><\/p>\n<div class=\"flex_column av_one_full  flex_column_div av-zero-column-padding first  avia-builder-el-4  el_after_av_one_full  el_before_av_hr  column-top-margin\" style='border-radius:0px; '><section class=\"av_textblock_section \"  itemscope=\"itemscope\" itemtype=\"https:\/\/schema.org\/BlogPosting\" itemprop=\"blogPost\" ><div class='avia_textblock  '   itemprop=\"text\" ><p class=\"v1MsoNormal\" style=\"text-align: justify;\">En la Corte de Apelaciones de Coyhaique se desarroll\u00f3 el pasado \u2013jueves 23 de junio\u2013 la vista de una nueva querella de cap\u00edtulos, presentada por el Ministerio P\u00fablico en contra de la jueza del Juzgado de Garant\u00eda de la ciudad Cecilia Eliana Urbina Pinto.<\/p>\n<p class=\"v1MsoNormal\" style=\"text-align: justify;\">La sala, presidida por el ministro Pedro Castro Espinoza e integrada por el ministro Jos\u00e9 Ignacio Mora Trujillo y la ministra Natalia Rencoret Oliva, escuch\u00f3 los alegatos, que tuvieron una duraci\u00f3n total de 50 minutos, del abogado asesor del Ministerio P\u00fablico \u00c1lvaro P\u00e9rez D&#8217;Alencon, y del defensor, Francisco Ortega Acevedo.<\/p>\n<p class=\"v1MsoNormal\" style=\"text-align: justify;\">En la presentaci\u00f3n, el ente persecutor sum\u00f3 un nuevo hecho de ser\u00eda constitutivo del delito de prevaricaci\u00f3n, el que se suma a la querella de cap\u00edtulos por tres hechos presentada el 21 de agosto del a\u00f1o pasado, en que se atribuye a Urbina Pinto, autor\u00eda en presuntos delitos de revelaci\u00f3n de secretos, sancionado en el art\u00edculo 38 de la Ley N\u00b0 20.000, en su inciso tercero, y prevaricaci\u00f3n, tipificado en el art\u00edculo 224 n\u00famero 7 del C\u00f3digo Penal.<\/p>\n<p class=\"v1MsoNormal\" style=\"text-align: justify;\">La causa qued\u00f3 en estado de acuerdo y la resoluci\u00f3n ser\u00e1 comunicada en los pr\u00f3ximos d\u00edas.<\/p>\n<\/div><\/section><\/div>\n<div  style='height:50px' class='hr hr-invisible   avia-builder-el-6  el_after_av_one_full  el_before_av_social_share '><span class='hr-inner ' ><span class='hr-inner-style'><\/span><\/span><\/div>\n<div  class='av-social-sharing-box  avia-builder-el-7  el_after_av_hr  el_before_av_hr  '><div class='av-share-box'><h5 class='av-share-link-description av-no-toc '>Compartir esta noticia<\/h5><ul class='av-share-box-list noLightbox'><li class='av-share-link av-social-link-facebook' ><a target=\"_blank\" aria-label=\"Compartir en Facebook\" href='https:\/\/www.facebook.com\/sharer.php?u=https:\/\/radiorevelacionfm.cl\/?p=18546&#038;t=Corte%20de%20Coyhaique%20conoce%20nueva%20querella%20de%20cap%C3%ADtulos%20contra%20jueza%20Cecilia%20Urbina' aria-hidden='false' data-av_icon='\ue8f3' data-av_iconfont='entypo-fontello' title='' data-avia-related-tooltip='Compartir en Facebook' rel=\"noopener\"><span class='avia_hidden_link_text'>Compartir en Facebook<\/span><\/a><\/li><li class='av-share-link av-social-link-twitter' ><a target=\"_blank\" aria-label=\"Compartir en Twitter\" href='https:\/\/twitter.com\/share?text=Corte%20de%20Coyhaique%20conoce%20nueva%20querella%20de%20cap%C3%ADtulos%20contra%20jueza%20Cecilia%20Urbina&#038;url=https:\/\/radiorevelacionfm.cl\/?p=18546' aria-hidden='false' data-av_icon='\ue8f1' data-av_iconfont='entypo-fontello' title='' data-avia-related-tooltip='Compartir en Twitter' rel=\"noopener\"><span class='avia_hidden_link_text'>Compartir en Twitter<\/span><\/a><\/li><li class='av-share-link av-social-link-whatsapp' ><a target=\"_blank\" aria-label=\"Compartir en Whatsapp\" href='https:\/\/api.whatsapp.com\/send?text=https:\/\/radiorevelacionfm.cl\/?p=18546' aria-hidden='false' data-av_icon='\uf232' data-av_iconfont='entypo-fontello' title='' data-avia-related-tooltip='Compartir en Whatsapp' rel=\"noopener\"><span class='avia_hidden_link_text'>Compartir en Whatsapp<\/span><\/a><\/li><li class='av-share-link av-social-link-linkedin' ><a target=\"_blank\" aria-label=\"Compartir en LinkedIn\" href='https:\/\/linkedin.com\/shareArticle?mini=true&#038;title=Corte%20de%20Coyhaique%20conoce%20nueva%20querella%20de%20cap%C3%ADtulos%20contra%20jueza%20Cecilia%20Urbina&#038;url=https:\/\/radiorevelacionfm.cl\/?p=18546' aria-hidden='false' data-av_icon='\ue8fc' data-av_iconfont='entypo-fontello' title='' data-avia-related-tooltip='Compartir en LinkedIn' rel=\"noopener\"><span class='avia_hidden_link_text'>Compartir en LinkedIn<\/span><\/a><\/li><li class='av-share-link av-social-link-mail' ><a  aria-label=\"Compartir por correo\" href='mailto:?subject=Corte%20de%20Coyhaique%20conoce%20nueva%20querella%20de%20cap%C3%ADtulos%20contra%20jueza%20Cecilia%20Urbina&#038;body=https:\/\/radiorevelacionfm.cl\/?p=18546' aria-hidden='false' data-av_icon='\ue805' data-av_iconfont='entypo-fontello' title='' data-avia-related-tooltip='Compartir por correo'><span class='avia_hidden_link_text'>Compartir por correo<\/span><\/a><\/li><\/ul><\/div><\/div>\n<div  style='height:50px' class='hr hr-invisible   avia-builder-el-8  el_after_av_social_share  el_before_av_comments_list '><span class='hr-inner ' ><span class='hr-inner-style'><\/span><\/span><\/div>\n<div  class='av-buildercomment  av-blog-meta-html-info-disabled av-blog-meta-tag-disabled  '><\/div>\n","protected":false},"excerpt":{"rendered":"","protected":false},"author":1,"featured_media":18548,"comment_status":"open","ping_status":"open","sticky":false,"template":"","format":"standard","meta":{"footnotes":""},"categories":[55],"tags":[],"class_list":["post-18546","post","type-post","status-publish","format-standard","has-post-thumbnail","hentry","category-justicia"],"jetpack_featured_media_url":"https:\/\/radiorevelacionfm.cl\/wp-content\/uploads\/2022\/06\/Cecilia-Urbina-magistrada-1-1.jpg","_links":{"self":[{"href":"https:\/\/radiorevelacionfm.cl\/index.php?rest_route=\/wp\/v2\/posts\/18546","targetHints":{"allow":["GET"]}}],"collection":[{"href":"https:\/\/radiorevelacionfm.cl\/index.php?rest_route=\/wp\/v2\/posts"}],"about":[{"href":"https:\/\/radiorevelacionfm.cl\/index.php?rest_route=\/wp\/v2\/types\/post"}],"author":[{"embeddable":true,"href":"https:\/\/radiorevelacionfm.cl\/index.php?rest_route=\/wp\/v2\/users\/1"}],"replies":[{"embeddable":true,"href":"https:\/\/radiorevelacionfm.cl\/index.php?rest_route=%2Fwp%2Fv2%2Fcomments&post=18546"}],"version-history":[{"count":3,"href":"https:\/\/radiorevelacionfm.cl\/index.php?rest_route=\/wp\/v2\/posts\/18546\/revisions"}],"predecessor-version":[{"id":18550,"href":"https:\/\/radiorevelacionfm.cl\/index.php?rest_route=\/wp\/v2\/posts\/18546\/revisions\/18550"}],"wp:featuredmedia":[{"embeddable":true,"href":"https:\/\/radiorevelacionfm.cl\/index.php?rest_route=\/wp\/v2\/media\/18548"}],"wp:attachment":[{"href":"https:\/\/radiorevelacionfm.cl\/index.php?rest_route=%2Fwp%2Fv2%2Fmedia&parent=18546"}],"wp:term":[{"taxonomy":"category","embeddable":true,"href":"https:\/\/radiorevelacionfm.cl\/index.php?rest_route=%2Fwp%2Fv2%2Fcategories&post=18546"},{"taxonomy":"post_tag","embeddable":true,"href":"https:\/\/radiorevelacionfm.cl\/index.php?rest_route=%2Fwp%2Fv2%2Ftags&post=18546"}],"curies":[{"name":"wp","href":"https:\/\/api.w.org\/{rel}","templated":true}]}}