{"id":18542,"date":"2022-06-28T17:15:45","date_gmt":"2022-06-28T20:15:45","guid":{"rendered":"https:\/\/radiorevelacionfm.cl\/?p=18542"},"modified":"2022-06-28T17:15:45","modified_gmt":"2022-06-28T20:15:45","slug":"mas-de-200-emprendedores-as-regionales-participaron-en-ferias-y-fortalecieron-sus-negocios","status":"publish","type":"post","link":"https:\/\/radiorevelacionfm.cl\/?p=18542","title":{"rendered":"M\u00e1s de 200 emprendedores\/as regionales participaron en ferias y fortalecieron sus negocios"},"content":{"rendered":"<div class=\"flex_column av_one_full  flex_column_div av-zero-column-padding first  avia-builder-el-0  el_before_av_one_full  avia-builder-el-first  \" style='border-radius:0px; '><div  class='avia-image-container  av-styling-    avia-builder-el-1  avia-builder-el-no-sibling  avia-align-center '  itemprop=\"image\" itemscope=\"itemscope\" itemtype=\"https:\/\/schema.org\/ImageObject\"  ><div class='avia-image-container-inner'><div class='avia-image-overlay-wrap'><img decoding=\"async\" class='wp-image-18543 avia-img-lazy-loading-not-18543 avia_image' src=\"https:\/\/radiorevelacionfm.cl\/wp-content\/uploads\/2022\/06\/YEFNDR-1-1.jpg\" alt='' title='YEFNDR (1) (1)' height=\"600\" width=\"800\"  itemprop=\"thumbnailUrl\" srcset=\"https:\/\/radiorevelacionfm.cl\/wp-content\/uploads\/2022\/06\/YEFNDR-1-1.jpg 800w, https:\/\/radiorevelacionfm.cl\/wp-content\/uploads\/2022\/06\/YEFNDR-1-1-300x225.jpg 300w, https:\/\/radiorevelacionfm.cl\/wp-content\/uploads\/2022\/06\/YEFNDR-1-1-768x576.jpg 768w, https:\/\/radiorevelacionfm.cl\/wp-content\/uploads\/2022\/06\/YEFNDR-1-1-705x529.jpg 705w, https:\/\/radiorevelacionfm.cl\/wp-content\/uploads\/2022\/06\/YEFNDR-1-1-600x450.jpg 600w\" sizes=\"(max-width: 800px) 100vw, 800px\" \/><\/div><\/div><\/div><\/div><div class=\"flex_column av_one_full  flex_column_div av-zero-column-padding first  avia-builder-el-2  el_after_av_one_full  el_before_av_one_full  column-top-margin\" style='border-radius:0px; '><section class=\"av_textblock_section \"  itemscope=\"itemscope\" itemtype=\"https:\/\/schema.org\/BlogPosting\" itemprop=\"blogPost\" ><div class='avia_textblock  '   itemprop=\"text\" ><p style=\"text-align: center;\"><span style=\"font-size: 18pt;\"><strong>M\u00e1s de 200 emprendedores\/as regionales participaron en ferias y fortalecieron sus negocios<\/strong><\/span><\/p>\n<div id=\"gtx-trans\" style=\"position: absolute; left: -50px; top: 4.31534px;\">\n<div class=\"gtx-trans-icon\"><\/div>\n<\/div>\n<\/div><\/section><\/div><div class=\"flex_column av_one_full  flex_column_div av-zero-column-padding first  avia-builder-el-4  el_after_av_one_full  el_before_av_hr  column-top-margin\" style='border-radius:0px; '><section class=\"av_textblock_section \"  itemscope=\"itemscope\" itemtype=\"https:\/\/schema.org\/BlogPosting\" itemprop=\"blogPost\" ><div class='avia_textblock  '   itemprop=\"text\" ><p style=\"text-align: justify;\">El programa Yo Emprendo Ferias FNDR fue ejecutado por el Fondo de Solidaridad e Inversi\u00f3n Social, FOSIS y financiado con recursos del Fondo Nacional de Desarrollo Regional, FNDR, gracias a la aprobaci\u00f3n del Gobierno Regional de Ays\u00e9n y su Consejo.<\/p>\n<p style=\"text-align: justify;\">Se realiz\u00f3 una ceremonia de cierre de esta iniciativa en Coyhaique, donde pudieron compartir autoridades regionales y emprendedoras\/es que fueron parte de esta intervenci\u00f3n, para conocer sus experiencias y el impacto que signific\u00f3 ser parte de este programa de apoyo al emprendimiento local.<\/p>\n<p style=\"text-align: justify;\">Esta iniciativa permiti\u00f3 realizar un total de 7 ferias presenciales y virtuales, denominadas Expo FOSIS, para comercializar productos y servicios de emprendimientos regionales, junto con instancias de capacitaci\u00f3n para desarrollar negocios en espacios digitales, a trav\u00e9s de asesor\u00edas y talleres enfocados en mejoramiento fotogr\u00e1fico y marketing digital.<\/p>\n<p style=\"text-align: justify;\">Claudia Mu\u00f1oz, emprendedora de Coyhaique, se refiri\u00f3 al programa y manifest\u00f3 que \u201cha sido excelente porque yo soy bastante nula en lo digital y aprendimos mucho con todas las asesor\u00edas y capacitaciones que nos entreg\u00f3 FOSIS y de paso hicimos un lazo maravilloso con las chiquillas en la Expo. Felicitar y agradecer todo lo que nos ayudan para que nosotros podamos emprender y dar a conocer nuestros trabajos. Mi emprendimiento es -Entre telas y plantas- donde fusion\u00e9 costuras y plantas, me ha ido maravilloso, hice un vivero en mi casa, tengo mi taller, gracias al FOSIS tengo mis m\u00e1quinas industriales con las que puedo hacer diferentes tipos de trabajo como manteles y cortinas\u201d.<\/p>\n<p style=\"text-align: justify;\">La Gobernadora Regional de Ays\u00e9n, Andrea Mac\u00edas, se mostr\u00f3 contenta con los resultados del programa y se\u00f1al\u00f3 que \u201cfue una instancia muy significativa que ha permitido que m\u00e1s de 200 emprendedores de la regi\u00f3n puedan acceder a este programa de ferias, a recursos para adquirir implementos, pero tambi\u00e9n capacitarse en todo lo que tiene que ver con comercio digital y manejo de redes que es fundamental en los nuevos tiempos que estamos viviendo. Les deseamos todo el \u00e9xito y esperamos como Gobierno Regional, junto con el Gobierno Central, poder seguir avanzando para impactar de manera positiva en toda nuestra comunidad\u201d.<\/p>\n<p style=\"text-align: justify;\">Rodrigo Araya, Delegado Presidencial Regional de Ays\u00e9n, destac\u00f3 que \u201ceste programa acerc\u00f3 los conocimientos, tecnolog\u00edas y capacitaciones a emprendedores de toda la regi\u00f3n. El desaf\u00edo que tenemos es c\u00f3mo podemos seguir ayudando a estas personas para que se mantengan en comunicaci\u00f3n y puedan generar asociatividad productiva. Individualmente todo es siempre m\u00e1s complicado, por lo tanto, para nosotros como Gobierno de nuestro Presidente Gabriel Boric, esa es una de las cosas m\u00e1s importantes, el desarrollo territorial con equidad pero tambi\u00e9n pensado en hacer comunidad y en esa l\u00ednea vamos muy bien encaminados con este tipo de programas\u201d.<\/p>\n<p style=\"text-align: justify;\">La Seremi de Desarrollo Social y Familia, Karina Acevedo, por su parte recalc\u00f3 que \u201cpara el Ministerio de Desarrollo Social y Familia y para el Gobierno del Presidente Gabriel Boric es muy importante la alianza de poder apoyar emprendedores que son de diferentes territorios, como en este caso, poder ver la focalizaci\u00f3n y el desaf\u00edo de entregar recursos de forma equitativa e igualitaria a todos los emprendedores de la regi\u00f3n y contar con el apoyo del Gobierno Regional y su Consejo, quienes han destinado estos recursos pensando en emprendedores, las comunidades, en la familia, en instalar capacidades y en los territorios\u201d.<\/p>\n<p style=\"text-align: justify;\">Yo Emprendo Ferias FNDR posibilit\u00f3 que emprendedores y emprendedoras de las 10 comunas de la regi\u00f3n de Ays\u00e9n pudieran fortalecer el desarrollo de sus negocios, junto con reactivar sus ventas en tiempos de pandemia.<\/p>\n<\/div><\/section><\/div><div  style='height:50px' class='hr hr-invisible   avia-builder-el-6  el_after_av_one_full  el_before_av_social_share '><span class='hr-inner ' ><span class='hr-inner-style'><\/span><\/span><\/div><\/p>\n<div  class='av-social-sharing-box  avia-builder-el-7  el_after_av_hr  el_before_av_hr  '><div class='av-share-box'><h5 class='av-share-link-description av-no-toc '>Compartir esta noticia<\/h5><ul class='av-share-box-list noLightbox'><li class='av-share-link av-social-link-facebook' ><a target=\"_blank\" aria-label=\"Compartir en Facebook\" href='https:\/\/www.facebook.com\/sharer.php?u=https:\/\/radiorevelacionfm.cl\/?p=18542&#038;t=M%C3%A1s%20de%20200%20emprendedores%2Fas%20regionales%20participaron%20en%20ferias%20y%20fortalecieron%20sus%20negocios' aria-hidden='false' data-av_icon='\ue8f3' data-av_iconfont='entypo-fontello' title='' data-avia-related-tooltip='Compartir en Facebook' rel=\"noopener\"><span class='avia_hidden_link_text'>Compartir en Facebook<\/span><\/a><\/li><li class='av-share-link av-social-link-twitter' ><a target=\"_blank\" aria-label=\"Compartir en Twitter\" href='https:\/\/twitter.com\/share?text=M%C3%A1s%20de%20200%20emprendedores%2Fas%20regionales%20participaron%20en%20ferias%20y%20fortalecieron%20sus%20negocios&#038;url=https:\/\/radiorevelacionfm.cl\/?p=18542' aria-hidden='false' data-av_icon='\ue8f1' data-av_iconfont='entypo-fontello' title='' data-avia-related-tooltip='Compartir en Twitter' rel=\"noopener\"><span class='avia_hidden_link_text'>Compartir en Twitter<\/span><\/a><\/li><li class='av-share-link av-social-link-whatsapp' ><a target=\"_blank\" aria-label=\"Compartir en Whatsapp\" href='https:\/\/api.whatsapp.com\/send?text=https:\/\/radiorevelacionfm.cl\/?p=18542' aria-hidden='false' data-av_icon='\uf232' data-av_iconfont='entypo-fontello' title='' data-avia-related-tooltip='Compartir en Whatsapp' rel=\"noopener\"><span class='avia_hidden_link_text'>Compartir en Whatsapp<\/span><\/a><\/li><li class='av-share-link av-social-link-linkedin' ><a target=\"_blank\" aria-label=\"Compartir en LinkedIn\" href='https:\/\/linkedin.com\/shareArticle?mini=true&#038;title=M%C3%A1s%20de%20200%20emprendedores%2Fas%20regionales%20participaron%20en%20ferias%20y%20fortalecieron%20sus%20negocios&#038;url=https:\/\/radiorevelacionfm.cl\/?p=18542' aria-hidden='false' data-av_icon='\ue8fc' data-av_iconfont='entypo-fontello' title='' data-avia-related-tooltip='Compartir en LinkedIn' rel=\"noopener\"><span class='avia_hidden_link_text'>Compartir en LinkedIn<\/span><\/a><\/li><li class='av-share-link av-social-link-mail' ><a  aria-label=\"Compartir por correo\" href='mailto:?subject=M%C3%A1s%20de%20200%20emprendedores%2Fas%20regionales%20participaron%20en%20ferias%20y%20fortalecieron%20sus%20negocios&#038;body=https:\/\/radiorevelacionfm.cl\/?p=18542' aria-hidden='false' data-av_icon='\ue805' data-av_iconfont='entypo-fontello' title='' data-avia-related-tooltip='Compartir por correo'><span class='avia_hidden_link_text'>Compartir por correo<\/span><\/a><\/li><\/ul><\/div><\/div>\n<div  style='height:50px' class='hr hr-invisible   avia-builder-el-8  el_after_av_social_share  el_before_av_comments_list '><span class='hr-inner ' ><span class='hr-inner-style'><\/span><\/span><\/div>\n<div  class='av-buildercomment  av-blog-meta-html-info-disabled av-blog-meta-tag-disabled  '><\/div>\n","protected":false},"excerpt":{"rendered":"","protected":false},"author":1,"featured_media":18543,"comment_status":"open","ping_status":"open","sticky":false,"template":"","format":"standard","meta":{"footnotes":""},"categories":[38],"tags":[],"class_list":["post-18542","post","type-post","status-publish","format-standard","has-post-thumbnail","hentry","category-regional"],"jetpack_featured_media_url":"https:\/\/radiorevelacionfm.cl\/wp-content\/uploads\/2022\/06\/YEFNDR-1-1.jpg","_links":{"self":[{"href":"https:\/\/radiorevelacionfm.cl\/index.php?rest_route=\/wp\/v2\/posts\/18542","targetHints":{"allow":["GET"]}}],"collection":[{"href":"https:\/\/radiorevelacionfm.cl\/index.php?rest_route=\/wp\/v2\/posts"}],"about":[{"href":"https:\/\/radiorevelacionfm.cl\/index.php?rest_route=\/wp\/v2\/types\/post"}],"author":[{"embeddable":true,"href":"https:\/\/radiorevelacionfm.cl\/index.php?rest_route=\/wp\/v2\/users\/1"}],"replies":[{"embeddable":true,"href":"https:\/\/radiorevelacionfm.cl\/index.php?rest_route=%2Fwp%2Fv2%2Fcomments&post=18542"}],"version-history":[{"count":2,"href":"https:\/\/radiorevelacionfm.cl\/index.php?rest_route=\/wp\/v2\/posts\/18542\/revisions"}],"predecessor-version":[{"id":18555,"href":"https:\/\/radiorevelacionfm.cl\/index.php?rest_route=\/wp\/v2\/posts\/18542\/revisions\/18555"}],"wp:featuredmedia":[{"embeddable":true,"href":"https:\/\/radiorevelacionfm.cl\/index.php?rest_route=\/wp\/v2\/media\/18543"}],"wp:attachment":[{"href":"https:\/\/radiorevelacionfm.cl\/index.php?rest_route=%2Fwp%2Fv2%2Fmedia&parent=18542"}],"wp:term":[{"taxonomy":"category","embeddable":true,"href":"https:\/\/radiorevelacionfm.cl\/index.php?rest_route=%2Fwp%2Fv2%2Fcategories&post=18542"},{"taxonomy":"post_tag","embeddable":true,"href":"https:\/\/radiorevelacionfm.cl\/index.php?rest_route=%2Fwp%2Fv2%2Ftags&post=18542"}],"curies":[{"name":"wp","href":"https:\/\/api.w.org\/{rel}","templated":true}]}}