{"id":18539,"date":"2022-06-28T14:20:59","date_gmt":"2022-06-28T17:20:59","guid":{"rendered":"https:\/\/radiorevelacionfm.cl\/?p=18539"},"modified":"2022-06-28T14:20:59","modified_gmt":"2022-06-28T17:20:59","slug":"bomberas-y-aspirantes-participan-en-primera-jornada-por-la-equidad-de-genero","status":"publish","type":"post","link":"https:\/\/radiorevelacionfm.cl\/?p=18539","title":{"rendered":"Bomberas y aspirantes participan en Primera Jornada por la Equidad de G\u00e9nero"},"content":{"rendered":"<div class=\"flex_column av_one_full  flex_column_div av-zero-column-padding first  avia-builder-el-0  el_before_av_one_full  avia-builder-el-first  \" style='border-radius:0px; '><div  class='avia-image-container  av-styling-    avia-builder-el-1  avia-builder-el-no-sibling  avia-align-center '  itemprop=\"image\" itemscope=\"itemscope\" itemtype=\"https:\/\/schema.org\/ImageObject\"  ><div class='avia-image-container-inner'><div class='avia-image-overlay-wrap'><img decoding=\"async\" class='wp-image-18540 avia-img-lazy-loading-not-18540 avia_image' src=\"https:\/\/radiorevelacionfm.cl\/wp-content\/uploads\/2022\/06\/sernameg-taller-bomberos-13-1_optimized.jpg\" alt='' title='sernameg-taller-bomberos-(13)-(1)_optimized' height=\"600\" width=\"948\"  itemprop=\"thumbnailUrl\" srcset=\"https:\/\/radiorevelacionfm.cl\/wp-content\/uploads\/2022\/06\/sernameg-taller-bomberos-13-1_optimized.jpg 948w, https:\/\/radiorevelacionfm.cl\/wp-content\/uploads\/2022\/06\/sernameg-taller-bomberos-13-1_optimized-300x190.jpg 300w, https:\/\/radiorevelacionfm.cl\/wp-content\/uploads\/2022\/06\/sernameg-taller-bomberos-13-1_optimized-768x486.jpg 768w, https:\/\/radiorevelacionfm.cl\/wp-content\/uploads\/2022\/06\/sernameg-taller-bomberos-13-1_optimized-705x446.jpg 705w, https:\/\/radiorevelacionfm.cl\/wp-content\/uploads\/2022\/06\/sernameg-taller-bomberos-13-1_optimized-600x380.jpg 600w\" sizes=\"(max-width: 948px) 100vw, 948px\" \/><\/div><\/div><\/div><\/div><div class=\"flex_column av_one_full  flex_column_div av-zero-column-padding first  avia-builder-el-2  el_after_av_one_full  el_before_av_one_full  column-top-margin\" style='border-radius:0px; '><section class=\"av_textblock_section \"  itemscope=\"itemscope\" itemtype=\"https:\/\/schema.org\/BlogPosting\" itemprop=\"blogPost\" ><div class='avia_textblock  '   itemprop=\"text\" ><p style=\"text-align: center;\"><strong><span style=\"font-size: 18pt;\">Bomberas y aspirantes participan en Primera Jornada por la Equidad de G\u00e9nero<\/span><\/strong><\/p>\n<div id=\"gtx-trans\" style=\"position: absolute; left: -50px; top: 4.31534px;\">\n<div class=\"gtx-trans-icon\"><\/div>\n<\/div>\n<\/div><\/section><\/div><div class=\"flex_column av_one_full  flex_column_div av-zero-column-padding first  avia-builder-el-4  el_after_av_one_full  el_before_av_hr  column-top-margin\" style='border-radius:0px; '><section class=\"av_textblock_section \"  itemscope=\"itemscope\" itemtype=\"https:\/\/schema.org\/BlogPosting\" itemprop=\"blogPost\" ><div class='avia_textblock  '   itemprop=\"text\" ><p style=\"font-weight: 400; text-align: justify;\">Con el objetivo de incorporar el enfoque de g\u00e9nero en su quehacer institucional, el Cuerpo de Bomberos de Coyhaique en coordinaci\u00f3n con el Servicio Nacional de la Mujer y la Equidad de G\u00e9nero, SernamEG, organizaron una jornada de reflexi\u00f3n en la que participaron bomberas y aspirantes de la comuna. Se llev\u00f3 a cabo en el sal\u00f3n auditorio del complejo policial Coyhaique de la Polic\u00eda de Investigaciones de Chile.<\/p>\n<p style=\"font-weight: 400; text-align: justify;\">Como un hito significativo calific\u00f3 la Directora Regional (S) de SernamEG, Carla Arriagada Malague\u00f1o, el evento que tuvo la participaci\u00f3n de alrededor de 20 personas. \u201cAbordamos principalmente los estereotipos y roles de g\u00e9nero, de acuerdo a lo solicitado por la Comisi\u00f3n Regional de Equidad de G\u00e9nero. Esta es la primera actividad que tenemos con bomberas en la Regi\u00f3n, esperamos iniciar un trabajo con la instituci\u00f3n en esta materia y as\u00ed poder ir generando diferentes acciones y talleres para incorporar este enfoque\u201d, precis\u00f3. La autoridad regional agreg\u00f3 que \u201cen la construcci\u00f3n de una sociedad donde mujeres y hombres tengan los mismos derechos es fundamental contar con espacios que los garanticen, por ello el llamado es a que m\u00e1s organizaciones e instituciones incorporen la perspectiva de g\u00e9nero\u201d.<\/p>\n<p style=\"font-weight: 400; text-align: justify;\">Por su parte, la Presidenta de la Comisi\u00f3n Regional de Equidad de G\u00e9nero del Cuerpo de Bomberos de Coyhaique, Javiera Beltr\u00e1n Varas, dijo: \u201cno sirve de mucho que, si queremos hacer una encuesta de la realidad de las voluntarias, desconozcamos los conceptos de acoso o discriminaci\u00f3n; inclusive si no nos conocemos entre nosotras para conocer las problem\u00e1ticas dentro de cada brigada o compa\u00f1\u00eda. Por ello, el primer prop\u00f3sito de esta actividad fue que estemos informadas y tengamos conocimientos para poder plantear mejoras en las compa\u00f1\u00edas\u201d.<\/p>\n<p style=\"font-weight: 400; text-align: justify;\">En la Primera Jornada por la Equidad de G\u00e9nero asistieron bomberas y aspirantes de la comuna de Coyhaique, una de ellas fue la Directora de la Novena Compa\u00f1\u00eda de Bomberos del Blanco, Marlina Orellana Silva, quien resalt\u00f3 que \u201chemos aprendido much\u00edsimo que es lo importante y tambi\u00e9n destaco que pude estar con m\u00e1s mujeres que no nos conoc\u00edamos porque son de varias compa\u00f1\u00edas y pudimos plasmar en esta actividad todo lo que sentimos y experimentamos dentro de nuestras compa\u00f1\u00edas\u201d. En tanto, la bombera honoraria de la Cuarta Compa\u00f1\u00eda de Coyhaique, Marcela D\u00edaz Vargas, sostuvo que \u201cconsidero que esta actividad nos engrandece, porque en realidad son a\u00f1os de trabajo en donde no se hab\u00edan dado estas oportunidades que son complementarias para entregar conocimientos y compartir experiencias; as\u00ed que fue muy grata\u201d.<\/p>\n<\/div><\/section><\/div><div  style='height:50px' class='hr hr-invisible   avia-builder-el-6  el_after_av_one_full  el_before_av_social_share '><span class='hr-inner ' ><span class='hr-inner-style'><\/span><\/span><\/div><\/p>\n<div  class='av-social-sharing-box  avia-builder-el-7  el_after_av_hr  el_before_av_hr  '><div class='av-share-box'><h5 class='av-share-link-description av-no-toc '>Compartir esta noticia<\/h5><ul class='av-share-box-list noLightbox'><li class='av-share-link av-social-link-facebook' ><a target=\"_blank\" aria-label=\"Compartir en Facebook\" href='https:\/\/www.facebook.com\/sharer.php?u=https:\/\/radiorevelacionfm.cl\/?p=18539&#038;t=Bomberas%20y%20aspirantes%20participan%20en%20Primera%20Jornada%20por%20la%20Equidad%20de%20G%C3%A9nero' aria-hidden='false' data-av_icon='\ue8f3' data-av_iconfont='entypo-fontello' title='' data-avia-related-tooltip='Compartir en Facebook' rel=\"noopener\"><span class='avia_hidden_link_text'>Compartir en Facebook<\/span><\/a><\/li><li class='av-share-link av-social-link-twitter' ><a target=\"_blank\" aria-label=\"Compartir en Twitter\" href='https:\/\/twitter.com\/share?text=Bomberas%20y%20aspirantes%20participan%20en%20Primera%20Jornada%20por%20la%20Equidad%20de%20G%C3%A9nero&#038;url=https:\/\/radiorevelacionfm.cl\/?p=18539' aria-hidden='false' data-av_icon='\ue8f1' data-av_iconfont='entypo-fontello' title='' data-avia-related-tooltip='Compartir en Twitter' rel=\"noopener\"><span class='avia_hidden_link_text'>Compartir en Twitter<\/span><\/a><\/li><li class='av-share-link av-social-link-whatsapp' ><a target=\"_blank\" aria-label=\"Compartir en Whatsapp\" href='https:\/\/api.whatsapp.com\/send?text=https:\/\/radiorevelacionfm.cl\/?p=18539' aria-hidden='false' data-av_icon='\uf232' data-av_iconfont='entypo-fontello' title='' data-avia-related-tooltip='Compartir en Whatsapp' rel=\"noopener\"><span class='avia_hidden_link_text'>Compartir en Whatsapp<\/span><\/a><\/li><li class='av-share-link av-social-link-linkedin' ><a target=\"_blank\" aria-label=\"Compartir en LinkedIn\" href='https:\/\/linkedin.com\/shareArticle?mini=true&#038;title=Bomberas%20y%20aspirantes%20participan%20en%20Primera%20Jornada%20por%20la%20Equidad%20de%20G%C3%A9nero&#038;url=https:\/\/radiorevelacionfm.cl\/?p=18539' aria-hidden='false' data-av_icon='\ue8fc' data-av_iconfont='entypo-fontello' title='' data-avia-related-tooltip='Compartir en LinkedIn' rel=\"noopener\"><span class='avia_hidden_link_text'>Compartir en LinkedIn<\/span><\/a><\/li><li class='av-share-link av-social-link-mail' ><a  aria-label=\"Compartir por correo\" href='mailto:?subject=Bomberas%20y%20aspirantes%20participan%20en%20Primera%20Jornada%20por%20la%20Equidad%20de%20G%C3%A9nero&#038;body=https:\/\/radiorevelacionfm.cl\/?p=18539' aria-hidden='false' data-av_icon='\ue805' data-av_iconfont='entypo-fontello' title='' data-avia-related-tooltip='Compartir por correo'><span class='avia_hidden_link_text'>Compartir por correo<\/span><\/a><\/li><\/ul><\/div><\/div>\n<div  style='height:50px' class='hr hr-invisible   avia-builder-el-8  el_after_av_social_share  el_before_av_comments_list '><span class='hr-inner ' ><span class='hr-inner-style'><\/span><\/span><\/div>\n<div  class='av-buildercomment  av-blog-meta-html-info-disabled av-blog-meta-tag-disabled  '><\/div>\n","protected":false},"excerpt":{"rendered":"","protected":false},"author":1,"featured_media":18540,"comment_status":"open","ping_status":"open","sticky":false,"template":"","format":"standard","meta":{"footnotes":""},"categories":[38],"tags":[],"class_list":["post-18539","post","type-post","status-publish","format-standard","has-post-thumbnail","hentry","category-regional"],"jetpack_featured_media_url":"https:\/\/radiorevelacionfm.cl\/wp-content\/uploads\/2022\/06\/sernameg-taller-bomberos-13-1_optimized.jpg","_links":{"self":[{"href":"https:\/\/radiorevelacionfm.cl\/index.php?rest_route=\/wp\/v2\/posts\/18539","targetHints":{"allow":["GET"]}}],"collection":[{"href":"https:\/\/radiorevelacionfm.cl\/index.php?rest_route=\/wp\/v2\/posts"}],"about":[{"href":"https:\/\/radiorevelacionfm.cl\/index.php?rest_route=\/wp\/v2\/types\/post"}],"author":[{"embeddable":true,"href":"https:\/\/radiorevelacionfm.cl\/index.php?rest_route=\/wp\/v2\/users\/1"}],"replies":[{"embeddable":true,"href":"https:\/\/radiorevelacionfm.cl\/index.php?rest_route=%2Fwp%2Fv2%2Fcomments&post=18539"}],"version-history":[{"count":2,"href":"https:\/\/radiorevelacionfm.cl\/index.php?rest_route=\/wp\/v2\/posts\/18539\/revisions"}],"predecessor-version":[{"id":18545,"href":"https:\/\/radiorevelacionfm.cl\/index.php?rest_route=\/wp\/v2\/posts\/18539\/revisions\/18545"}],"wp:featuredmedia":[{"embeddable":true,"href":"https:\/\/radiorevelacionfm.cl\/index.php?rest_route=\/wp\/v2\/media\/18540"}],"wp:attachment":[{"href":"https:\/\/radiorevelacionfm.cl\/index.php?rest_route=%2Fwp%2Fv2%2Fmedia&parent=18539"}],"wp:term":[{"taxonomy":"category","embeddable":true,"href":"https:\/\/radiorevelacionfm.cl\/index.php?rest_route=%2Fwp%2Fv2%2Fcategories&post=18539"},{"taxonomy":"post_tag","embeddable":true,"href":"https:\/\/radiorevelacionfm.cl\/index.php?rest_route=%2Fwp%2Fv2%2Ftags&post=18539"}],"curies":[{"name":"wp","href":"https:\/\/api.w.org\/{rel}","templated":true}]}}