{"id":18536,"date":"2022-06-28T16:06:57","date_gmt":"2022-06-28T19:06:57","guid":{"rendered":"https:\/\/radiorevelacionfm.cl\/?p=18536"},"modified":"2022-06-28T16:06:57","modified_gmt":"2022-06-28T19:06:57","slug":"equipo-de-salud-visito-sector-norte-de-la-region-para-escuchar-a-comunidades-y-gestionar-respuestas-a-sus-requerimientos","status":"publish","type":"post","link":"https:\/\/radiorevelacionfm.cl\/?p=18536","title":{"rendered":"Equipo de Salud visit\u00f3 sector norte de la regi\u00f3n para escuchar a comunidades y gestionar respuestas a sus requerimientos"},"content":{"rendered":"<div class=\"flex_column av_one_full  flex_column_div av-zero-column-padding first  avia-builder-el-0  el_before_av_one_full  avia-builder-el-first  \" style='border-radius:0px; '><div  class='avia-image-container  av-styling-    avia-builder-el-1  avia-builder-el-no-sibling  avia-align-center '  itemprop=\"image\" itemscope=\"itemscope\" itemtype=\"https:\/\/schema.org\/ImageObject\"  ><div class='avia-image-container-inner'><div class='avia-image-overlay-wrap'><img decoding=\"async\" class='wp-image-18537 avia-img-lazy-loading-not-18537 avia_image' src=\"https:\/\/radiorevelacionfm.cl\/wp-content\/uploads\/2022\/06\/visita-zona-norte-ssa-7-1_optimized.jpeg\" alt='' title='visita-zona-norte-ssa-(7)-(1)_optimized' height=\"600\" width=\"802\"  itemprop=\"thumbnailUrl\" srcset=\"https:\/\/radiorevelacionfm.cl\/wp-content\/uploads\/2022\/06\/visita-zona-norte-ssa-7-1_optimized.jpeg 802w, https:\/\/radiorevelacionfm.cl\/wp-content\/uploads\/2022\/06\/visita-zona-norte-ssa-7-1_optimized-300x224.jpeg 300w, https:\/\/radiorevelacionfm.cl\/wp-content\/uploads\/2022\/06\/visita-zona-norte-ssa-7-1_optimized-768x575.jpeg 768w, https:\/\/radiorevelacionfm.cl\/wp-content\/uploads\/2022\/06\/visita-zona-norte-ssa-7-1_optimized-705x527.jpeg 705w, https:\/\/radiorevelacionfm.cl\/wp-content\/uploads\/2022\/06\/visita-zona-norte-ssa-7-1_optimized-600x449.jpeg 600w\" sizes=\"(max-width: 802px) 100vw, 802px\" \/><\/div><\/div><\/div><\/div><div class=\"flex_column av_one_full  flex_column_div av-zero-column-padding first  avia-builder-el-2  el_after_av_one_full  el_before_av_one_full  column-top-margin\" style='border-radius:0px; '><section class=\"av_textblock_section \"  itemscope=\"itemscope\" itemtype=\"https:\/\/schema.org\/BlogPosting\" itemprop=\"blogPost\" ><div class='avia_textblock  '   itemprop=\"text\" ><p style=\"text-align: center;\"><strong><span style=\"font-size: 18pt;\">Equipo de Salud visit\u00f3 sector norte de la regi\u00f3n para escuchar a comunidades y gestionar respuestas a sus requerimientos<\/span><\/strong><\/p>\n<div id=\"gtx-trans\" style=\"position: absolute; left: -50px; top: 4.31534px;\">\n<div class=\"gtx-trans-icon\"><\/div>\n<\/div>\n<\/div><\/section><\/div><div class=\"flex_column av_one_full  flex_column_div av-zero-column-padding first  avia-builder-el-4  el_after_av_one_full  el_before_av_hr  column-top-margin\" style='border-radius:0px; '><section class=\"av_textblock_section \"  itemscope=\"itemscope\" itemtype=\"https:\/\/schema.org\/BlogPosting\" itemprop=\"blogPost\" ><div class='avia_textblock  '   itemprop=\"text\" ><p style=\"font-weight: 400; text-align: justify;\">El equipo directivo del Servicio de Salud Ays\u00e9n se traslad\u00f3 al norte de la regi\u00f3n de Ays\u00e9n para visitar a funcionarios, funcionarias y comunidad de Puerto Ra\u00fal Mar\u00edn Balmaceda, La Junta, Lago Verde y Puyuhuapi, para conocer el estado de la red de salud y la atenci\u00f3n primaria, desde el punto de vista de la comunidad, funcionarios y funcionarias.<\/p>\n<p style=\"font-weight: 400; text-align: justify;\">En Ra\u00fal Mar\u00edn Balmaceda, visitaron la posta, donde fueron parte de la entrega de una centr\u00edfuga para muestras de sangre, adem\u00e1s de la ronda m\u00e9dica en la escuela local. \u201cHemos recorrido el territorio para conversar con nuestros funcionarios y la comunidad. Tuvimos una reuni\u00f3n con el consejo consultivo y la junta de vecinos de Lago Verde para que nos comentaran la situaci\u00f3n de la posta y lo que podemos mejorar para avanzar\u201d, explic\u00f3 Gabriel Burgos, director del Servicio de Salud Ays\u00e9n.<\/p>\n<p style=\"font-weight: 400; text-align: justify;\">\u201cTambi\u00e9n en Puerto Ra\u00fal Mar\u00edn Balmaceda el equipo se reuni\u00f3 con la comunidad, en la escuela, con los funcionarios, donde a trav\u00e9s de un convenio con la municipalidad se entreg\u00f3 una centr\u00edfuga que permitir\u00e1 tomar ex\u00e1menes de los pacientes en la misma localidad y trasladarlos a La Junta y no ser\u00e1 necesario que se trasladen a la esta \u00faltima localidad y queremos ver la opci\u00f3n de hacer lo mismo en Lago Verde\u201d, acot\u00f3 Burgos Salas.<\/p>\n<p style=\"font-weight: 400; text-align: justify;\">Conjuntamente, se reunieron con el consejo consultivo de La Junta, donde esta instancia ciudadana hizo ver temas de rondas m\u00e9dicas y profesionales, \u201cque por la pandemia nos ha costado traer a la regi\u00f3n\u201d.<\/p>\n<p style=\"font-weight: 400; text-align: justify;\">Lorena Guerrero, directora de Atenci\u00f3n Primaria (APS) y que recientemente estuvo a cargo del CESFAM La Junta se\u00f1al\u00f3 que \u201cpudimos ver las necesidades que tienen las comunidades y fuimos con la voluntad de la direcci\u00f3n del servicio resolviendo temas que son menores, pero que impactan en la mejora de salud de las comunidades. Estamos instalando conexi\u00f3n satelital de internet en Ra\u00fal Mar\u00edn est\u00e1 listo y Lago Verde se instalar\u00e1 ahora y eso permitir\u00e1 hacer teleasistencia, acceder a hospital digital, estrategias que promueve MINSAL para acercar la atenci\u00f3n a las comunidades\u201d.<\/p>\n<p style=\"font-weight: 400; text-align: justify;\">La profesional de la salud agreg\u00f3 que \u201ceste equipo m\u00e9dico nos permite hacer el proceso pre anal\u00edtico de una muestra de sangre, es decir, se prepara para ser trasladada a un laboratorio y en ese lugar analizar los par\u00e1metros que necesitan los m\u00e9dicos. Para nosotros es una ayuda, porque permite que el equipo de cabecera de la posta pueda tomar decisiones terap\u00e9uticas respecto al tratamiento de ciertos pacientes, para el control de enfermedades cardiovasculares, tratamientos m\u00e9dicos, es una gran ayuda y nos permite tener una visi\u00f3n m\u00e1s general y espec\u00edfica de los usuarios\u201d.<\/p>\n<p style=\"font-weight: 400; text-align: justify;\">La visita se realiz\u00f3 en conjunto con el director subrogante del CESFAM La Junta, Joaqu\u00edn Guti\u00e9rrez.<\/p>\n<p style=\"font-weight: 400; text-align: justify;\"><strong>Rondas y conectividad<\/strong><\/p>\n<p style=\"font-weight: 400; text-align: justify;\">La matrona de ronda m\u00e9dica del CESFAM de La Junta, Daniela C\u00e1rcamo, quien visita peri\u00f3dicamente las localidades del norte de la regi\u00f3n, a\u00f1adi\u00f3 que \u201cme dedico a realizar los controles de salud en su ciclo vital a las mujeres en las localidades de Ra\u00fal Mar\u00edn, Lago Verde, Puyuhuapi, controles de salud adolescente, ginecol\u00f3gicos, fecundidad, embarazo, entre otras\u201d.<\/p>\n<p style=\"font-weight: 400; text-align: justify;\">Para las comunidades aisladas es una oportunidad cuando las autoridades visitan los lugares donde viven, porque pueden dar a conocer cada una de las situaciones que las aquejan y plantear sus inquietudes y demandas. \u201cSe plante\u00f3 ac\u00e1 el tema de los ex\u00e1menes, a veces no se coordina muy bien la toma de ex\u00e1menes con el bus que tenemos y que tiene un puro recorrido hacia La Junta, m\u00e1s con este camino que se pone tan malo con las heladas, esa es una gran problem\u00e1tica, pero el resto funcionando muy conforme y lo otro es el tema de las rondas, que est\u00e1 el compromiso de las autoridades de tener una ronda m\u00e1s presente y un tiempo de paciencia y espera tambi\u00e9n\u201d, precis\u00f3 Jenny Uribe, presidenta de la Junta de Vecinos de Lago Verde.<\/p>\n<p style=\"font-weight: 400; text-align: justify;\">En tanto, don Germ\u00e1n de La Junta, indic\u00f3 que es \u201cmuy importante y muy provechosa la reuni\u00f3n con el director del servicio, pudimos consultar y hacer las peticiones y felicitarlos porque nos vinieron a escuchar ac\u00e1\u201d.<\/p>\n<p style=\"font-weight: 400; text-align: justify;\">Una opini\u00f3n similar tuvo don Manuel C\u00e1rdenas, de Lago Verde, quien tambi\u00e9n valor\u00f3 estos di\u00e1logos con las autoridades, que les permiten acercar posiciones y asumir compromisos.<\/p>\n<p style=\"font-weight: 400; text-align: justify;\">Finalmente, una de las buenas noticias para Puyuhuapi, es que el proyecto de posta nueva para el sector podr\u00eda estar licitado dentro del a\u00f1o 2022.<\/p>\n<\/div><\/section><\/div><div  style='height:50px' class='hr hr-invisible   avia-builder-el-6  el_after_av_one_full  el_before_av_social_share '><span class='hr-inner ' ><span class='hr-inner-style'><\/span><\/span><\/div><\/p>\n<div  class='av-social-sharing-box  avia-builder-el-7  el_after_av_hr  el_before_av_hr  '><div class='av-share-box'><h5 class='av-share-link-description av-no-toc '>Compartir esta noticia<\/h5><ul class='av-share-box-list noLightbox'><li class='av-share-link av-social-link-facebook' ><a target=\"_blank\" aria-label=\"Compartir en Facebook\" href='https:\/\/www.facebook.com\/sharer.php?u=https:\/\/radiorevelacionfm.cl\/?p=18536&#038;t=Equipo%20de%20Salud%20visit%C3%B3%20sector%20norte%20de%20la%20regi%C3%B3n%20para%20escuchar%20a%20comunidades%20y%20gestionar%20respuestas%20a%20sus%20requerimientos' aria-hidden='false' data-av_icon='\ue8f3' data-av_iconfont='entypo-fontello' title='' data-avia-related-tooltip='Compartir en Facebook' rel=\"noopener\"><span class='avia_hidden_link_text'>Compartir en Facebook<\/span><\/a><\/li><li class='av-share-link av-social-link-twitter' ><a target=\"_blank\" aria-label=\"Compartir en Twitter\" href='https:\/\/twitter.com\/share?text=Equipo%20de%20Salud%20visit%C3%B3%20sector%20norte%20de%20la%20regi%C3%B3n%20para%20escuchar%20a%20comunidades%20y%20gestionar%20respuestas%20a%20sus%20requerimientos&#038;url=https:\/\/radiorevelacionfm.cl\/?p=18536' aria-hidden='false' data-av_icon='\ue8f1' data-av_iconfont='entypo-fontello' title='' data-avia-related-tooltip='Compartir en Twitter' rel=\"noopener\"><span class='avia_hidden_link_text'>Compartir en Twitter<\/span><\/a><\/li><li class='av-share-link av-social-link-whatsapp' ><a target=\"_blank\" aria-label=\"Compartir en Whatsapp\" href='https:\/\/api.whatsapp.com\/send?text=https:\/\/radiorevelacionfm.cl\/?p=18536' aria-hidden='false' data-av_icon='\uf232' data-av_iconfont='entypo-fontello' title='' data-avia-related-tooltip='Compartir en Whatsapp' rel=\"noopener\"><span class='avia_hidden_link_text'>Compartir en Whatsapp<\/span><\/a><\/li><li class='av-share-link av-social-link-linkedin' ><a target=\"_blank\" aria-label=\"Compartir en LinkedIn\" href='https:\/\/linkedin.com\/shareArticle?mini=true&#038;title=Equipo%20de%20Salud%20visit%C3%B3%20sector%20norte%20de%20la%20regi%C3%B3n%20para%20escuchar%20a%20comunidades%20y%20gestionar%20respuestas%20a%20sus%20requerimientos&#038;url=https:\/\/radiorevelacionfm.cl\/?p=18536' aria-hidden='false' data-av_icon='\ue8fc' data-av_iconfont='entypo-fontello' title='' data-avia-related-tooltip='Compartir en LinkedIn' rel=\"noopener\"><span class='avia_hidden_link_text'>Compartir en LinkedIn<\/span><\/a><\/li><li class='av-share-link av-social-link-mail' ><a  aria-label=\"Compartir por correo\" href='mailto:?subject=Equipo%20de%20Salud%20visit%C3%B3%20sector%20norte%20de%20la%20regi%C3%B3n%20para%20escuchar%20a%20comunidades%20y%20gestionar%20respuestas%20a%20sus%20requerimientos&#038;body=https:\/\/radiorevelacionfm.cl\/?p=18536' aria-hidden='false' data-av_icon='\ue805' data-av_iconfont='entypo-fontello' title='' data-avia-related-tooltip='Compartir por correo'><span class='avia_hidden_link_text'>Compartir por correo<\/span><\/a><\/li><\/ul><\/div><\/div>\n<div  style='height:50px' class='hr hr-invisible   avia-builder-el-8  el_after_av_social_share  el_before_av_comments_list '><span class='hr-inner ' ><span class='hr-inner-style'><\/span><\/span><\/div>\n<div  class='av-buildercomment  av-blog-meta-html-info-disabled av-blog-meta-tag-disabled  '><\/div>\n","protected":false},"excerpt":{"rendered":"","protected":false},"author":1,"featured_media":18537,"comment_status":"open","ping_status":"open","sticky":false,"template":"","format":"standard","meta":{"footnotes":""},"categories":[46],"tags":[],"class_list":["post-18536","post","type-post","status-publish","format-standard","has-post-thumbnail","hentry","category-salud"],"jetpack_featured_media_url":"https:\/\/radiorevelacionfm.cl\/wp-content\/uploads\/2022\/06\/visita-zona-norte-ssa-7-1_optimized.jpeg","_links":{"self":[{"href":"https:\/\/radiorevelacionfm.cl\/index.php?rest_route=\/wp\/v2\/posts\/18536","targetHints":{"allow":["GET"]}}],"collection":[{"href":"https:\/\/radiorevelacionfm.cl\/index.php?rest_route=\/wp\/v2\/posts"}],"about":[{"href":"https:\/\/radiorevelacionfm.cl\/index.php?rest_route=\/wp\/v2\/types\/post"}],"author":[{"embeddable":true,"href":"https:\/\/radiorevelacionfm.cl\/index.php?rest_route=\/wp\/v2\/users\/1"}],"replies":[{"embeddable":true,"href":"https:\/\/radiorevelacionfm.cl\/index.php?rest_route=%2Fwp%2Fv2%2Fcomments&post=18536"}],"version-history":[{"count":2,"href":"https:\/\/radiorevelacionfm.cl\/index.php?rest_route=\/wp\/v2\/posts\/18536\/revisions"}],"predecessor-version":[{"id":18552,"href":"https:\/\/radiorevelacionfm.cl\/index.php?rest_route=\/wp\/v2\/posts\/18536\/revisions\/18552"}],"wp:featuredmedia":[{"embeddable":true,"href":"https:\/\/radiorevelacionfm.cl\/index.php?rest_route=\/wp\/v2\/media\/18537"}],"wp:attachment":[{"href":"https:\/\/radiorevelacionfm.cl\/index.php?rest_route=%2Fwp%2Fv2%2Fmedia&parent=18536"}],"wp:term":[{"taxonomy":"category","embeddable":true,"href":"https:\/\/radiorevelacionfm.cl\/index.php?rest_route=%2Fwp%2Fv2%2Fcategories&post=18536"},{"taxonomy":"post_tag","embeddable":true,"href":"https:\/\/radiorevelacionfm.cl\/index.php?rest_route=%2Fwp%2Fv2%2Ftags&post=18536"}],"curies":[{"name":"wp","href":"https:\/\/api.w.org\/{rel}","templated":true}]}}