{"id":18531,"date":"2022-06-28T12:27:52","date_gmt":"2022-06-28T15:27:52","guid":{"rendered":"https:\/\/radiorevelacionfm.cl\/?p=18531"},"modified":"2022-06-28T12:27:52","modified_gmt":"2022-06-28T15:27:52","slug":"empresa-portuaria-chacabuco-valora-importante-acercamiento-con-alcalde-de-aysen","status":"publish","type":"post","link":"https:\/\/radiorevelacionfm.cl\/?p=18531","title":{"rendered":"Empresa Portuaria Chacabuco valora importante acercamiento con alcalde de Ays\u00e9n"},"content":{"rendered":"<div class=\"flex_column av_one_full  flex_column_div av-zero-column-padding first  avia-builder-el-0  el_before_av_one_full  avia-builder-el-first  \" style='border-radius:0px; '><div  class='avia-image-container  av-styling-    avia-builder-el-1  avia-builder-el-no-sibling  avia-align-center '  itemprop=\"image\" itemscope=\"itemscope\" itemtype=\"https:\/\/schema.org\/ImageObject\"  ><div class='avia-image-container-inner'><div class='avia-image-overlay-wrap'><img decoding=\"async\" class='wp-image-18532 avia-img-lazy-loading-not-18532 avia_image' src=\"https:\/\/radiorevelacionfm.cl\/wp-content\/uploads\/2022\/06\/Reunion-alcalde-de-Aysen-1-1.jpeg\" alt='' title='Reuni\u00f3n alcalde de Ays\u00e9n (1) (1)' height=\"600\" width=\"802\"  itemprop=\"thumbnailUrl\" srcset=\"https:\/\/radiorevelacionfm.cl\/wp-content\/uploads\/2022\/06\/Reunion-alcalde-de-Aysen-1-1.jpeg 802w, https:\/\/radiorevelacionfm.cl\/wp-content\/uploads\/2022\/06\/Reunion-alcalde-de-Aysen-1-1-300x224.jpeg 300w, https:\/\/radiorevelacionfm.cl\/wp-content\/uploads\/2022\/06\/Reunion-alcalde-de-Aysen-1-1-768x575.jpeg 768w, https:\/\/radiorevelacionfm.cl\/wp-content\/uploads\/2022\/06\/Reunion-alcalde-de-Aysen-1-1-705x527.jpeg 705w, https:\/\/radiorevelacionfm.cl\/wp-content\/uploads\/2022\/06\/Reunion-alcalde-de-Aysen-1-1-600x449.jpeg 600w\" sizes=\"(max-width: 802px) 100vw, 802px\" \/><\/div><\/div><\/div><\/div><div class=\"flex_column av_one_full  flex_column_div av-zero-column-padding first  avia-builder-el-2  el_after_av_one_full  el_before_av_one_full  column-top-margin\" style='border-radius:0px; '><section class=\"av_textblock_section \"  itemscope=\"itemscope\" itemtype=\"https:\/\/schema.org\/BlogPosting\" itemprop=\"blogPost\" ><div class='avia_textblock  '   itemprop=\"text\" ><p style=\"text-align: center;\" align=\"center\"><strong><span style=\"font-size: 18pt;\">Empresa Portuaria Chacabuco valora importante acercamiento con alcalde de Ays\u00e9n<\/span><\/strong><\/p>\n<div id=\"gtx-trans\" style=\"position: absolute; left: -50px; top: 4.31534px;\">\n<div class=\"gtx-trans-icon\"><\/div>\n<\/div>\n<\/div><\/section><\/div><div class=\"flex_column av_one_full  flex_column_div av-zero-column-padding first  avia-builder-el-4  el_after_av_one_full  el_before_av_hr  column-top-margin\" style='border-radius:0px; '><section class=\"av_textblock_section \"  itemscope=\"itemscope\" itemtype=\"https:\/\/schema.org\/BlogPosting\" itemprop=\"blogPost\" ><div class='avia_textblock  '   itemprop=\"text\" ><p class=\"Marcelo\" style=\"text-align: justify;\">A poco m\u00e1s de un mes de haber sido nombrados por parte del Sistema de Empresas P\u00fablicas (SEP), el nuevo Directorio de Empresa Portuaria Chacabuco, contin\u00faa con su intensa agenda de reuniones con actores claves de la regi\u00f3n y del territorio en el cual la firma estatal opera y administra el principal puerto de la Regi\u00f3n de Ays\u00e9n.<\/p>\n<p class=\"Marcelo\" style=\"text-align: justify;\">En efecto, la directiva que conforman Enrique Runin (Presidente); Zaida Mu\u00f1oz (VicePresidenta) y Felipe Rojas (Director), luego de haber consensuado visiones sobre el desarrollo actual y futuro del puerto con autoridades como la gobernadora regional, el delegado presidencial y parte del gabinete de Seremis de la Regi\u00f3n, ha continuado fijando una hoja de ruta com\u00fan con actores locales, acompa\u00f1ados por el gerente general de Emporcha, Gast\u00f3n Bast\u00edas.<\/p>\n<p class=\"Marcelo\" style=\"text-align: justify;\">En esa l\u00ednea, la directiva de Empresa Portuaria Chacabuco visit\u00f3 al alcalde de la comuna de Ays\u00e9n, Julio Uribe, con el fin de presentarse y abordar una serie de temas en los que el puerto y la comuna se vinculan estrechamente.<\/p>\n<p class=\"Marcelo\" style=\"text-align: justify;\">Seg\u00fan detall\u00f3 el presidente de la empresa, \u201cen particular pudimos dialogar sobre Puerto Chacabuco y Puerto Aguirre, ambos dentro de la comuna y cuya infraestructura portuaria nosotros administramos; sobre su funcionamiento y futuro desarrollo, que creemos debe siempre pensarse de forma arm\u00f3nica con su ciudad y las distintas localidades en las que se emplaza y opera\u201d.<\/p>\n<p class=\"Marcelo\" style=\"text-align: justify;\">Runin adelant\u00f3, adem\u00e1s, que se invit\u00f3 al jefe comunal a ser parte de la pr\u00f3xima reuni\u00f3n del Consejo de Coordinaci\u00f3n Ciudad Puerto, que se realizar\u00e1 durante el mes de julio en dependencias de Puerto Chacabuco, y que la Ley de Puertos ha establecido -a nivel nacional- como uno de los principales mecanismos de articulaci\u00f3n y colaboraci\u00f3n entre las empresas portuarias, las autoridades y otras instituciones involucradas en la actividad.<\/p>\n<p class=\"Marcelo\" style=\"text-align: justify;\">Tambi\u00e9n la cita con el alcalde Julio Uribe permiti\u00f3 \u201ctratar temas relacionados con el turismo y avanzar en algunas de las coordinaciones de cara a la pr\u00f3xima Temporada de Cruceros 2022-2023 de Puerto Chacabuco\u201d, asegur\u00f3 el presidente de Emporcha, quien asimismo valor\u00f3 que pudieran dialogarse de materias como los accesos al puerto y el establecimiento de canales mutuos de comunicaci\u00f3n entre la compa\u00f1\u00eda y el municipio.<\/p>\n<p class=\"Marcelo\" style=\"text-align: justify;\">\u201cEn definitiva nuestra convicci\u00f3n es que la Empresa Portuaria Chacabuco debe desarrollar proyectos que contribuyan a la comuna, estableciendo formas de comunicaci\u00f3n fluidas con la alcald\u00eda; y de la misma forma, que el municipio impulse sus distintas iniciativas considerando la presencia de nuestros muelles y de la propia actividad portuaria\u201d, cerr\u00f3 Runin.<\/p>\n<\/div><\/section><\/div><div  style='height:50px' class='hr hr-invisible   avia-builder-el-6  el_after_av_one_full  el_before_av_social_share '><span class='hr-inner ' ><span class='hr-inner-style'><\/span><\/span><\/div><\/p>\n<div  class='av-social-sharing-box  avia-builder-el-7  el_after_av_hr  el_before_av_hr  '><div class='av-share-box'><h5 class='av-share-link-description av-no-toc '>Compartir esta noticia<\/h5><ul class='av-share-box-list noLightbox'><li class='av-share-link av-social-link-facebook' ><a target=\"_blank\" aria-label=\"Compartir en Facebook\" href='https:\/\/www.facebook.com\/sharer.php?u=https:\/\/radiorevelacionfm.cl\/?p=18531&#038;t=Empresa%20Portuaria%20Chacabuco%20valora%20importante%20acercamiento%20con%20alcalde%20de%20Ays%C3%A9n' aria-hidden='false' data-av_icon='\ue8f3' data-av_iconfont='entypo-fontello' title='' data-avia-related-tooltip='Compartir en Facebook' rel=\"noopener\"><span class='avia_hidden_link_text'>Compartir en Facebook<\/span><\/a><\/li><li class='av-share-link av-social-link-twitter' ><a target=\"_blank\" aria-label=\"Compartir en Twitter\" href='https:\/\/twitter.com\/share?text=Empresa%20Portuaria%20Chacabuco%20valora%20importante%20acercamiento%20con%20alcalde%20de%20Ays%C3%A9n&#038;url=https:\/\/radiorevelacionfm.cl\/?p=18531' aria-hidden='false' data-av_icon='\ue8f1' data-av_iconfont='entypo-fontello' title='' data-avia-related-tooltip='Compartir en Twitter' rel=\"noopener\"><span class='avia_hidden_link_text'>Compartir en Twitter<\/span><\/a><\/li><li class='av-share-link av-social-link-whatsapp' ><a target=\"_blank\" aria-label=\"Compartir en Whatsapp\" href='https:\/\/api.whatsapp.com\/send?text=https:\/\/radiorevelacionfm.cl\/?p=18531' aria-hidden='false' data-av_icon='\uf232' data-av_iconfont='entypo-fontello' title='' data-avia-related-tooltip='Compartir en Whatsapp' rel=\"noopener\"><span class='avia_hidden_link_text'>Compartir en Whatsapp<\/span><\/a><\/li><li class='av-share-link av-social-link-linkedin' ><a target=\"_blank\" aria-label=\"Compartir en LinkedIn\" href='https:\/\/linkedin.com\/shareArticle?mini=true&#038;title=Empresa%20Portuaria%20Chacabuco%20valora%20importante%20acercamiento%20con%20alcalde%20de%20Ays%C3%A9n&#038;url=https:\/\/radiorevelacionfm.cl\/?p=18531' aria-hidden='false' data-av_icon='\ue8fc' data-av_iconfont='entypo-fontello' title='' data-avia-related-tooltip='Compartir en LinkedIn' rel=\"noopener\"><span class='avia_hidden_link_text'>Compartir en LinkedIn<\/span><\/a><\/li><li class='av-share-link av-social-link-mail' ><a  aria-label=\"Compartir por correo\" href='mailto:?subject=Empresa%20Portuaria%20Chacabuco%20valora%20importante%20acercamiento%20con%20alcalde%20de%20Ays%C3%A9n&#038;body=https:\/\/radiorevelacionfm.cl\/?p=18531' aria-hidden='false' data-av_icon='\ue805' data-av_iconfont='entypo-fontello' title='' data-avia-related-tooltip='Compartir por correo'><span class='avia_hidden_link_text'>Compartir por correo<\/span><\/a><\/li><\/ul><\/div><\/div>\n<div  style='height:50px' class='hr hr-invisible   avia-builder-el-8  el_after_av_social_share  el_before_av_comments_list '><span class='hr-inner ' ><span class='hr-inner-style'><\/span><\/span><\/div>\n<div  class='av-buildercomment  av-blog-meta-html-info-disabled av-blog-meta-tag-disabled  '><\/div>\n","protected":false},"excerpt":{"rendered":"","protected":false},"author":1,"featured_media":18532,"comment_status":"open","ping_status":"open","sticky":false,"template":"","format":"standard","meta":{"footnotes":""},"categories":[38],"tags":[],"class_list":["post-18531","post","type-post","status-publish","format-standard","has-post-thumbnail","hentry","category-regional"],"jetpack_featured_media_url":"https:\/\/radiorevelacionfm.cl\/wp-content\/uploads\/2022\/06\/Reunion-alcalde-de-Aysen-1-1.jpeg","_links":{"self":[{"href":"https:\/\/radiorevelacionfm.cl\/index.php?rest_route=\/wp\/v2\/posts\/18531","targetHints":{"allow":["GET"]}}],"collection":[{"href":"https:\/\/radiorevelacionfm.cl\/index.php?rest_route=\/wp\/v2\/posts"}],"about":[{"href":"https:\/\/radiorevelacionfm.cl\/index.php?rest_route=\/wp\/v2\/types\/post"}],"author":[{"embeddable":true,"href":"https:\/\/radiorevelacionfm.cl\/index.php?rest_route=\/wp\/v2\/users\/1"}],"replies":[{"embeddable":true,"href":"https:\/\/radiorevelacionfm.cl\/index.php?rest_route=%2Fwp%2Fv2%2Fcomments&post=18531"}],"version-history":[{"count":2,"href":"https:\/\/radiorevelacionfm.cl\/index.php?rest_route=\/wp\/v2\/posts\/18531\/revisions"}],"predecessor-version":[{"id":18535,"href":"https:\/\/radiorevelacionfm.cl\/index.php?rest_route=\/wp\/v2\/posts\/18531\/revisions\/18535"}],"wp:featuredmedia":[{"embeddable":true,"href":"https:\/\/radiorevelacionfm.cl\/index.php?rest_route=\/wp\/v2\/media\/18532"}],"wp:attachment":[{"href":"https:\/\/radiorevelacionfm.cl\/index.php?rest_route=%2Fwp%2Fv2%2Fmedia&parent=18531"}],"wp:term":[{"taxonomy":"category","embeddable":true,"href":"https:\/\/radiorevelacionfm.cl\/index.php?rest_route=%2Fwp%2Fv2%2Fcategories&post=18531"},{"taxonomy":"post_tag","embeddable":true,"href":"https:\/\/radiorevelacionfm.cl\/index.php?rest_route=%2Fwp%2Fv2%2Ftags&post=18531"}],"curies":[{"name":"wp","href":"https:\/\/api.w.org\/{rel}","templated":true}]}}