{"id":18527,"date":"2022-06-28T12:15:38","date_gmt":"2022-06-28T15:15:38","guid":{"rendered":"https:\/\/radiorevelacionfm.cl\/?p=18527"},"modified":"2022-06-28T12:15:38","modified_gmt":"2022-06-28T15:15:38","slug":"mop-cumple-135-anos-construyendo-infraestructura-para-mejorar-la-vida-de-vecinas-y-vecinos-de-la-region-de-aysen","status":"publish","type":"post","link":"https:\/\/radiorevelacionfm.cl\/?p=18527","title":{"rendered":"MOP cumple 135 a\u00f1os construyendo infraestructura para mejorar la vida de vecinas y vecinos de la regi\u00f3n de Ays\u00e9n"},"content":{"rendered":"<div class=\"flex_column av_one_full  flex_column_div av-zero-column-padding first  avia-builder-el-0  el_before_av_one_full  avia-builder-el-first  \" style='border-radius:0px; '><div  class='avia-image-container  av-styling-    avia-builder-el-1  avia-builder-el-no-sibling  avia-align-center '  itemprop=\"image\" itemscope=\"itemscope\" itemtype=\"https:\/\/schema.org\/ImageObject\"  ><div class='avia-image-container-inner'><div class='avia-image-overlay-wrap'><img decoding=\"async\" class='wp-image-18528 avia-img-lazy-loading-not-18528 avia_image' src=\"https:\/\/radiorevelacionfm.cl\/wp-content\/uploads\/2022\/06\/jubilados5-1_optimized.jpg\" alt='' title='jubilados5-(1)_optimized' height=\"600\" width=\"1899\"  itemprop=\"thumbnailUrl\" srcset=\"https:\/\/radiorevelacionfm.cl\/wp-content\/uploads\/2022\/06\/jubilados5-1_optimized.jpg 1899w, https:\/\/radiorevelacionfm.cl\/wp-content\/uploads\/2022\/06\/jubilados5-1_optimized-300x95.jpg 300w, https:\/\/radiorevelacionfm.cl\/wp-content\/uploads\/2022\/06\/jubilados5-1_optimized-1030x325.jpg 1030w, https:\/\/radiorevelacionfm.cl\/wp-content\/uploads\/2022\/06\/jubilados5-1_optimized-768x243.jpg 768w, https:\/\/radiorevelacionfm.cl\/wp-content\/uploads\/2022\/06\/jubilados5-1_optimized-1536x485.jpg 1536w, https:\/\/radiorevelacionfm.cl\/wp-content\/uploads\/2022\/06\/jubilados5-1_optimized-1500x474.jpg 1500w, https:\/\/radiorevelacionfm.cl\/wp-content\/uploads\/2022\/06\/jubilados5-1_optimized-705x223.jpg 705w, https:\/\/radiorevelacionfm.cl\/wp-content\/uploads\/2022\/06\/jubilados5-1_optimized-600x190.jpg 600w\" sizes=\"(max-width: 1899px) 100vw, 1899px\" \/><\/div><\/div><\/div><\/div><div class=\"flex_column av_one_full  flex_column_div av-zero-column-padding first  avia-builder-el-2  el_after_av_one_full  el_before_av_one_full  column-top-margin\" style='border-radius:0px; '><section class=\"av_textblock_section \"  itemscope=\"itemscope\" itemtype=\"https:\/\/schema.org\/BlogPosting\" itemprop=\"blogPost\" ><div class='avia_textblock  '   itemprop=\"text\" ><p style=\"text-align: center;\"><span style=\"font-size: 18pt;\"><strong>MOP cumple 135 a\u00f1os construyendo infraestructura para mejorar la vida de vecinas y vecinos de la regi\u00f3n de Ays\u00e9n<\/strong><\/span><\/p>\n<div id=\"gtx-trans\" style=\"position: absolute; left: -50px; top: 4.31534px;\">\n<div class=\"gtx-trans-icon\"><\/div>\n<\/div>\n<\/div><\/section><\/div><div class=\"flex_column av_one_full  flex_column_div av-zero-column-padding first  avia-builder-el-4  el_after_av_one_full  el_before_av_hr  column-top-margin\" style='border-radius:0px; '><section class=\"av_textblock_section \"  itemscope=\"itemscope\" itemtype=\"https:\/\/schema.org\/BlogPosting\" itemprop=\"blogPost\" ><div class='avia_textblock  '   itemprop=\"text\" ><p style=\"text-align: justify;\">El Ministerio de Obras P\u00fablicas celebr\u00f3 135 a\u00f1os de vida y lo hizo destacando a sus Trabajadores y Trabajadoras, que cumplieron 30, 40 y 56 a\u00f1os de Servicio en el Ministerio de Obras P\u00fablicas, entre otras importantes actividades que se desarrollaron durante todo este mes.<\/p>\n<p style=\"text-align: justify;\">\u201cEstamos celebrando 135 a\u00f1os en una ceremonia bastante \u00edntima y en donde hemos destacado \u00a0cuatro ejes relevantes como son la vuelta al trabajo presencial de parte de nuestros equipos y todo lo que esto implica, las relaciones laborales y los desaf\u00edos que tenemos a futuro, as\u00ed como tambi\u00e9n resaltamos el trabajo colectivo por sobre el trabajo individual y hemos invitado a usar la creatividad y la tecnolog\u00eda adem\u00e1s de las herramientas que nuestro propio Ministerio ha desarrollado durante estos a\u00f1os para buscar nuevas soluciones a los problemas tradicionales que hemos tenido y enfrentar los nuevos desaf\u00edos que nos deparan en estos a\u00f1os del gobierno de Gabriel Boric. Los desaf\u00edos son claramente la conectividad integral, que es lo que nos demanda la comunidad, mirando la infraestructura no solamente para que sea para las personas que la utilizan, sino tambi\u00e9n para los vecinos y vecinas; el concepto de una buena vecindad es lo que queremos lograr a trav\u00e9s de nuestras obras. As\u00ed tambi\u00e9n, queremos avanzar en el \u00e1rea interna como externa en las propuestas de nuestro gobierno que es feminista y ecol\u00f3gico, por lo tanto esa mirada tambi\u00e9n estar\u00e1 en nuestros Servicios y en nuestros productos. Igualmente importante para nosotros a sido destacar a nuestros Trabajadores y Trabajadoras que cumplieron 30, 40 y 56 a\u00f1os de Servicio y a quienes se acogen a retiro, porque el centro de este gobierno son las personas las que tambi\u00e9n son la esencia y coraz\u00f3n de nuestro Ministerio\u201d, destac\u00f3 el SEREMI del MOP Patricio Sanhueza Ulloa.<\/p>\n<p style=\"text-align: justify;\">En la Ceremonia Oficial de celebraci\u00f3n del 135\u00b0 Aniversario MOP se realiz\u00f3 un minuto de silencio en homenaje al cumplirse diez a\u00f1os del fallecimiento de los trabajadores de la Direcci\u00f3n General de Aguas del MOP en la regi\u00f3n de Ays\u00e9n Pedro Nahuelcar y Felipe Herrera, as\u00ed como tambi\u00e9n han partido los hijos de nuestros funcionarios de la Direcci\u00f3n de Arquitectura Romario Pe\u00f1a P\u00e9rez y Emilio Murua Inostroza, y debido a la pandemia y sus efectos han partido tambi\u00e9n madres, padres y familiares a quienes tambi\u00e9n se record\u00f3 en esta instancia. Posteriormente, se hizo entrega de becas de ense\u00f1anza b\u00e1sica y media a los hijos e hijas de los trabajadores y becas a los funcionarios y funcionarias que se encuentran estudiando carreras t\u00e9cnicas y profesionales; se relev\u00f3 la importante labor que realiza la Mesa Regional de Gesti\u00f3n de Personas en beneficio de todas y todos los y las trabajadores; se entregaron reconocimientos a Trabajadores y Trabajadoras que cumplieron 30 a\u00f1os de Servicio entre los a\u00f1os 2020 y 2022 los se\u00f1ores Esteban Echaveguren, Jorge Carre\u00f1o, Jorge Becerra, Ram\u00f3n Villegas, Eladio Maripillan, Doris Guichapani, Juan Carlos Ainol, Jos\u00e9 Castillo, Mary Luz L\u00f3pez, Miguel Manriquez, Rolando Sanhueza, Teresa Noriega, Pedro Hern\u00e1ndez, Juan Ibera, Carlos Humberto Velasquez, Rudy Vera, Rafael Saldivia, Victor del R\u00edo Bohle y Luis Vera, Funcionarios con \u00a040 a\u00f1os de Servicio Rafael Candia, Jorge Cheuqueman, Manuel Latorre y Rolando Toloza; As\u00ed tambi\u00e9n se efectu\u00f3 una especial distinci\u00f3n a los y las \u00a0Funcionarios y Funcionarias que se acogen a retiro entre los cuales se encuentran Nancy Correa con 30 a\u00f1os de Servicio, Francisco Mansilla con 40 a\u00f1os de Servicio, Mirna Huichapani con 41 a\u00f1os de Servicio y Adolfo Z\u00fa\u00f1iga con 56 a\u00f1os de Servicio . Toda la ceremonia cont\u00f3 con la compa\u00f1\u00eda y participaci\u00f3n del grupo regional Trapananda.<\/p>\n<p style=\"text-align: justify;\">En esta especial ocasi\u00f3n, se efectuaron m\u00faltiples actividades durante este mes, entre ellas un Cuadrangular de F\u00fatbol interno, el D\u00eda del Padre, la realizaci\u00f3n de una Campa\u00f1a del Kilo, el D\u00eda del Funcionario y Funcionaria con stand de venta de comida por Servicio, entrega de canastas solidarias, compartiendo onces con los trabajadores que se encuentran acogidos a retiro, un almuerzo bailable, la entrega de reconocimientos a colaboradores an\u00f3nimos quienes con compromiso permanente hacia el Servicio aportan desinteresadamente al quehacer de Bienestar siendo destacadas las funcionarias Susana Castilla, Teresa Noriega, Biledy Millalonco y los trabajadores Jorge Godoy \u00c1lvarez y Roberto Figueroa; y la exposici\u00f3n fotogr\u00e1fica \u201cObra P\u00fablica, Territorio y Comunidad. La huella del Trabajo en Ays\u00e9n\u201d que pone en valor el amplio despliegue del quehacer del Ministerio de Obras P\u00fablicas a trav\u00e9s de d\u00e9cadas de historia en la regi\u00f3n de Ays\u00e9n mediante el registro fotogr\u00e1fico que han realizado sus Funcionarios y Funcionarias y respecto del impacto de la infraestructura en cada rinc\u00f3n del territorio.<\/p>\n<\/div><\/section><\/div><div  style='height:50px' class='hr hr-invisible   avia-builder-el-6  el_after_av_one_full  el_before_av_social_share '><span class='hr-inner ' ><span class='hr-inner-style'><\/span><\/span><\/div><\/p>\n<div  class='av-social-sharing-box  avia-builder-el-7  el_after_av_hr  el_before_av_hr  '><div class='av-share-box'><h5 class='av-share-link-description av-no-toc '>Compartir esta noticia<\/h5><ul class='av-share-box-list noLightbox'><li class='av-share-link av-social-link-facebook' ><a target=\"_blank\" aria-label=\"Compartir en Facebook\" href='https:\/\/www.facebook.com\/sharer.php?u=https:\/\/radiorevelacionfm.cl\/?p=18527&#038;t=MOP%20cumple%20135%20a%C3%B1os%20construyendo%20infraestructura%20para%20mejorar%20la%20vida%20de%20vecinas%20y%20vecinos%20de%20la%20regi%C3%B3n%20de%20Ays%C3%A9n' aria-hidden='false' data-av_icon='\ue8f3' data-av_iconfont='entypo-fontello' title='' data-avia-related-tooltip='Compartir en Facebook' rel=\"noopener\"><span class='avia_hidden_link_text'>Compartir en Facebook<\/span><\/a><\/li><li class='av-share-link av-social-link-twitter' ><a target=\"_blank\" aria-label=\"Compartir en Twitter\" href='https:\/\/twitter.com\/share?text=MOP%20cumple%20135%20a%C3%B1os%20construyendo%20infraestructura%20para%20mejorar%20la%20vida%20de%20vecinas%20y%20vecinos%20de%20la%20regi%C3%B3n%20de%20Ays%C3%A9n&#038;url=https:\/\/radiorevelacionfm.cl\/?p=18527' aria-hidden='false' data-av_icon='\ue8f1' data-av_iconfont='entypo-fontello' title='' data-avia-related-tooltip='Compartir en Twitter' rel=\"noopener\"><span class='avia_hidden_link_text'>Compartir en Twitter<\/span><\/a><\/li><li class='av-share-link av-social-link-whatsapp' ><a target=\"_blank\" aria-label=\"Compartir en Whatsapp\" href='https:\/\/api.whatsapp.com\/send?text=https:\/\/radiorevelacionfm.cl\/?p=18527' aria-hidden='false' data-av_icon='\uf232' data-av_iconfont='entypo-fontello' title='' data-avia-related-tooltip='Compartir en Whatsapp' rel=\"noopener\"><span class='avia_hidden_link_text'>Compartir en Whatsapp<\/span><\/a><\/li><li class='av-share-link av-social-link-linkedin' ><a target=\"_blank\" aria-label=\"Compartir en LinkedIn\" href='https:\/\/linkedin.com\/shareArticle?mini=true&#038;title=MOP%20cumple%20135%20a%C3%B1os%20construyendo%20infraestructura%20para%20mejorar%20la%20vida%20de%20vecinas%20y%20vecinos%20de%20la%20regi%C3%B3n%20de%20Ays%C3%A9n&#038;url=https:\/\/radiorevelacionfm.cl\/?p=18527' aria-hidden='false' data-av_icon='\ue8fc' data-av_iconfont='entypo-fontello' title='' data-avia-related-tooltip='Compartir en LinkedIn' rel=\"noopener\"><span class='avia_hidden_link_text'>Compartir en LinkedIn<\/span><\/a><\/li><li class='av-share-link av-social-link-mail' ><a  aria-label=\"Compartir por correo\" href='mailto:?subject=MOP%20cumple%20135%20a%C3%B1os%20construyendo%20infraestructura%20para%20mejorar%20la%20vida%20de%20vecinas%20y%20vecinos%20de%20la%20regi%C3%B3n%20de%20Ays%C3%A9n&#038;body=https:\/\/radiorevelacionfm.cl\/?p=18527' aria-hidden='false' data-av_icon='\ue805' data-av_iconfont='entypo-fontello' title='' data-avia-related-tooltip='Compartir por correo'><span class='avia_hidden_link_text'>Compartir por correo<\/span><\/a><\/li><\/ul><\/div><\/div>\n<div  style='height:50px' class='hr hr-invisible   avia-builder-el-8  el_after_av_social_share  el_before_av_comments_list '><span class='hr-inner ' ><span class='hr-inner-style'><\/span><\/span><\/div>\n<div  class='av-buildercomment  av-blog-meta-html-info-disabled av-blog-meta-tag-disabled  '><\/div>\n","protected":false},"excerpt":{"rendered":"","protected":false},"author":1,"featured_media":18528,"comment_status":"open","ping_status":"open","sticky":false,"template":"","format":"standard","meta":{"footnotes":""},"categories":[38],"tags":[],"class_list":["post-18527","post","type-post","status-publish","format-standard","has-post-thumbnail","hentry","category-regional"],"jetpack_featured_media_url":"https:\/\/radiorevelacionfm.cl\/wp-content\/uploads\/2022\/06\/jubilados5-1_optimized.jpg","_links":{"self":[{"href":"https:\/\/radiorevelacionfm.cl\/index.php?rest_route=\/wp\/v2\/posts\/18527","targetHints":{"allow":["GET"]}}],"collection":[{"href":"https:\/\/radiorevelacionfm.cl\/index.php?rest_route=\/wp\/v2\/posts"}],"about":[{"href":"https:\/\/radiorevelacionfm.cl\/index.php?rest_route=\/wp\/v2\/types\/post"}],"author":[{"embeddable":true,"href":"https:\/\/radiorevelacionfm.cl\/index.php?rest_route=\/wp\/v2\/users\/1"}],"replies":[{"embeddable":true,"href":"https:\/\/radiorevelacionfm.cl\/index.php?rest_route=%2Fwp%2Fv2%2Fcomments&post=18527"}],"version-history":[{"count":2,"href":"https:\/\/radiorevelacionfm.cl\/index.php?rest_route=\/wp\/v2\/posts\/18527\/revisions"}],"predecessor-version":[{"id":18534,"href":"https:\/\/radiorevelacionfm.cl\/index.php?rest_route=\/wp\/v2\/posts\/18527\/revisions\/18534"}],"wp:featuredmedia":[{"embeddable":true,"href":"https:\/\/radiorevelacionfm.cl\/index.php?rest_route=\/wp\/v2\/media\/18528"}],"wp:attachment":[{"href":"https:\/\/radiorevelacionfm.cl\/index.php?rest_route=%2Fwp%2Fv2%2Fmedia&parent=18527"}],"wp:term":[{"taxonomy":"category","embeddable":true,"href":"https:\/\/radiorevelacionfm.cl\/index.php?rest_route=%2Fwp%2Fv2%2Fcategories&post=18527"},{"taxonomy":"post_tag","embeddable":true,"href":"https:\/\/radiorevelacionfm.cl\/index.php?rest_route=%2Fwp%2Fv2%2Ftags&post=18527"}],"curies":[{"name":"wp","href":"https:\/\/api.w.org\/{rel}","templated":true}]}}