{"id":18523,"date":"2022-06-28T11:08:57","date_gmt":"2022-06-28T14:08:57","guid":{"rendered":"https:\/\/radiorevelacionfm.cl\/?p=18523"},"modified":"2022-06-28T11:08:57","modified_gmt":"2022-06-28T14:08:57","slug":"construccion-de-borde-costero-en-puerto-cisnes-se-encuentra-en-fase-final-y-avanza-ampliacion-de-caleta-de-pescadores-artesanales-en-melinka","status":"publish","type":"post","link":"https:\/\/radiorevelacionfm.cl\/?p=18523","title":{"rendered":"Construcci\u00f3n de borde costero en Puerto Cisnes se encuentra en fase final y avanza ampliaci\u00f3n de caleta de pescadores artesanales en Melinka"},"content":{"rendered":"<div class=\"flex_column av_one_full  flex_column_div av-zero-column-padding first  avia-builder-el-0  el_before_av_one_full  avia-builder-el-first  \" style='border-radius:0px; '><div  class='avia-image-container  av-styling-    avia-builder-el-1  avia-builder-el-no-sibling  avia-align-center '  itemprop=\"image\" itemscope=\"itemscope\" itemtype=\"https:\/\/schema.org\/ImageObject\"  ><div class='avia-image-container-inner'><div class='avia-image-overlay-wrap'><img decoding=\"async\" class='wp-image-18524 avia-img-lazy-loading-not-18524 avia_image' src=\"https:\/\/radiorevelacionfm.cl\/wp-content\/uploads\/2022\/06\/borde-costero-y-terminal-portuario-1_optimized.jpg\" alt='' title='borde-costero-y-terminal-portuario-(1)_optimized' height=\"600\" width=\"900\"  itemprop=\"thumbnailUrl\" srcset=\"https:\/\/radiorevelacionfm.cl\/wp-content\/uploads\/2022\/06\/borde-costero-y-terminal-portuario-1_optimized.jpg 900w, https:\/\/radiorevelacionfm.cl\/wp-content\/uploads\/2022\/06\/borde-costero-y-terminal-portuario-1_optimized-300x200.jpg 300w, https:\/\/radiorevelacionfm.cl\/wp-content\/uploads\/2022\/06\/borde-costero-y-terminal-portuario-1_optimized-768x512.jpg 768w, https:\/\/radiorevelacionfm.cl\/wp-content\/uploads\/2022\/06\/borde-costero-y-terminal-portuario-1_optimized-705x470.jpg 705w, https:\/\/radiorevelacionfm.cl\/wp-content\/uploads\/2022\/06\/borde-costero-y-terminal-portuario-1_optimized-600x400.jpg 600w\" sizes=\"(max-width: 900px) 100vw, 900px\" \/><\/div><\/div><\/div><\/div><div class=\"flex_column av_one_full  flex_column_div av-zero-column-padding first  avia-builder-el-2  el_after_av_one_full  el_before_av_one_full  column-top-margin\" style='border-radius:0px; '><section class=\"av_textblock_section \"  itemscope=\"itemscope\" itemtype=\"https:\/\/schema.org\/BlogPosting\" itemprop=\"blogPost\" ><div class='avia_textblock  '   itemprop=\"text\" ><p style=\"text-align: center;\"><strong><span style=\"font-size: 18pt;\">Construcci\u00f3n de borde costero en Puerto Cisnes se encuentra en fase final y avanza ampliaci\u00f3n de caleta de pescadores artesanales en Melinka<\/span><\/strong><\/p>\n<div id=\"gtx-trans\" style=\"position: absolute; left: -50px; top: 4.31534px;\">\n<div class=\"gtx-trans-icon\"><\/div>\n<\/div>\n<\/div><\/section><\/div><div class=\"flex_column av_one_full  flex_column_div av-zero-column-padding first  avia-builder-el-4  el_after_av_one_full  el_before_av_hr  column-top-margin\" style='border-radius:0px; '><section class=\"av_textblock_section \"  itemscope=\"itemscope\" itemtype=\"https:\/\/schema.org\/BlogPosting\" itemprop=\"blogPost\" ><div class='avia_textblock  '   itemprop=\"text\" ><p style=\"text-align: justify;\">El Secretario Regional Ministerial de Obras P\u00fablicas en la regi\u00f3n de Ays\u00e9n, Patricio Sanhueza Ulloa, junto al Director Regional de Obras Portuarias del MOP (S) Luis R\u00edos Carrillo y equipo realizaron una visita inspectiva a las obras portuarias en ejecuci\u00f3n en Puerto Cisnes, oportunidad en la que destacaron la ejecuci\u00f3n de la construcci\u00f3n del Borde Costero y del Terminal Portuario.<\/p>\n<p style=\"text-align: justify;\">\u201cA estas obras se suman los trabajos de Ampliaci\u00f3n de la Caleta de Pescadores en Melinka, alcanzando conjuntamente una inversi\u00f3n de $16.528 millones, entregado entre las tres obras empleo a m\u00e1s de 60 personas promedio mensual incluyendo a mujeres y a trabajadores de Puerto Cisnes y de Melinka, y son fundamentales para el mejoramiento de las condiciones de conectividad cercana a los 4.000 habitantes\u201d, afirm\u00f3 el SEREMI del MOP<\/p>\n<p style=\"text-align: justify;\">La autoridad regional de Obras P\u00fablicas manifest\u00f3 sentirse muy contento de poder mejorar la conectividad de las familias tanto de Puerto Cisnes como en el futuro cercano de Melinka y agreg\u00f3: \u201cSon obras muy importantes porque permitir\u00e1n \u00a0optimizar las condiciones de embarque, desembarque as\u00ed como tambi\u00e9n, con la construcci\u00f3n del Borde Costero en esta misma localidad, estaremos dando conjuntamente una mirada integral en materia de conectividad generando una necesaria sincron\u00eda entre \u00a0infraestructuras que tiene como objetivo entregar un mejor vivir a la comunidad, as\u00ed como tambi\u00e9n servir de herramienta para el fomento de su desarrollo productivo, econ\u00f3mico, tur\u00edstico y un espacio de reuni\u00f3n y de recreaci\u00f3n para los vecinos y las vecinas en su vida cotidiana, lo que se encuentra en l\u00ednea con nuestro gobierno\u201d.<\/p>\n<p style=\"text-align: justify;\">En Puerto Cisnes la comunidad va a contar con un Borde Costero que tendr\u00e1 una superficie de 4.557 m2 que considera accesibilidad universal, obras de protecci\u00f3n, rampa de varado para 40 botes, espacio para reuniones de la comunidad mediante salas multiprop\u00f3sito y de comercio artesanal, un mirador, juegos para ni\u00f1os y mobiliario urbano. Por otra parte, en Melinka se ampliar\u00e1 la caleta de pescadores mediante la construcci\u00f3n de un muelle rampa erizos, rampa embarcadero, varadero, todo considerando explanada y accesibilidad universal. En tanto, el Terminal de Pasajeros de Puerto Cisnes considera una superficie de 516 m2, con explanada de estacionamientos y tendr\u00e1 capacidad para 150 personas. En Melinka las obras consisten en la ampliaci\u00f3n de la caleta de pescadores artesanales existente, muelle rampa, embarcadero, varadero y explanada, presentando a la fecha un 4,5 % de avance.<\/p>\n<p style=\"text-align: justify;\">Consultada al respecto, Jacqueline R\u00edos Ruiz, presidenta de la Junta de Vecinos N\u00b07 poblaci\u00f3n nueva de Puerto Cisnes, resalt\u00f3 la importancia que estas obras tienen para la comunidad, se\u00f1alando que \u201cencuentro que es un gran adelanto para nuestro pueblo, nuestra comuna en general porque nos sirve a todos. Nos ayuda en el transporte mar\u00edtimo y es una gran ayuda para nuestros vecinos que vienen de localidades m\u00e1s chicas como por ejemplo Gaviota, Gala, Melimoyu, entonces es un gran aporte y a la vez tambi\u00e9n fue una tremenda ayuda en el tema de trabajo para la comunidad en tiempos de pandemia. Hay gente que viene de Melinka, viene de todos los alrededores y de Cisnes y va a ser de gran ayuda para toda la gente cuando tengan que esperar las barcazas, cuando tengan que viajar a las Islas. La Costanera qued\u00f3 preciosa, maravillosa, encuentro que es algo muy hermoso que va a quedar para nuestro pueblo y tambi\u00e9n me da alegr\u00eda porque van a haber puestos para la gente, para que los artesanos puedan vender todo lo que se hace ac\u00e1 en Cisnes, la artesan\u00eda local y van a haber m\u00e1s espacios tur\u00edsticos tambi\u00e9n para que la gente nos venga a visitar y nos venga a conocer. Estoy contenta con estas dos obras que hay en el pueblo y ojal\u00e1 se sigan concretando m\u00e1s para que tenga trabajo la comunidad y para que siga creciendo nuestro pueblo\u201d.<\/p>\n<\/div><\/section><\/div><div  style='height:50px' class='hr hr-invisible   avia-builder-el-6  el_after_av_one_full  el_before_av_social_share '><span class='hr-inner ' ><span class='hr-inner-style'><\/span><\/span><\/div><\/p>\n<div  class='av-social-sharing-box  avia-builder-el-7  el_after_av_hr  el_before_av_hr  '><div class='av-share-box'><h5 class='av-share-link-description av-no-toc '>Compartir esta noticia<\/h5><ul class='av-share-box-list noLightbox'><li class='av-share-link av-social-link-facebook' ><a target=\"_blank\" aria-label=\"Compartir en Facebook\" href='https:\/\/www.facebook.com\/sharer.php?u=https:\/\/radiorevelacionfm.cl\/?p=18523&#038;t=Construcci%C3%B3n%20de%20borde%20costero%20en%20Puerto%20Cisnes%20se%20encuentra%20en%20fase%20final%20y%20avanza%20ampliaci%C3%B3n%20de%20caleta%20de%20pescadores%20artesanales%20en%20Melinka' aria-hidden='false' data-av_icon='\ue8f3' data-av_iconfont='entypo-fontello' title='' data-avia-related-tooltip='Compartir en Facebook' rel=\"noopener\"><span class='avia_hidden_link_text'>Compartir en Facebook<\/span><\/a><\/li><li class='av-share-link av-social-link-twitter' ><a target=\"_blank\" aria-label=\"Compartir en Twitter\" href='https:\/\/twitter.com\/share?text=Construcci%C3%B3n%20de%20borde%20costero%20en%20Puerto%20Cisnes%20se%20encuentra%20en%20fase%20final%20y%20avanza%20ampliaci%C3%B3n%20de%20caleta%20de%20pescadores%20artesanales%20en%20Melinka&#038;url=https:\/\/radiorevelacionfm.cl\/?p=18523' aria-hidden='false' data-av_icon='\ue8f1' data-av_iconfont='entypo-fontello' title='' data-avia-related-tooltip='Compartir en Twitter' rel=\"noopener\"><span class='avia_hidden_link_text'>Compartir en Twitter<\/span><\/a><\/li><li class='av-share-link av-social-link-whatsapp' ><a target=\"_blank\" aria-label=\"Compartir en Whatsapp\" href='https:\/\/api.whatsapp.com\/send?text=https:\/\/radiorevelacionfm.cl\/?p=18523' aria-hidden='false' data-av_icon='\uf232' data-av_iconfont='entypo-fontello' title='' data-avia-related-tooltip='Compartir en Whatsapp' rel=\"noopener\"><span class='avia_hidden_link_text'>Compartir en Whatsapp<\/span><\/a><\/li><li class='av-share-link av-social-link-linkedin' ><a target=\"_blank\" aria-label=\"Compartir en LinkedIn\" href='https:\/\/linkedin.com\/shareArticle?mini=true&#038;title=Construcci%C3%B3n%20de%20borde%20costero%20en%20Puerto%20Cisnes%20se%20encuentra%20en%20fase%20final%20y%20avanza%20ampliaci%C3%B3n%20de%20caleta%20de%20pescadores%20artesanales%20en%20Melinka&#038;url=https:\/\/radiorevelacionfm.cl\/?p=18523' aria-hidden='false' data-av_icon='\ue8fc' data-av_iconfont='entypo-fontello' title='' data-avia-related-tooltip='Compartir en LinkedIn' rel=\"noopener\"><span class='avia_hidden_link_text'>Compartir en LinkedIn<\/span><\/a><\/li><li class='av-share-link av-social-link-mail' ><a  aria-label=\"Compartir por correo\" href='mailto:?subject=Construcci%C3%B3n%20de%20borde%20costero%20en%20Puerto%20Cisnes%20se%20encuentra%20en%20fase%20final%20y%20avanza%20ampliaci%C3%B3n%20de%20caleta%20de%20pescadores%20artesanales%20en%20Melinka&#038;body=https:\/\/radiorevelacionfm.cl\/?p=18523' aria-hidden='false' data-av_icon='\ue805' data-av_iconfont='entypo-fontello' title='' data-avia-related-tooltip='Compartir por correo'><span class='avia_hidden_link_text'>Compartir por correo<\/span><\/a><\/li><\/ul><\/div><\/div>\n<div  style='height:50px' class='hr hr-invisible   avia-builder-el-8  el_after_av_social_share  el_before_av_comments_list '><span class='hr-inner ' ><span class='hr-inner-style'><\/span><\/span><\/div>\n<div  class='av-buildercomment  av-blog-meta-html-info-disabled av-blog-meta-tag-disabled  '><\/div>\n","protected":false},"excerpt":{"rendered":"","protected":false},"author":1,"featured_media":18524,"comment_status":"open","ping_status":"open","sticky":false,"template":"","format":"standard","meta":{"footnotes":""},"categories":[38],"tags":[],"class_list":["post-18523","post","type-post","status-publish","format-standard","has-post-thumbnail","hentry","category-regional"],"jetpack_featured_media_url":"https:\/\/radiorevelacionfm.cl\/wp-content\/uploads\/2022\/06\/borde-costero-y-terminal-portuario-1_optimized.jpg","_links":{"self":[{"href":"https:\/\/radiorevelacionfm.cl\/index.php?rest_route=\/wp\/v2\/posts\/18523","targetHints":{"allow":["GET"]}}],"collection":[{"href":"https:\/\/radiorevelacionfm.cl\/index.php?rest_route=\/wp\/v2\/posts"}],"about":[{"href":"https:\/\/radiorevelacionfm.cl\/index.php?rest_route=\/wp\/v2\/types\/post"}],"author":[{"embeddable":true,"href":"https:\/\/radiorevelacionfm.cl\/index.php?rest_route=\/wp\/v2\/users\/1"}],"replies":[{"embeddable":true,"href":"https:\/\/radiorevelacionfm.cl\/index.php?rest_route=%2Fwp%2Fv2%2Fcomments&post=18523"}],"version-history":[{"count":2,"href":"https:\/\/radiorevelacionfm.cl\/index.php?rest_route=\/wp\/v2\/posts\/18523\/revisions"}],"predecessor-version":[{"id":18526,"href":"https:\/\/radiorevelacionfm.cl\/index.php?rest_route=\/wp\/v2\/posts\/18523\/revisions\/18526"}],"wp:featuredmedia":[{"embeddable":true,"href":"https:\/\/radiorevelacionfm.cl\/index.php?rest_route=\/wp\/v2\/media\/18524"}],"wp:attachment":[{"href":"https:\/\/radiorevelacionfm.cl\/index.php?rest_route=%2Fwp%2Fv2%2Fmedia&parent=18523"}],"wp:term":[{"taxonomy":"category","embeddable":true,"href":"https:\/\/radiorevelacionfm.cl\/index.php?rest_route=%2Fwp%2Fv2%2Fcategories&post=18523"},{"taxonomy":"post_tag","embeddable":true,"href":"https:\/\/radiorevelacionfm.cl\/index.php?rest_route=%2Fwp%2Fv2%2Ftags&post=18523"}],"curies":[{"name":"wp","href":"https:\/\/api.w.org\/{rel}","templated":true}]}}