{"id":18517,"date":"2022-06-28T11:52:26","date_gmt":"2022-06-28T14:52:26","guid":{"rendered":"https:\/\/radiorevelacionfm.cl\/?p=18517"},"modified":"2022-06-28T11:52:26","modified_gmt":"2022-06-28T14:52:26","slug":"comite-regional-de-seguridad-publica-definio-cinco-ambitos-prioritarios-en-aysen","status":"publish","type":"post","link":"https:\/\/radiorevelacionfm.cl\/?p=18517","title":{"rendered":"Comit\u00e9 Regional de Seguridad P\u00fablica defini\u00f3 cinco \u00e1mbitos prioritarios en Ays\u00e9n"},"content":{"rendered":"<div class=\"flex_column av_one_full  flex_column_div av-zero-column-padding first  avia-builder-el-0  el_before_av_one_full  avia-builder-el-first  \" style='border-radius:0px; '><div  class='avia-image-container  av-styling-    avia-builder-el-1  avia-builder-el-no-sibling  avia-align-center '  itemprop=\"image\" itemscope=\"itemscope\" itemtype=\"https:\/\/schema.org\/ImageObject\"  ><div class='avia-image-container-inner'><div class='avia-image-overlay-wrap'><img decoding=\"async\" class='wp-image-18518 avia-img-lazy-loading-not-18518 avia_image' src=\"https:\/\/radiorevelacionfm.cl\/wp-content\/uploads\/2022\/06\/Rodrigo-Araya-Morales-Delegado-Presidencial-Regional1-1-1.jpg\" alt='' title='Rodrigo Araya Morales, Delegado Presidencial Regional1 (1) (1)' height=\"600\" width=\"1043\"  itemprop=\"thumbnailUrl\" srcset=\"https:\/\/radiorevelacionfm.cl\/wp-content\/uploads\/2022\/06\/Rodrigo-Araya-Morales-Delegado-Presidencial-Regional1-1-1.jpg 1043w, https:\/\/radiorevelacionfm.cl\/wp-content\/uploads\/2022\/06\/Rodrigo-Araya-Morales-Delegado-Presidencial-Regional1-1-1-300x173.jpg 300w, https:\/\/radiorevelacionfm.cl\/wp-content\/uploads\/2022\/06\/Rodrigo-Araya-Morales-Delegado-Presidencial-Regional1-1-1-1030x593.jpg 1030w, https:\/\/radiorevelacionfm.cl\/wp-content\/uploads\/2022\/06\/Rodrigo-Araya-Morales-Delegado-Presidencial-Regional1-1-1-768x442.jpg 768w, https:\/\/radiorevelacionfm.cl\/wp-content\/uploads\/2022\/06\/Rodrigo-Araya-Morales-Delegado-Presidencial-Regional1-1-1-705x406.jpg 705w, https:\/\/radiorevelacionfm.cl\/wp-content\/uploads\/2022\/06\/Rodrigo-Araya-Morales-Delegado-Presidencial-Regional1-1-1-600x345.jpg 600w\" sizes=\"(max-width: 1043px) 100vw, 1043px\" \/><\/div><\/div><\/div><\/div><div class=\"flex_column av_one_full  flex_column_div av-zero-column-padding first  avia-builder-el-2  el_after_av_one_full  el_before_av_one_full  column-top-margin\" style='border-radius:0px; '><section class=\"av_textblock_section \"  itemscope=\"itemscope\" itemtype=\"https:\/\/schema.org\/BlogPosting\" itemprop=\"blogPost\" ><div class='avia_textblock  '   itemprop=\"text\" ><p style=\"text-align: center;\"><strong><span style=\"font-size: 18pt;\">Comit\u00e9 Regional de Seguridad P\u00fablica defini\u00f3 cinco \u00e1mbitos prioritarios en Ays\u00e9n<\/span><\/strong><\/p>\n<div id=\"gtx-trans\" style=\"position: absolute; left: -50px; top: 4.31534px;\">\n<div class=\"gtx-trans-icon\"><\/div>\n<\/div>\n<\/div><\/section><\/div><div class=\"flex_column av_one_full  flex_column_div av-zero-column-padding first  avia-builder-el-4  el_after_av_one_full  el_before_av_hr  column-top-margin\" style='border-radius:0px; '><section class=\"av_textblock_section \"  itemscope=\"itemscope\" itemtype=\"https:\/\/schema.org\/BlogPosting\" itemprop=\"blogPost\" ><div class='avia_textblock  '   itemprop=\"text\" ><p style=\"text-align: justify;\">Con la definici\u00f3n de roles y \u00e1mbitos prioritarios, se constituy\u00f3 el Primer Consejo Regional de Seguridad P\u00fablica 2022 de la Regi\u00f3n de Ays\u00e9n, responsable de la articulaci\u00f3n de las pol\u00edticas de prevenci\u00f3n y seguridad que se reunir\u00e1n en el Plan Regional de Seguridad P\u00fablica.<\/p>\n<p style=\"text-align: justify;\">El Consejo es presidido por el Delegado Presidencial Regional, Rodrigo Araya Morales, y con la Secretar\u00eda Ejecutiva a cargo del Coordinador Regional de Seguridad P\u00fablica, Crist\u00f3bal Barcel\u00f3 Veas.<\/p>\n<p style=\"text-align: justify;\">Rodrigo Araya recalc\u00f3 que la seguridad p\u00fablica es uno de los ejes prioritarios del gobierno del Presidente Gabriel Boric, agregando que en la Regi\u00f3n de Ays\u00e9n se estableci\u00f3 tres delitos: violencia intrafamiliar, abigeato y lesiones a personas; una incivilidad dada por el consumo de alcohol en la v\u00eda p\u00fablica y un problema emergente por infracciones a la Ley de Drogas.<\/p>\n<p style=\"text-align: justify;\">\u201cPudimos definir cinco prioridades para trabajar, entre ellas, las infracciones a la Ley de Drogas que fue un tema que relevaron los alcaldes para incorporarlo como un problema emergente, preocupante en nuestra regi\u00f3n e incorporamos a otros actores, a otros consejeros de otras instituciones para abarcar estas estrategias que tenemos que desarrollar en forma conjunta. En el tema de seguridad p\u00fablica no todo radica en las polic\u00edas o en carabineros, sino que tambi\u00e9n la institucionalidad, las organizaciones y la sociedad civil tiene roles que asumir en la mejora en la seguridad p\u00fablica en nuestra regi\u00f3n\u201d, recalc\u00f3.<\/p>\n<p style=\"text-align: justify;\">Crist\u00f3bal Barcel\u00f3 explic\u00f3 que \u201ceste primer Consejo Regional de Seguridad P\u00fablica de la Regi\u00f3n de Ays\u00e9n tiene como innovaci\u00f3n la incorporaci\u00f3n de la opini\u00f3n de los alcaldes de las diez comunas de nuestra regi\u00f3n, en donde se consult\u00f3 a cada uno de los alcaldes cu\u00e1les son las percepciones que tienen de seguridad en cada una de sus comunas, cu\u00e1l es la realidad que viven y, en base a eso, qu\u00e9 informaci\u00f3n debemos nosotros tomar en cuenta. Hubo instituciones invitadas en relaci\u00f3n a los delitos que se van a trabajar, el Ministerio de la Mujer y Equidad de G\u00e9nero para tratar delitos de violencia de g\u00e9nero y violencia intrafamiliar, el Ministerio de Agricultura para los delitos de abigeato, las c\u00e1maras de comercio, y Cultura, Deporte, Vivienda y Urbanismo, que tambi\u00e9n van a trabajar en este proceso mancomunado de colaboraci\u00f3n\u201d, detall\u00f3.<\/p>\n<p style=\"text-align: justify;\">Marcelo Santana, presidente de la Asociaci\u00f3n Regional de Municipalidades (Aremu), se\u00f1al\u00f3 que \u201cera importante esta primera reuni\u00f3n para las definiciones que el gobierno, como autoridades que se van a relacionar con la institucionalidad, definamos en conjunto cu\u00e1les van a ser los ejes que se van a trabajar en materia de seguridad ciudadana en nuestra regi\u00f3n, en cada una de nuestras comunas y para ello los trabajos que se hacen desde los planes comunales de seguridad son importantes, ya que se reflejan las realidades de cada territorio\u201d, indic\u00f3.<\/p>\n<p style=\"text-align: justify;\">La seremi de la Mujer y Equidad de G\u00e9nero, Andrea M\u00e9ndez, mencion\u00f3 la importancia de desnaturalizar la violencia que aqueja a ni\u00f1as y mujeres en la regi\u00f3n.<\/p>\n<p style=\"text-align: justify;\">\u201cA nosotros nos parece de todo positivo que sea incorporada la violencia de g\u00e9nero y la violencia intrafamiliar como una problem\u00e1tica grave y prioritaria para todos los municipios, porque es una problem\u00e1tica naturalizada, que requiere del trabajo diligente de toda la institucionalidad p\u00fablica. Nos parece fundamental disponer de datos que confirmen aquello que las ni\u00f1as y mujeres est\u00e1n experimentando en los respectivos territorios\u201d, enfatiz\u00f3.<\/p>\n<p style=\"text-align: justify;\">En la instancia participaron el Gobernador (s) Oscar del Solar, los delegados presidenciales provinciales, Polic\u00eda de Investigaciones y Carabineros entre otras instituciones, expres\u00e1ndose la voluntad de incorporar a otras instituciones y organizaciones ciudadanas para una adecuada estructuraci\u00f3n del Plan Regional de Seguridad P\u00fablica.<\/p>\n<\/div><\/section><\/div><div  style='height:50px' class='hr hr-invisible   avia-builder-el-6  el_after_av_one_full  el_before_av_social_share '><span class='hr-inner ' ><span class='hr-inner-style'><\/span><\/span><\/div><\/p>\n<div  class='av-social-sharing-box  avia-builder-el-7  el_after_av_hr  el_before_av_hr  '><div class='av-share-box'><h5 class='av-share-link-description av-no-toc '>Compartir esta noticia<\/h5><ul class='av-share-box-list noLightbox'><li class='av-share-link av-social-link-facebook' ><a target=\"_blank\" aria-label=\"Compartir en Facebook\" href='https:\/\/www.facebook.com\/sharer.php?u=https:\/\/radiorevelacionfm.cl\/?p=18517&#038;t=Comit%C3%A9%20Regional%20de%20Seguridad%20P%C3%BAblica%20defini%C3%B3%20cinco%20%C3%A1mbitos%20prioritarios%20en%20Ays%C3%A9n' aria-hidden='false' data-av_icon='\ue8f3' data-av_iconfont='entypo-fontello' title='' data-avia-related-tooltip='Compartir en Facebook' rel=\"noopener\"><span class='avia_hidden_link_text'>Compartir en Facebook<\/span><\/a><\/li><li class='av-share-link av-social-link-twitter' ><a target=\"_blank\" aria-label=\"Compartir en Twitter\" href='https:\/\/twitter.com\/share?text=Comit%C3%A9%20Regional%20de%20Seguridad%20P%C3%BAblica%20defini%C3%B3%20cinco%20%C3%A1mbitos%20prioritarios%20en%20Ays%C3%A9n&#038;url=https:\/\/radiorevelacionfm.cl\/?p=18517' aria-hidden='false' data-av_icon='\ue8f1' data-av_iconfont='entypo-fontello' title='' data-avia-related-tooltip='Compartir en Twitter' rel=\"noopener\"><span class='avia_hidden_link_text'>Compartir en Twitter<\/span><\/a><\/li><li class='av-share-link av-social-link-whatsapp' ><a target=\"_blank\" aria-label=\"Compartir en Whatsapp\" href='https:\/\/api.whatsapp.com\/send?text=https:\/\/radiorevelacionfm.cl\/?p=18517' aria-hidden='false' data-av_icon='\uf232' data-av_iconfont='entypo-fontello' title='' data-avia-related-tooltip='Compartir en Whatsapp' rel=\"noopener\"><span class='avia_hidden_link_text'>Compartir en Whatsapp<\/span><\/a><\/li><li class='av-share-link av-social-link-linkedin' ><a target=\"_blank\" aria-label=\"Compartir en LinkedIn\" href='https:\/\/linkedin.com\/shareArticle?mini=true&#038;title=Comit%C3%A9%20Regional%20de%20Seguridad%20P%C3%BAblica%20defini%C3%B3%20cinco%20%C3%A1mbitos%20prioritarios%20en%20Ays%C3%A9n&#038;url=https:\/\/radiorevelacionfm.cl\/?p=18517' aria-hidden='false' data-av_icon='\ue8fc' data-av_iconfont='entypo-fontello' title='' data-avia-related-tooltip='Compartir en LinkedIn' rel=\"noopener\"><span class='avia_hidden_link_text'>Compartir en LinkedIn<\/span><\/a><\/li><li class='av-share-link av-social-link-mail' ><a  aria-label=\"Compartir por correo\" href='mailto:?subject=Comit%C3%A9%20Regional%20de%20Seguridad%20P%C3%BAblica%20defini%C3%B3%20cinco%20%C3%A1mbitos%20prioritarios%20en%20Ays%C3%A9n&#038;body=https:\/\/radiorevelacionfm.cl\/?p=18517' aria-hidden='false' data-av_icon='\ue805' data-av_iconfont='entypo-fontello' title='' data-avia-related-tooltip='Compartir por correo'><span class='avia_hidden_link_text'>Compartir por correo<\/span><\/a><\/li><\/ul><\/div><\/div>\n<div  style='height:50px' class='hr hr-invisible   avia-builder-el-8  el_after_av_social_share  el_before_av_comments_list '><span class='hr-inner ' ><span class='hr-inner-style'><\/span><\/span><\/div>\n<div  class='av-buildercomment  av-blog-meta-html-info-disabled av-blog-meta-tag-disabled  '><\/div>\n","protected":false},"excerpt":{"rendered":"","protected":false},"author":1,"featured_media":18518,"comment_status":"open","ping_status":"open","sticky":false,"template":"","format":"standard","meta":{"footnotes":""},"categories":[38],"tags":[],"class_list":["post-18517","post","type-post","status-publish","format-standard","has-post-thumbnail","hentry","category-regional"],"jetpack_featured_media_url":"https:\/\/radiorevelacionfm.cl\/wp-content\/uploads\/2022\/06\/Rodrigo-Araya-Morales-Delegado-Presidencial-Regional1-1-1.jpg","_links":{"self":[{"href":"https:\/\/radiorevelacionfm.cl\/index.php?rest_route=\/wp\/v2\/posts\/18517","targetHints":{"allow":["GET"]}}],"collection":[{"href":"https:\/\/radiorevelacionfm.cl\/index.php?rest_route=\/wp\/v2\/posts"}],"about":[{"href":"https:\/\/radiorevelacionfm.cl\/index.php?rest_route=\/wp\/v2\/types\/post"}],"author":[{"embeddable":true,"href":"https:\/\/radiorevelacionfm.cl\/index.php?rest_route=\/wp\/v2\/users\/1"}],"replies":[{"embeddable":true,"href":"https:\/\/radiorevelacionfm.cl\/index.php?rest_route=%2Fwp%2Fv2%2Fcomments&post=18517"}],"version-history":[{"count":2,"href":"https:\/\/radiorevelacionfm.cl\/index.php?rest_route=\/wp\/v2\/posts\/18517\/revisions"}],"predecessor-version":[{"id":18530,"href":"https:\/\/radiorevelacionfm.cl\/index.php?rest_route=\/wp\/v2\/posts\/18517\/revisions\/18530"}],"wp:featuredmedia":[{"embeddable":true,"href":"https:\/\/radiorevelacionfm.cl\/index.php?rest_route=\/wp\/v2\/media\/18518"}],"wp:attachment":[{"href":"https:\/\/radiorevelacionfm.cl\/index.php?rest_route=%2Fwp%2Fv2%2Fmedia&parent=18517"}],"wp:term":[{"taxonomy":"category","embeddable":true,"href":"https:\/\/radiorevelacionfm.cl\/index.php?rest_route=%2Fwp%2Fv2%2Fcategories&post=18517"},{"taxonomy":"post_tag","embeddable":true,"href":"https:\/\/radiorevelacionfm.cl\/index.php?rest_route=%2Fwp%2Fv2%2Ftags&post=18517"}],"curies":[{"name":"wp","href":"https:\/\/api.w.org\/{rel}","templated":true}]}}