{"id":18513,"date":"2022-06-27T17:58:39","date_gmt":"2022-06-27T20:58:39","guid":{"rendered":"https:\/\/radiorevelacionfm.cl\/?p=18513"},"modified":"2022-06-27T17:58:39","modified_gmt":"2022-06-27T20:58:39","slug":"coordinan-creacion-de-espacios-para-atenciones-de-salud-en-sedes-vecinales-de-coyhaique","status":"publish","type":"post","link":"https:\/\/radiorevelacionfm.cl\/?p=18513","title":{"rendered":"Coordinan creaci\u00f3n de espacios para atenciones de salud en sedes vecinales de Coyhaique"},"content":{"rendered":"<div class=\"flex_column av_one_full  flex_column_div av-zero-column-padding first  avia-builder-el-0  el_before_av_one_full  avia-builder-el-first  \" style='border-radius:0px; '><div  class='avia-image-container  av-styling-    avia-builder-el-1  avia-builder-el-no-sibling  avia-align-center '  itemprop=\"image\" itemscope=\"itemscope\" itemtype=\"https:\/\/schema.org\/ImageObject\"  ><div class='avia-image-container-inner'><div class='avia-image-overlay-wrap'><img decoding=\"async\" class='wp-image-18514 avia-img-lazy-loading-not-18514 avia_image' src=\"https:\/\/radiorevelacionfm.cl\/wp-content\/uploads\/2022\/06\/visita-sede-1_optimized.jpeg\" alt='' title='visita-sede-(1)_optimized' height=\"600\" width=\"800\"  itemprop=\"thumbnailUrl\" srcset=\"https:\/\/radiorevelacionfm.cl\/wp-content\/uploads\/2022\/06\/visita-sede-1_optimized.jpeg 800w, https:\/\/radiorevelacionfm.cl\/wp-content\/uploads\/2022\/06\/visita-sede-1_optimized-300x225.jpeg 300w, https:\/\/radiorevelacionfm.cl\/wp-content\/uploads\/2022\/06\/visita-sede-1_optimized-768x576.jpeg 768w, https:\/\/radiorevelacionfm.cl\/wp-content\/uploads\/2022\/06\/visita-sede-1_optimized-705x529.jpeg 705w, https:\/\/radiorevelacionfm.cl\/wp-content\/uploads\/2022\/06\/visita-sede-1_optimized-600x450.jpeg 600w\" sizes=\"(max-width: 800px) 100vw, 800px\" \/><\/div><\/div><\/div><\/div><div class=\"flex_column av_one_full  flex_column_div av-zero-column-padding first  avia-builder-el-2  el_after_av_one_full  el_before_av_one_full  column-top-margin\" style='border-radius:0px; '><section class=\"av_textblock_section \"  itemscope=\"itemscope\" itemtype=\"https:\/\/schema.org\/BlogPosting\" itemprop=\"blogPost\" ><div class='avia_textblock  '   itemprop=\"text\" ><p style=\"text-align: center;\"><strong><span style=\"font-size: 18pt;\">Coordinan creaci\u00f3n de espacios para atenciones de salud en sedes vecinales de Coyhaique <\/span><\/strong><\/p>\n<div id=\"gtx-trans\" style=\"position: absolute; left: -50px; top: 4.31534px;\">\n<div class=\"gtx-trans-icon\"><\/div>\n<\/div>\n<\/div><\/section><\/div><div class=\"flex_column av_one_full  flex_column_div av-zero-column-padding first  avia-builder-el-4  el_after_av_one_full  el_before_av_hr  column-top-margin\" style='border-radius:0px; '><section class=\"av_textblock_section \"  itemscope=\"itemscope\" itemtype=\"https:\/\/schema.org\/BlogPosting\" itemprop=\"blogPost\" ><div class='avia_textblock  '   itemprop=\"text\" ><p style=\"text-align: justify;\">Contar con espacios de atenci\u00f3n cl\u00ednica en distintos puntos de la ciudad, es una iniciativa que surgi\u00f3 desde la Seremi de Salud y las organizaciones sociales que integran su Consejo Asesor, donde la idea central es poder habilitar en las propias Juntas de Vecinos sectores que permitan que profesionales de la salud puedan atender a los vecinos y vecinas de cada sector poblacional de Coyhaique. Anteproyecto que tuvo su punto de partida a trav\u00e9s de una reuni\u00f3n que se desarroll\u00f3, en una primera instancia, con dirigentes sociales de la poblaci\u00f3n Clotario Blest donde adem\u00e1s se cont\u00f3 con la participaci\u00f3n del Delegado Presidencial, la Seremi de Salud, el representante de la Subsecretar\u00eda de Desarrollo Regional (Subdere), el Alcalde de Coyhaique, el Director del Servicio de Salud Ays\u00e9n y la Senadora Ximena \u00d3rdenes, quienes concordaron con los importantes alcances de esta iniciativa.<\/p>\n<p style=\"text-align: justify;\">Tal como lo manifest\u00f3 el Delegado Presidencial Regional, Rodrigo Araya, quien manifest\u00f3 que la iniciativa que impulsa la Seremi de Salud con el Servicio de Salud y la Direcci\u00f3n de Atenci\u00f3n Primaria, con colaboraci\u00f3n de Subdere y del municipio, permitir\u00e1 identificar espacios f\u00edsicos que se puedan adaptar, para recibir a profesionales de salud y brindar atenci\u00f3n primaria. \u201cEsta estrategia que est\u00e1 liderando la seremi de Salud con el Servicio de Salud Ays\u00e9n viene a responder a una necesidad de nuestra comunidad, la necesidad de tener la atenci\u00f3n de salud m\u00e1s cercana a sus casas. Por eso, con el municipio, que est\u00e1 colaborando de manera muy decidida en esto, se va a evaluar los espacios f\u00edsicos de la junta de vecinos, tanto urbanas como rurales, para habilitar espacios donde puedan asistir profesionales de la salud a brindar atenciones a las personas en las distintas comunidades de nuestro territorio\u201d, indic\u00f3.<\/p>\n<p style=\"text-align: justify;\">Puesta en marcha que requerir\u00e1 de un proyecto que para su materializaci\u00f3n requerir\u00e1 de aportes estatales, como lo explic\u00f3 el Jefe de Unidad Regional de la Subdere, Guillermo Mart\u00ednez. \u201cComo Subsecretaria de Desarrollo Regional, nuestro objetivo es lograr que las inversiones realizadas, puedan llegar a la mayor cantidad de personas beneficiadas con la infraestructura, para ello buscamos articular otros servicios en relaci\u00f3n a los proyectos para su uso activo y continuo, comprometiendo el apoyo t\u00e9cnico, desarrollando un plan de gesti\u00f3n de cada iniciativa. Con ello damos vida y pertinencia a la inversi\u00f3n realizada articulando los servicios p\u00fablicos, municipalidades, organizaciones sociales y Subdere\u201d.<\/p>\n<p style=\"text-align: justify;\">De esta forma, la posibilidad de crear estos espacios de atenci\u00f3n de salud comienza a dar los primeros pasos para su materializaci\u00f3n, donde el objetivo central es acercar la salud a la comunidad, como lo expuso la Seremi de Salud, Carmen Monsalve. \u201cNos reunimos en esta sede para poder avanzar en concretar una iniciativa que se levanta desde las organizaciones sociales que conforman la base desde el sector salud, y que tiene que ver con estrategias para poder avanzar en el acercamiento de las prestaciones de salud hacia la comunidad. En ese sentido nosotros actuamos como entes articuladores para poder hacer real aquellas propuestas que van a ser un aporte para el modelo de salud familiar y comunitario.\u00a0 Aqu\u00ed es importante y relevante el aporte de Subdere para la concreci\u00f3n de esta iniciativa, avanzar en este levantamiento a trav\u00e9s de la municipalidad quien adem\u00e1s ejecuta estos proyectos, servicio de salud que levanta los requerimientos con las especificaciones t\u00e9cnicas requeridas para que sea un lugar adecuado para una atenci\u00f3n de salud, y con las organizaciones sociales quienes podr\u00edan ser beneficiadas de estas iniciativas que nos permitir\u00e1n seguir acercando la salud que es un mandato de nuestro Gobierno, tambi\u00e9n de nuestro delegado, y con el apoyo de parlamentarios como la Senadora Ximena \u00d3rdenes, quien tambi\u00e9n estuvo presente en esta instancia\u201d.<\/p>\n<p style=\"text-align: justify;\">Este tipo de reuniones se continuar\u00e1n desarrollando en distintas Juntas de Vecinos de Coyhaique, con el prop\u00f3sito de conocer la factibilidad t\u00e9cnica y estructural de estas dependencias, al igual que la opini\u00f3n de los dirigentes sociales frente a esta iniciativa que busca transformarse r\u00e1pidamente en un proyecto concreto para el beneficio de toda la comunidad.<\/p>\n<\/div><\/section><\/div><div  style='height:50px' class='hr hr-invisible   avia-builder-el-6  el_after_av_one_full  el_before_av_social_share '><span class='hr-inner ' ><span class='hr-inner-style'><\/span><\/span><\/div><\/p>\n<div  class='av-social-sharing-box  avia-builder-el-7  el_after_av_hr  el_before_av_hr  '><div class='av-share-box'><h5 class='av-share-link-description av-no-toc '>Compartir esta noticia<\/h5><ul class='av-share-box-list noLightbox'><li class='av-share-link av-social-link-facebook' ><a target=\"_blank\" aria-label=\"Compartir en Facebook\" href='https:\/\/www.facebook.com\/sharer.php?u=https:\/\/radiorevelacionfm.cl\/?p=18513&#038;t=Coordinan%20creaci%C3%B3n%20de%20espacios%20para%20atenciones%20de%20salud%20en%20sedes%20vecinales%20de%20Coyhaique' aria-hidden='false' data-av_icon='\ue8f3' data-av_iconfont='entypo-fontello' title='' data-avia-related-tooltip='Compartir en Facebook' rel=\"noopener\"><span class='avia_hidden_link_text'>Compartir en Facebook<\/span><\/a><\/li><li class='av-share-link av-social-link-twitter' ><a target=\"_blank\" aria-label=\"Compartir en Twitter\" href='https:\/\/twitter.com\/share?text=Coordinan%20creaci%C3%B3n%20de%20espacios%20para%20atenciones%20de%20salud%20en%20sedes%20vecinales%20de%20Coyhaique&#038;url=https:\/\/radiorevelacionfm.cl\/?p=18513' aria-hidden='false' data-av_icon='\ue8f1' data-av_iconfont='entypo-fontello' title='' data-avia-related-tooltip='Compartir en Twitter' rel=\"noopener\"><span class='avia_hidden_link_text'>Compartir en Twitter<\/span><\/a><\/li><li class='av-share-link av-social-link-whatsapp' ><a target=\"_blank\" aria-label=\"Compartir en Whatsapp\" href='https:\/\/api.whatsapp.com\/send?text=https:\/\/radiorevelacionfm.cl\/?p=18513' aria-hidden='false' data-av_icon='\uf232' data-av_iconfont='entypo-fontello' title='' data-avia-related-tooltip='Compartir en Whatsapp' rel=\"noopener\"><span class='avia_hidden_link_text'>Compartir en Whatsapp<\/span><\/a><\/li><li class='av-share-link av-social-link-linkedin' ><a target=\"_blank\" aria-label=\"Compartir en LinkedIn\" href='https:\/\/linkedin.com\/shareArticle?mini=true&#038;title=Coordinan%20creaci%C3%B3n%20de%20espacios%20para%20atenciones%20de%20salud%20en%20sedes%20vecinales%20de%20Coyhaique&#038;url=https:\/\/radiorevelacionfm.cl\/?p=18513' aria-hidden='false' data-av_icon='\ue8fc' data-av_iconfont='entypo-fontello' title='' data-avia-related-tooltip='Compartir en LinkedIn' rel=\"noopener\"><span class='avia_hidden_link_text'>Compartir en LinkedIn<\/span><\/a><\/li><li class='av-share-link av-social-link-mail' ><a  aria-label=\"Compartir por correo\" href='mailto:?subject=Coordinan%20creaci%C3%B3n%20de%20espacios%20para%20atenciones%20de%20salud%20en%20sedes%20vecinales%20de%20Coyhaique&#038;body=https:\/\/radiorevelacionfm.cl\/?p=18513' aria-hidden='false' data-av_icon='\ue805' data-av_iconfont='entypo-fontello' title='' data-avia-related-tooltip='Compartir por correo'><span class='avia_hidden_link_text'>Compartir por correo<\/span><\/a><\/li><\/ul><\/div><\/div>\n<div  style='height:50px' class='hr hr-invisible   avia-builder-el-8  el_after_av_social_share  el_before_av_comments_list '><span class='hr-inner ' ><span class='hr-inner-style'><\/span><\/span><\/div>\n<div  class='av-buildercomment  av-blog-meta-html-info-disabled av-blog-meta-tag-disabled  '><\/div>\n","protected":false},"excerpt":{"rendered":"","protected":false},"author":1,"featured_media":18514,"comment_status":"open","ping_status":"open","sticky":false,"template":"","format":"standard","meta":{"footnotes":""},"categories":[46],"tags":[],"class_list":["post-18513","post","type-post","status-publish","format-standard","has-post-thumbnail","hentry","category-salud"],"jetpack_featured_media_url":"https:\/\/radiorevelacionfm.cl\/wp-content\/uploads\/2022\/06\/visita-sede-1_optimized.jpeg","_links":{"self":[{"href":"https:\/\/radiorevelacionfm.cl\/index.php?rest_route=\/wp\/v2\/posts\/18513","targetHints":{"allow":["GET"]}}],"collection":[{"href":"https:\/\/radiorevelacionfm.cl\/index.php?rest_route=\/wp\/v2\/posts"}],"about":[{"href":"https:\/\/radiorevelacionfm.cl\/index.php?rest_route=\/wp\/v2\/types\/post"}],"author":[{"embeddable":true,"href":"https:\/\/radiorevelacionfm.cl\/index.php?rest_route=\/wp\/v2\/users\/1"}],"replies":[{"embeddable":true,"href":"https:\/\/radiorevelacionfm.cl\/index.php?rest_route=%2Fwp%2Fv2%2Fcomments&post=18513"}],"version-history":[{"count":2,"href":"https:\/\/radiorevelacionfm.cl\/index.php?rest_route=\/wp\/v2\/posts\/18513\/revisions"}],"predecessor-version":[{"id":18516,"href":"https:\/\/radiorevelacionfm.cl\/index.php?rest_route=\/wp\/v2\/posts\/18513\/revisions\/18516"}],"wp:featuredmedia":[{"embeddable":true,"href":"https:\/\/radiorevelacionfm.cl\/index.php?rest_route=\/wp\/v2\/media\/18514"}],"wp:attachment":[{"href":"https:\/\/radiorevelacionfm.cl\/index.php?rest_route=%2Fwp%2Fv2%2Fmedia&parent=18513"}],"wp:term":[{"taxonomy":"category","embeddable":true,"href":"https:\/\/radiorevelacionfm.cl\/index.php?rest_route=%2Fwp%2Fv2%2Fcategories&post=18513"},{"taxonomy":"post_tag","embeddable":true,"href":"https:\/\/radiorevelacionfm.cl\/index.php?rest_route=%2Fwp%2Fv2%2Ftags&post=18513"}],"curies":[{"name":"wp","href":"https:\/\/api.w.org\/{rel}","templated":true}]}}