{"id":18508,"date":"2022-06-27T17:28:07","date_gmt":"2022-06-27T20:28:07","guid":{"rendered":"https:\/\/radiorevelacionfm.cl\/?p=18508"},"modified":"2022-06-27T17:36:55","modified_gmt":"2022-06-27T20:36:55","slug":"hacen-llamado-a-las-mipymes-a-revisar-el-nuevo-subsidio-de-apoyo-al-empleo","status":"publish","type":"post","link":"https:\/\/radiorevelacionfm.cl\/?p=18508","title":{"rendered":"Hacen llamado a las MiPymes a revisar el nuevo subsidio de apoyo al empleo"},"content":{"rendered":"<div class=\"flex_column av_one_full  flex_column_div av-zero-column-padding first  avia-builder-el-0  el_before_av_one_full  avia-builder-el-first  \" style='border-radius:0px; '><div  class='avia-image-container  av-styling-    avia-builder-el-1  avia-builder-el-no-sibling  avia-align-center '  itemprop=\"image\" itemscope=\"itemscope\" itemtype=\"https:\/\/schema.org\/ImageObject\"  ><div class='avia-image-container-inner'><div class='avia-image-overlay-wrap'><img decoding=\"async\" class='wp-image-18509 avia-img-lazy-loading-not-18509 avia_image' src=\"https:\/\/radiorevelacionfm.cl\/wp-content\/uploads\/2022\/06\/IMG_2291-1-1.jpg\" alt='' title='IMG_2291 (1) (1)' height=\"600\" width=\"957\"  itemprop=\"thumbnailUrl\" srcset=\"https:\/\/radiorevelacionfm.cl\/wp-content\/uploads\/2022\/06\/IMG_2291-1-1.jpg 957w, https:\/\/radiorevelacionfm.cl\/wp-content\/uploads\/2022\/06\/IMG_2291-1-1-300x188.jpg 300w, https:\/\/radiorevelacionfm.cl\/wp-content\/uploads\/2022\/06\/IMG_2291-1-1-768x482.jpg 768w, https:\/\/radiorevelacionfm.cl\/wp-content\/uploads\/2022\/06\/IMG_2291-1-1-705x442.jpg 705w, https:\/\/radiorevelacionfm.cl\/wp-content\/uploads\/2022\/06\/IMG_2291-1-1-600x376.jpg 600w\" sizes=\"(max-width: 957px) 100vw, 957px\" \/><\/div><\/div><\/div><\/div>\n<div class=\"flex_column av_one_full  flex_column_div av-zero-column-padding first  avia-builder-el-2  el_after_av_one_full  el_before_av_one_full  column-top-margin\" style='border-radius:0px; '><section class=\"av_textblock_section \"  itemscope=\"itemscope\" itemtype=\"https:\/\/schema.org\/BlogPosting\" itemprop=\"blogPost\" ><div class='avia_textblock  '   itemprop=\"text\" ><p style=\"text-align: center;\"><strong><span style=\"font-size: 18pt;\">Hacen llamado a las MiPymes a revisar el nuevo subsidio de apoyo al empleo<\/span><\/strong><\/p>\n<div id=\"gtx-trans\" style=\"position: absolute; left: -50px; top: 4.31534px;\">\n<div class=\"gtx-trans-icon\"><\/div>\n<\/div>\n<\/div><\/section><\/div>\n<div class=\"flex_column av_one_full  flex_column_div av-zero-column-padding first  avia-builder-el-4  el_after_av_one_full  el_before_av_hr  column-top-margin\" style='border-radius:0px; '><section class=\"av_textblock_section \"  itemscope=\"itemscope\" itemtype=\"https:\/\/schema.org\/BlogPosting\" itemprop=\"blogPost\" ><div class='avia_textblock  '   itemprop=\"text\" ><p style=\"font-weight: 400; text-align: justify;\">Un llamado a revisar el subsidio al nuevo sueldo m\u00ednimo para Micro, Peque\u00f1as y Medianas empresas (MiPymes), realizaron el Delegado Presidencial Regional, Rodrigo Araya, y la seremi de Econom\u00eda, Rosa Machac\u00e1n.<\/p>\n<p style=\"font-weight: 400; text-align: justify;\">El Delegado Rodrigo Araya destac\u00f3 que \u00abeste es el primer subsidio de este tipo en el marco de un aumento salarial, fruto de un amplio acuerdo, con el objetivo de ayudar a cubrir este aumento y cumplir uno de los compromisos del Presidente Gabriel Boric, en el sentido de que las mejoras en la calidad de vida de las y los trabajadores no sea a costa de las empresas de menor tama\u00f1o\u201d.<\/p>\n<p style=\"font-weight: 400; text-align: justify;\">El beneficio establecido en la Ley N\u00b021.456 tiene como objetivo entregar apoyo a las empresas de menor tama\u00f1o, para que puedan pagar el nuevo salario m\u00ednimo, si cuentan con las condiciones establecidas en la normativa, pero tambi\u00e9n aplica a cooperativas, personas jur\u00eddicas sin fines de lucro (fundaciones u otras) y comunidades.<\/p>\n<p style=\"font-weight: 400; text-align: justify;\">\u201cEs un subsidio mensual para micro, peque\u00f1as y medianas empresas y cooperativas, orientado a apoyarlas en el pago del nuevo sueldo m\u00ednimo establecido en la Ley. Es un monto de 22 mil pesos por trabajador o trabajadora entre mayo y julio, que luego aumenta a 26 mil pesos a partir de agosto. Para acceder a este beneficio deben ingresar una solicitud \u00fanica en la web del Servicio de Impuestos Internos y el pago se realizar\u00e1 de manera mensual en la metodolog\u00eda que se escoja\u201d, indic\u00f3 la seremi Rosa Machac\u00e1n.<\/p>\n<p style=\"font-weight: 400; text-align: justify;\">Este aporte no est\u00e1 sujeto a impuestos, retenciones o embargos, y es variable. Es decir, el subsidio final que recibir\u00e1 cada MiPyme se calcular\u00e1 mes a mes, en base a la informaci\u00f3n entregada por la Administradora de Fondos de Cesant\u00eda al SII, sobre el n\u00famero de trabajadoras y trabajadores y sus ingresos, con un desfase cercano a los dos meses.<\/p>\n<p style=\"font-weight: 400; text-align: justify;\">El proceso de solicitud en la web de SII se realiza una sola vez, y tiene car\u00e1cter retroactivo, dado que su vigencia rige desde mayo de 2022. El resto de los meses el subsidio se calcular\u00e1 de manera autom\u00e1tica y se depositar\u00e1 en la cuenta registrada por la MiPyme hasta el \u00faltimo d\u00eda h\u00e1bil del mes. Al ingresar a la plataforma, las MiPymes podr\u00e1 conocer autom\u00e1ticamente si acceder\u00e1 o no al beneficio, de acuerdo con las condiciones establecidas en la ley, adem\u00e1s del monto a recibir. El apoyo se entregar\u00e1 hasta abril de 2023, si se cumplen con las condiciones legales para ello.<\/p>\n<p style=\"font-weight: 400; text-align: justify;\"><strong>\u00bfQu\u00e9 MiPymes pueden acceder al beneficio?<\/strong><\/p>\n<p style=\"font-weight: 400; text-align: justify;\">Las que tengan inicio de actividad en Primera Categor\u00eda, como persona natural o jur\u00eddica, incluidas las cooperativas. Las empresas que inicien actividades desde el 1 de agosto de 2022 podr\u00e1n acceder en el caso que el sueldo m\u00ednimo aumente a $410.000 (con IPC de 7%), entre enero y abril de 2023.<\/p>\n<p style=\"font-weight: 400; text-align: justify;\">Las que tengan ventas o servicios del giro superiores a 0,01 UF e iguales o inferiores a 100.000 UF en 2021.<\/p>\n<p style=\"font-weight: 400; text-align: justify;\">Las que cuenten con uno o m\u00e1s trabajadoras o trabajadores con sueldo m\u00ednimo, de acuerdo con el periodo contemplado en la Ley N\u00b0 21.456<\/p>\n<p style=\"font-weight: 400; text-align: justify;\">Las que sean persona jur\u00eddica sin fines de lucro y comunidades constituidas hasta el 30 de abril de 2022.<\/p>\n<p style=\"font-weight: 400; text-align: justify;\"><strong>C\u00e1lculo del Subsidio<\/strong><\/p>\n<p style=\"font-weight: 400; text-align: justify;\">El c\u00e1lculo del beneficio se basa en la informaci\u00f3n entregada por la Administradora de Fondos de Cesant\u00eda (AFC), respecto del n\u00famero de trabajadoras y trabajadores y su sueldo. Esta informaci\u00f3n es entregada al SII con un desfase cercano a los dos meses, por lo que, a trav\u00e9s de la plataforma del Servicio, se informar\u00e1 la fecha de actualizaci\u00f3n de los datos utilizados en cada solicitud.<\/p>\n<p style=\"font-weight: 400; text-align: justify;\">Para verificar si los ingresos de la Mipyme son mayores a 0,01 UF e iguales o menores a 100 mil UF, se consideran los ingresos obtenidos y registrados o declarados en la Declaraci\u00f3n de Renta 2022, o los Formularios 29 de Declaraci\u00f3n Mensual de Impuestos (IVA), o el Registro de Compras y Ventas, o las boletas de honorarios electr\u00f3nicas (para sociedades de profesionales de primera categor\u00eda).<\/p>\n<p style=\"font-weight: 400; text-align: justify;\"><strong>\u00a0<\/strong><strong>Los montos del subsidio fueron definidos por ley de la siguiente manera<\/strong><\/p>\n<table style=\"font-weight: 400;\" width=\"586\">\n<tbody>\n<tr>\n<td width=\"150\"><strong>Monto salario m\u00ednimo<\/strong><\/td>\n<td width=\"217\"><strong>Fecha de aplicaci\u00f3n<\/strong><\/td>\n<td width=\"219\"><strong>Monto subsidio por trabajador con sueldo m\u00ednimo<\/strong><\/td>\n<\/tr>\n<tr>\n<td width=\"150\"><strong>$380.000<\/strong><\/td>\n<td width=\"217\">Mayo a julio de 2022<\/td>\n<td width=\"219\">$22.000<\/td>\n<\/tr>\n<tr>\n<td width=\"150\"><strong>$400.000<\/strong><\/td>\n<td width=\"217\">Agosto de 2022 a diciembre de 2023<\/td>\n<td width=\"219\">$26.000<\/td>\n<\/tr>\n<tr>\n<td width=\"150\"><strong>$410.000<\/strong><\/td>\n<td width=\"217\">Enero a abril de 2023<\/td>\n<td width=\"219\">$32.000 (Si IPC anual es mayor a 7%)<\/td>\n<\/tr>\n<\/tbody>\n<\/table>\n<p style=\"font-weight: 400; text-align: justify;\">Este c\u00e1lculo mensual tambi\u00e9n considera la variaci\u00f3n en el n\u00famero de trabajadoras o trabajadores de la empresa durante el periodo de entrega del beneficio, que se ver\u00e1 reflejado en el Factor de Empleo y una vez solicitado el beneficio, mensualmente la empresa podr\u00e1 revisar en la misma plataforma el monto del subsidio que le corresponde.<\/p>\n<p style=\"font-weight: 400; text-align: justify;\">Si las Mipymes cumplen con las condiciones establecidas, recibir\u00e1n el subsidio 15 d\u00edas despu\u00e9s de aceptada la primera solicitud.<\/p>\n<p style=\"font-weight: 400; text-align: justify;\">En los siguientes meses y hasta abril de 2023, el beneficio se depositar\u00e1 autom\u00e1ticamente, hasta el \u00faltimo d\u00eda de cada mes.<\/p>\n<p style=\"text-align: justify;\">El formulario para acceder a este beneficio, que tambi\u00e9n aplica a cooperativas, personas jur\u00eddicas sin fines de lucro (fundaciones u otras) y comunidades, se encuentra disponible en\u00a0<a href=\"http:\/\/www.sii.cl\/\" target=\"_blank\" rel=\"noopener\" data-saferedirecturl=\"https:\/\/www.google.com\/url?q=http:\/\/www.sii.cl\/&amp;source=gmail&amp;ust=1656445593043000&amp;usg=AOvVaw0PMgy-JExjWuzQtFeDA2CL\">www.sii.cl<\/a>.<\/p>\n<\/div><\/section><\/div><div  style='height:50px' class='hr hr-invisible   avia-builder-el-6  el_after_av_one_full  el_before_av_social_share '><span class='hr-inner ' ><span class='hr-inner-style'><\/span><\/span><\/div><\/p>\n<div  class='av-social-sharing-box  avia-builder-el-7  el_after_av_hr  el_before_av_hr  '><div class='av-share-box'><h5 class='av-share-link-description av-no-toc '>Compartir esta noticia<\/h5><ul class='av-share-box-list noLightbox'><li class='av-share-link av-social-link-facebook' ><a target=\"_blank\" aria-label=\"Compartir en Facebook\" href='https:\/\/www.facebook.com\/sharer.php?u=https:\/\/radiorevelacionfm.cl\/?p=18508&#038;t=Hacen%20llamado%20a%20las%20MiPymes%20a%20revisar%20el%20nuevo%20subsidio%20de%20apoyo%20al%20empleo' aria-hidden='false' data-av_icon='\ue8f3' data-av_iconfont='entypo-fontello' title='' data-avia-related-tooltip='Compartir en Facebook' rel=\"noopener\"><span class='avia_hidden_link_text'>Compartir en Facebook<\/span><\/a><\/li><li class='av-share-link av-social-link-twitter' ><a target=\"_blank\" aria-label=\"Compartir en Twitter\" href='https:\/\/twitter.com\/share?text=Hacen%20llamado%20a%20las%20MiPymes%20a%20revisar%20el%20nuevo%20subsidio%20de%20apoyo%20al%20empleo&#038;url=https:\/\/radiorevelacionfm.cl\/?p=18508' aria-hidden='false' data-av_icon='\ue8f1' data-av_iconfont='entypo-fontello' title='' data-avia-related-tooltip='Compartir en Twitter' rel=\"noopener\"><span class='avia_hidden_link_text'>Compartir en Twitter<\/span><\/a><\/li><li class='av-share-link av-social-link-whatsapp' ><a target=\"_blank\" aria-label=\"Compartir en Whatsapp\" href='https:\/\/api.whatsapp.com\/send?text=https:\/\/radiorevelacionfm.cl\/?p=18508' aria-hidden='false' data-av_icon='\uf232' data-av_iconfont='entypo-fontello' title='' data-avia-related-tooltip='Compartir en Whatsapp' rel=\"noopener\"><span class='avia_hidden_link_text'>Compartir en Whatsapp<\/span><\/a><\/li><li class='av-share-link av-social-link-linkedin' ><a target=\"_blank\" aria-label=\"Compartir en LinkedIn\" href='https:\/\/linkedin.com\/shareArticle?mini=true&#038;title=Hacen%20llamado%20a%20las%20MiPymes%20a%20revisar%20el%20nuevo%20subsidio%20de%20apoyo%20al%20empleo&#038;url=https:\/\/radiorevelacionfm.cl\/?p=18508' aria-hidden='false' data-av_icon='\ue8fc' data-av_iconfont='entypo-fontello' title='' data-avia-related-tooltip='Compartir en LinkedIn' rel=\"noopener\"><span class='avia_hidden_link_text'>Compartir en LinkedIn<\/span><\/a><\/li><li class='av-share-link av-social-link-mail' ><a  aria-label=\"Compartir por correo\" href='mailto:?subject=Hacen%20llamado%20a%20las%20MiPymes%20a%20revisar%20el%20nuevo%20subsidio%20de%20apoyo%20al%20empleo&#038;body=https:\/\/radiorevelacionfm.cl\/?p=18508' aria-hidden='false' data-av_icon='\ue805' data-av_iconfont='entypo-fontello' title='' data-avia-related-tooltip='Compartir por correo'><span class='avia_hidden_link_text'>Compartir por correo<\/span><\/a><\/li><\/ul><\/div><\/div>\n<div  style='height:50px' class='hr hr-invisible   avia-builder-el-8  el_after_av_social_share  el_before_av_comments_list '><span class='hr-inner ' ><span class='hr-inner-style'><\/span><\/span><\/div>\n<div  class='av-buildercomment  av-blog-meta-html-info-disabled av-blog-meta-tag-disabled  '><\/div>\n","protected":false},"excerpt":{"rendered":"","protected":false},"author":1,"featured_media":18509,"comment_status":"open","ping_status":"open","sticky":false,"template":"","format":"standard","meta":{"footnotes":""},"categories":[38],"tags":[],"class_list":["post-18508","post","type-post","status-publish","format-standard","has-post-thumbnail","hentry","category-regional"],"jetpack_featured_media_url":"https:\/\/radiorevelacionfm.cl\/wp-content\/uploads\/2022\/06\/IMG_2291-1-1.jpg","_links":{"self":[{"href":"https:\/\/radiorevelacionfm.cl\/index.php?rest_route=\/wp\/v2\/posts\/18508","targetHints":{"allow":["GET"]}}],"collection":[{"href":"https:\/\/radiorevelacionfm.cl\/index.php?rest_route=\/wp\/v2\/posts"}],"about":[{"href":"https:\/\/radiorevelacionfm.cl\/index.php?rest_route=\/wp\/v2\/types\/post"}],"author":[{"embeddable":true,"href":"https:\/\/radiorevelacionfm.cl\/index.php?rest_route=\/wp\/v2\/users\/1"}],"replies":[{"embeddable":true,"href":"https:\/\/radiorevelacionfm.cl\/index.php?rest_route=%2Fwp%2Fv2%2Fcomments&post=18508"}],"version-history":[{"count":3,"href":"https:\/\/radiorevelacionfm.cl\/index.php?rest_route=\/wp\/v2\/posts\/18508\/revisions"}],"predecessor-version":[{"id":18511,"href":"https:\/\/radiorevelacionfm.cl\/index.php?rest_route=\/wp\/v2\/posts\/18508\/revisions\/18511"}],"wp:featuredmedia":[{"embeddable":true,"href":"https:\/\/radiorevelacionfm.cl\/index.php?rest_route=\/wp\/v2\/media\/18509"}],"wp:attachment":[{"href":"https:\/\/radiorevelacionfm.cl\/index.php?rest_route=%2Fwp%2Fv2%2Fmedia&parent=18508"}],"wp:term":[{"taxonomy":"category","embeddable":true,"href":"https:\/\/radiorevelacionfm.cl\/index.php?rest_route=%2Fwp%2Fv2%2Fcategories&post=18508"},{"taxonomy":"post_tag","embeddable":true,"href":"https:\/\/radiorevelacionfm.cl\/index.php?rest_route=%2Fwp%2Fv2%2Ftags&post=18508"}],"curies":[{"name":"wp","href":"https:\/\/api.w.org\/{rel}","templated":true}]}}