{"id":18505,"date":"2022-06-27T20:48:16","date_gmt":"2022-06-27T23:48:16","guid":{"rendered":"https:\/\/radiorevelacionfm.cl\/?p=18505"},"modified":"2022-06-27T20:48:16","modified_gmt":"2022-06-27T23:48:16","slug":"pdi-rindio-cuenta-publica-de-la-gestion-2021-en-la-region-de-aysen","status":"publish","type":"post","link":"https:\/\/radiorevelacionfm.cl\/?p=18505","title":{"rendered":"PDI rindi\u00f3 cuenta p\u00fablica de la gesti\u00f3n 2021 en la Regi\u00f3n de Ays\u00e9n"},"content":{"rendered":"<div class=\"flex_column av_one_full  flex_column_div av-zero-column-padding first  avia-builder-el-0  el_before_av_one_full  avia-builder-el-first  \" style='border-radius:0px; '><div  class='avia-image-container  av-styling-    avia-builder-el-1  avia-builder-el-no-sibling  avia-align-center '  itemprop=\"image\" itemscope=\"itemscope\" itemtype=\"https:\/\/schema.org\/ImageObject\"  ><div class='avia-image-container-inner'><div class='avia-image-overlay-wrap'><img decoding=\"async\" class='wp-image-18506 avia-img-lazy-loading-not-18506 avia_image' src=\"https:\/\/radiorevelacionfm.cl\/wp-content\/uploads\/2022\/06\/Cuenta-Publica-PDI-004-2-1.jpg\" alt='' title='Cuenta P\u00fablica PDI 004 (2) (1)' height=\"600\" width=\"974\"  itemprop=\"thumbnailUrl\" srcset=\"https:\/\/radiorevelacionfm.cl\/wp-content\/uploads\/2022\/06\/Cuenta-Publica-PDI-004-2-1.jpg 974w, https:\/\/radiorevelacionfm.cl\/wp-content\/uploads\/2022\/06\/Cuenta-Publica-PDI-004-2-1-300x185.jpg 300w, https:\/\/radiorevelacionfm.cl\/wp-content\/uploads\/2022\/06\/Cuenta-Publica-PDI-004-2-1-768x473.jpg 768w, https:\/\/radiorevelacionfm.cl\/wp-content\/uploads\/2022\/06\/Cuenta-Publica-PDI-004-2-1-705x434.jpg 705w, https:\/\/radiorevelacionfm.cl\/wp-content\/uploads\/2022\/06\/Cuenta-Publica-PDI-004-2-1-600x370.jpg 600w\" sizes=\"(max-width: 974px) 100vw, 974px\" \/><\/div><\/div><\/div><\/div><div class=\"flex_column av_one_full  flex_column_div av-zero-column-padding first  avia-builder-el-2  el_after_av_one_full  el_before_av_one_full  column-top-margin\" style='border-radius:0px; '><section class=\"av_textblock_section \"  itemscope=\"itemscope\" itemtype=\"https:\/\/schema.org\/BlogPosting\" itemprop=\"blogPost\" ><div class='avia_textblock  '   itemprop=\"text\" ><p style=\"text-align: center;\"><span style=\"font-size: 18pt;\"><strong>PDI rindi\u00f3 cuenta p\u00fablica de la gesti\u00f3n 2021 en la Regi\u00f3n de Ays\u00e9n<\/strong><\/span><\/p>\n<div id=\"gtx-trans\" style=\"position: absolute; left: -50px; top: 4.31534px;\">\n<div class=\"gtx-trans-icon\"><\/div>\n<\/div>\n<\/div><\/section><\/div><div class=\"flex_column av_one_full  flex_column_div av-zero-column-padding first  avia-builder-el-4  el_after_av_one_full  el_before_av_hr  column-top-margin\" style='border-radius:0px; '><section class=\"av_textblock_section \"  itemscope=\"itemscope\" itemtype=\"https:\/\/schema.org\/BlogPosting\" itemprop=\"blogPost\" ><div class='avia_textblock  '   itemprop=\"text\" ><p style=\"text-align: justify;\">El viernes 24 de junio, la Polic\u00eda de Investigaciones en la Regi\u00f3n de Ays\u00e9n rindi\u00f3 Cuenta P\u00fablica de la gesti\u00f3n 2021 ante diversas autoridades regionales y la sociedad civil, destacando el desempe\u00f1o de la PDI, sus principales resultados operativos y los desaf\u00edos de gesti\u00f3n para el presente a\u00f1o.<\/p>\n<p style=\"text-align: justify;\">As\u00ed, dentro del balance expuesto por el Prefecto Delf\u00edn Olgu\u00edn Donoso, Jefe de la Regi\u00f3n Policial de Ays\u00e9n, destacaron los lineamientos centrales del nuevo plan estrat\u00e9gico institucional, los proyectos de inversi\u00f3n, los resultados investigativos, control migratorio, seguridad p\u00fablica y capacitaci\u00f3n contin\u00faa, dando un especial \u00e9nfasis a los m\u00e1s de 477 millones de pesos que fueron adjudicados a trav\u00e9s de fondos sectoriales, proyectos de inversi\u00f3n y postulaci\u00f3n de fondos para equipar el Laboratorio de Criminal\u00edstica Regional, el Complejo Policial Coyhaique, las instalaciones fiscales y al personal de la Regi\u00f3n Policial de Ays\u00e9n.<\/p>\n<p style=\"text-align: justify;\">Adem\u00e1s, el Jefe Regional expres\u00f3 el compromiso de la PDI en continuar siendo una instituci\u00f3n enfocada en la investigaci\u00f3n profesional de los delitos, a trav\u00e9s del an\u00e1lisis criminal e inteligencia policial, en base a los valores transversales de transparencia, \u00e9tica y probidad y respeto de los Derechos Humanos.<\/p>\n<p style=\"text-align: justify;\"><strong>Resultados en investigaci\u00f3n criminal<\/strong><\/p>\n<p style=\"text-align: justify;\">En cuanto a los resultados operativos, la Polic\u00eda de Investigaciones de Chile en la Regi\u00f3n de Ays\u00e9n investig\u00f3 3.764 delitos durante el a\u00f1o 2021, de los cuales 740 corresponden a casos de delitos econ\u00f3micos, 399 a casos de delitos sexuales, 9 a casos por delitos inform\u00e1ticos y 6 a casos por pornograf\u00eda infantil.<\/p>\n<p style=\"text-align: justify;\">En cuanto a la labor antinarc\u00f3ticos, se logr\u00f3 una incautaci\u00f3n total de 6.286 gramos de cannabis sativa procesada, 360 gramos de clorhidrato de coca\u00edna, 36 plantas y 8 unidades de droga de s\u00edntesis. De las principales sustancias il\u00edcitas incautadas, el trabajo especializado permiti\u00f3 sacar de circulaci\u00f3n m\u00e1s de 20 mil dosis de estas drogas, sustancias avaluadas en alrededor de 106 millones de pesos, \u201cdemostrando que nuestra labor en el combate a este flagelo es socialmente rentable y entrega resultados positivos para nuestra comunidad\u201d, puntualiz\u00f3 el Jefe Regional.<\/p>\n<p style=\"text-align: justify;\">Gracias al trabajo policial se materializ\u00f3 la detenci\u00f3n de 480 personas imputadas por diversos delitos, destacando que de este total 76 son vinculadas a delitos de drogas, 28 por robos, 16 por delitos sexuales, 14 por delitos econ\u00f3micos e inform\u00e1ticos y 12 por violencia intrafamiliar, principalmente.<\/p>\n<p style=\"text-align: justify;\">Adem\u00e1s, durante el 2021, se cursaron 1.291 denuncias, principalmente, por delitos de estafas y otras defraudaciones, amenazas simples contra personas y propiedades, usurpaci\u00f3n de nombre y uso fraudulento de tarjetas. Por otro lado, se evacuaron 616 peritajes criminal\u00edsticos, se concurri\u00f3 a 400 sitios de suceso y se particip\u00f3 en 6 reconstituciones de escena. Asimismo, se ubicaron 56 personas tras investigaciones por casos de personas perdidas y presuntas desgracias.<\/p>\n<p style=\"text-align: justify;\"><strong>Control migratorio y fiscalizaci\u00f3n de ciudadanos extranjeros<\/strong><\/p>\n<p style=\"text-align: justify;\">Tras la pandemia y el cierre de fronteras, el \u00e1rea de Migraciones y Polic\u00eda Internacional experiment\u00f3 grandes cambios. As\u00ed, en los pasos fronterizos Huemules y Jeinimeni se llev\u00f3 a cabo el control de ingreso y salida de 13.714 personas, la mayor\u00eda por el paso fronterizo Huemules.<\/p>\n<p style=\"text-align: justify;\">En cuanto al control de extranjeros, el trabajo de la PDI responde a un proceso de an\u00e1lisis y planificaci\u00f3n, erradicando los controles al azar. En ese sentido, durante el 2021 se realizaron 86 fiscalizaciones a nivel regional, con un 96.5% de eficacia. En \u00e9stas se controlaron a un total de 503 ciudadanos extranjeros, de los cuales 196 fueron denunciados ante la autoridad administrativa por distintas infracciones a la Ley de Extranjer\u00eda, principalmente, por ingreso clandestino al territorio nacional.<\/p>\n<p style=\"text-align: justify;\"><strong>Seguridad y ciudadan\u00eda<\/strong><\/p>\n<p style=\"text-align: justify;\">La PDI particip\u00f3 en 33 Consejos Comunales de Seguridad P\u00fablica de las distintas Municipalidades de la Regi\u00f3n, aportando desde la especializaci\u00f3n en la investigaci\u00f3n de los delitos una mirada m\u00e1s amplia de los hechos que afectan a las comunidades en sus distintos territorios.<\/p>\n<p style=\"text-align: justify;\">En l\u00ednea con el proceso de capacitaci\u00f3n contin\u00faa, 34 detectives y personal policial se capacitaron en diversas materias de seguridad, derechos humanos, g\u00e9nero y reentrenamiento policial. Adem\u00e1s, los funcionarios participaron de distintas iniciativas acad\u00e9micas de la Fiscal\u00eda Regional para fortalecer la preparaci\u00f3n en fen\u00f3menos emergentes y llevar a cabo procedimientos de alto est\u00e1ndar probatorio para la persecuci\u00f3n penal.<\/p>\n<p style=\"text-align: justify;\">Del mismo modo, los detectives capacitaron en temas medioambientales, migratorios y sobre fen\u00f3menos complejos a distintos entes de la sociedad civil organizada e instituciones p\u00fablicas de la regi\u00f3n.<\/p>\n<p style=\"text-align: justify;\"><strong>An\u00e1lisis y desaf\u00edos <\/strong><\/p>\n<p style=\"text-align: justify;\">Sobre los resultados expuestos, el Prefecto Delf\u00edn Olgu\u00edn indic\u00f3 que \u201cdimos cuenta del trabajo de nuestros funcionarios en la Regi\u00f3n Policial de Ays\u00e9n con un acento especial en los delitos de alta complejidad, con equipos multidisciplinarios buscamos acotar las investigaciones dar resultados a los ciudadanos en aquellos delitos que generan m\u00e1s sensaci\u00f3n de inseguridad\u201d.<\/p>\n<p style=\"text-align: justify;\">En cuanto al combate al narcotr\u00e1fico, el Jefe de la PDI Ays\u00e9n resalt\u00f3 que \u201cvamos a darle bastante \u00e9nfasis al trabajo antinarc\u00f3ticos, vamos a continuar llevando a cabo procedimientos Microtr\u00e1fico Cero a nivel barrial con la finalidad de poder sacar de circulaci\u00f3n distintos tipos de droga que afectan a nuestra comunidad y hemos ampliado nuestro alcance operativo para incautar drogas v\u00eda \u00e1rea, terrestre y mar\u00edtima en la regi\u00f3n\u201d.<\/p>\n<p style=\"text-align: justify;\">Finalmente, el Jefe de la Regi\u00f3n Policial de Ays\u00e9n, Prefecto Delf\u00edn Olgu\u00edn, se\u00f1al\u00f3 que \u201clos desaf\u00edos son cuantiosos, tenemos un diagn\u00f3stico de la necesidad de la ciudadan\u00eda y estamos comenzando a abocarnos a los delitos de mayor complejidad para poder sumar seguridad a la ciudadan\u00eda aysenina, ya que el delito muta y cambia, teniendo que estar preparados con nuestras diferentes capacidades para abordar estas complejidades\u201d.<\/p>\n<\/div><\/section><\/div><div  style='height:50px' class='hr hr-invisible   avia-builder-el-6  el_after_av_one_full  el_before_av_social_share '><span class='hr-inner ' ><span class='hr-inner-style'><\/span><\/span><\/div><\/p>\n<div  class='av-social-sharing-box  avia-builder-el-7  el_after_av_hr  el_before_av_hr  '><div class='av-share-box'><h5 class='av-share-link-description av-no-toc '>Compartir esta noticia<\/h5><ul class='av-share-box-list noLightbox'><li class='av-share-link av-social-link-facebook' ><a target=\"_blank\" aria-label=\"Compartir en Facebook\" href='https:\/\/www.facebook.com\/sharer.php?u=https:\/\/radiorevelacionfm.cl\/?p=18505&#038;t=PDI%20rindi%C3%B3%20cuenta%20p%C3%BAblica%20de%20la%20gesti%C3%B3n%202021%20en%20la%20Regi%C3%B3n%20de%20Ays%C3%A9n' aria-hidden='false' data-av_icon='\ue8f3' data-av_iconfont='entypo-fontello' title='' data-avia-related-tooltip='Compartir en Facebook' rel=\"noopener\"><span class='avia_hidden_link_text'>Compartir en Facebook<\/span><\/a><\/li><li class='av-share-link av-social-link-twitter' ><a target=\"_blank\" aria-label=\"Compartir en Twitter\" href='https:\/\/twitter.com\/share?text=PDI%20rindi%C3%B3%20cuenta%20p%C3%BAblica%20de%20la%20gesti%C3%B3n%202021%20en%20la%20Regi%C3%B3n%20de%20Ays%C3%A9n&#038;url=https:\/\/radiorevelacionfm.cl\/?p=18505' aria-hidden='false' data-av_icon='\ue8f1' data-av_iconfont='entypo-fontello' title='' data-avia-related-tooltip='Compartir en Twitter' rel=\"noopener\"><span class='avia_hidden_link_text'>Compartir en Twitter<\/span><\/a><\/li><li class='av-share-link av-social-link-whatsapp' ><a target=\"_blank\" aria-label=\"Compartir en Whatsapp\" href='https:\/\/api.whatsapp.com\/send?text=https:\/\/radiorevelacionfm.cl\/?p=18505' aria-hidden='false' data-av_icon='\uf232' data-av_iconfont='entypo-fontello' title='' data-avia-related-tooltip='Compartir en Whatsapp' rel=\"noopener\"><span class='avia_hidden_link_text'>Compartir en Whatsapp<\/span><\/a><\/li><li class='av-share-link av-social-link-linkedin' ><a target=\"_blank\" aria-label=\"Compartir en LinkedIn\" href='https:\/\/linkedin.com\/shareArticle?mini=true&#038;title=PDI%20rindi%C3%B3%20cuenta%20p%C3%BAblica%20de%20la%20gesti%C3%B3n%202021%20en%20la%20Regi%C3%B3n%20de%20Ays%C3%A9n&#038;url=https:\/\/radiorevelacionfm.cl\/?p=18505' aria-hidden='false' data-av_icon='\ue8fc' data-av_iconfont='entypo-fontello' title='' data-avia-related-tooltip='Compartir en LinkedIn' rel=\"noopener\"><span class='avia_hidden_link_text'>Compartir en LinkedIn<\/span><\/a><\/li><li class='av-share-link av-social-link-mail' ><a  aria-label=\"Compartir por correo\" href='mailto:?subject=PDI%20rindi%C3%B3%20cuenta%20p%C3%BAblica%20de%20la%20gesti%C3%B3n%202021%20en%20la%20Regi%C3%B3n%20de%20Ays%C3%A9n&#038;body=https:\/\/radiorevelacionfm.cl\/?p=18505' aria-hidden='false' data-av_icon='\ue805' data-av_iconfont='entypo-fontello' title='' data-avia-related-tooltip='Compartir por correo'><span class='avia_hidden_link_text'>Compartir por correo<\/span><\/a><\/li><\/ul><\/div><\/div>\n<div  style='height:50px' class='hr hr-invisible   avia-builder-el-8  el_after_av_social_share  el_before_av_comments_list '><span class='hr-inner ' ><span class='hr-inner-style'><\/span><\/span><\/div>\n<div  class='av-buildercomment  av-blog-meta-html-info-disabled av-blog-meta-tag-disabled  '><\/div>\n","protected":false},"excerpt":{"rendered":"","protected":false},"author":1,"featured_media":18506,"comment_status":"open","ping_status":"open","sticky":false,"template":"","format":"standard","meta":{"footnotes":""},"categories":[36],"tags":[],"class_list":["post-18505","post","type-post","status-publish","format-standard","has-post-thumbnail","hentry","category-policial"],"jetpack_featured_media_url":"https:\/\/radiorevelacionfm.cl\/wp-content\/uploads\/2022\/06\/Cuenta-Publica-PDI-004-2-1.jpg","_links":{"self":[{"href":"https:\/\/radiorevelacionfm.cl\/index.php?rest_route=\/wp\/v2\/posts\/18505","targetHints":{"allow":["GET"]}}],"collection":[{"href":"https:\/\/radiorevelacionfm.cl\/index.php?rest_route=\/wp\/v2\/posts"}],"about":[{"href":"https:\/\/radiorevelacionfm.cl\/index.php?rest_route=\/wp\/v2\/types\/post"}],"author":[{"embeddable":true,"href":"https:\/\/radiorevelacionfm.cl\/index.php?rest_route=\/wp\/v2\/users\/1"}],"replies":[{"embeddable":true,"href":"https:\/\/radiorevelacionfm.cl\/index.php?rest_route=%2Fwp%2Fv2%2Fcomments&post=18505"}],"version-history":[{"count":2,"href":"https:\/\/radiorevelacionfm.cl\/index.php?rest_route=\/wp\/v2\/posts\/18505\/revisions"}],"predecessor-version":[{"id":18521,"href":"https:\/\/radiorevelacionfm.cl\/index.php?rest_route=\/wp\/v2\/posts\/18505\/revisions\/18521"}],"wp:featuredmedia":[{"embeddable":true,"href":"https:\/\/radiorevelacionfm.cl\/index.php?rest_route=\/wp\/v2\/media\/18506"}],"wp:attachment":[{"href":"https:\/\/radiorevelacionfm.cl\/index.php?rest_route=%2Fwp%2Fv2%2Fmedia&parent=18505"}],"wp:term":[{"taxonomy":"category","embeddable":true,"href":"https:\/\/radiorevelacionfm.cl\/index.php?rest_route=%2Fwp%2Fv2%2Fcategories&post=18505"},{"taxonomy":"post_tag","embeddable":true,"href":"https:\/\/radiorevelacionfm.cl\/index.php?rest_route=%2Fwp%2Fv2%2Ftags&post=18505"}],"curies":[{"name":"wp","href":"https:\/\/api.w.org\/{rel}","templated":true}]}}