{"id":18502,"date":"2022-06-28T10:39:00","date_gmt":"2022-06-28T13:39:00","guid":{"rendered":"https:\/\/radiorevelacionfm.cl\/?p=18502"},"modified":"2022-06-28T10:39:00","modified_gmt":"2022-06-28T13:39:00","slug":"dirigentes-valoraron-dialogo-participativo-sobre-subsidio-de-arriendo-organizado-por-el-minvu","status":"publish","type":"post","link":"https:\/\/radiorevelacionfm.cl\/?p=18502","title":{"rendered":"Dirigentes valoraron Di\u00e1logo Participativo sobre subsidio de arriendo organizado por el Minvu"},"content":{"rendered":"<div class=\"flex_column av_one_full  flex_column_div av-zero-column-padding first  avia-builder-el-0  el_before_av_one_full  avia-builder-el-first  \" style='border-radius:0px; '><div  class='avia-image-container  av-styling-    avia-builder-el-1  avia-builder-el-no-sibling  avia-align-center '  itemprop=\"image\" itemscope=\"itemscope\" itemtype=\"https:\/\/schema.org\/ImageObject\"  ><div class='avia-image-container-inner'><div class='avia-image-overlay-wrap'><img decoding=\"async\" class='wp-image-18503 avia-img-lazy-loading-not-18503 avia_image' src=\"https:\/\/radiorevelacionfm.cl\/wp-content\/uploads\/2022\/06\/img_7264-1_optimized.jpg\" alt='' title='img_7264-(1)_optimized' height=\"600\" width=\"901\"  itemprop=\"thumbnailUrl\" srcset=\"https:\/\/radiorevelacionfm.cl\/wp-content\/uploads\/2022\/06\/img_7264-1_optimized.jpg 901w, https:\/\/radiorevelacionfm.cl\/wp-content\/uploads\/2022\/06\/img_7264-1_optimized-300x200.jpg 300w, https:\/\/radiorevelacionfm.cl\/wp-content\/uploads\/2022\/06\/img_7264-1_optimized-768x511.jpg 768w, https:\/\/radiorevelacionfm.cl\/wp-content\/uploads\/2022\/06\/img_7264-1_optimized-705x469.jpg 705w, https:\/\/radiorevelacionfm.cl\/wp-content\/uploads\/2022\/06\/img_7264-1_optimized-600x400.jpg 600w\" sizes=\"(max-width: 901px) 100vw, 901px\" \/><\/div><\/div><\/div><\/div><div class=\"flex_column av_one_full  flex_column_div av-zero-column-padding first  avia-builder-el-2  el_after_av_one_full  el_before_av_one_full  column-top-margin\" style='border-radius:0px; '><section class=\"av_textblock_section \"  itemscope=\"itemscope\" itemtype=\"https:\/\/schema.org\/BlogPosting\" itemprop=\"blogPost\" ><div class='avia_textblock  '   itemprop=\"text\" ><p style=\"text-align: center;\"><strong><span style=\"font-size: 18pt;\">Dirigentes valoraron Di\u00e1logo Participativo sobre subsidio de arriendo organizado por el Minvu<\/span><\/strong><\/p>\n<div id=\"gtx-trans\" style=\"position: absolute; left: -50px; top: 4.31534px;\">\n<div class=\"gtx-trans-icon\"><\/div>\n<\/div>\n<\/div><\/section><\/div><div class=\"flex_column av_one_full  flex_column_div av-zero-column-padding first  avia-builder-el-4  el_after_av_one_full  el_before_av_hr  column-top-margin\" style='border-radius:0px; '><section class=\"av_textblock_section \"  itemscope=\"itemscope\" itemtype=\"https:\/\/schema.org\/BlogPosting\" itemprop=\"blogPost\" ><div class='avia_textblock  '   itemprop=\"text\" ><p style=\"text-align: justify;\">Una treintena de dirigentes y dirigentas de comit\u00e9s de vivienda de Coyhaique participaron este jueves en el Di\u00e1logo Ciudadano denominado \u201cConociendo el Subsidio de Arriendo\u201d, actividad que se desarroll\u00f3 en el Centro Cultural bajo la organizaci\u00f3n del Ministerio de Vivienda y Urbanismo (Minvu) de la regi\u00f3n de Ays\u00e9n y con la colaboraci\u00f3n de la ilustre municipalidad de Coyhaique.<\/p>\n<p style=\"text-align: justify;\">La actividad es parte de una estrategia que est\u00e1n implementando la Seremi de Vivienda y el Serviu regional para difundir, informar y educar a dirigentes y comunidad en general respecto de los diferentes programas que est\u00e1n disponibles desde el Minvu para ayudar a las familias a mejorar sus condiciones de vida.<\/p>\n<p style=\"text-align: justify;\">Los y las participantes valoraron el encuentro asumiendo que existe una necesidad cada vez mayor de poner a disposici\u00f3n de nuestras familias toda la informaci\u00f3n, no solo de este subsidio, sino de todos los beneficios existentes desde el Estado, en forma oportuna, sencilla y directa.<\/p>\n<p style=\"text-align: justify;\">As\u00ed lo expres\u00f3 Valeria Mart\u00ednez, Presidenta del Comit\u00e9 \u201cPaso Seguro \u2013 Departamentos\u201d que espera repetir la experiencia en los pr\u00f3ximos meses. \u201cExcelente porque si bien estos programas existen hay a veces muy pocas personas que se enteran, entonces nosotras por el hecho de ser dirigentes o tener mayor conectividad con las personas y porque vivimos hace mucho tiempo ac\u00e1, es importante que nos informemos y podamos ayudar a que estas cosas funcionen, que la gente se informe y me parece s\u00faper bien que nos llamen a participar, me parece excelente\u201d, indic\u00f3.<\/p>\n<p style=\"text-align: justify;\">Tambi\u00e9n la Presidenta del comit\u00e9 \u201cHermanos de la Patagonia\u201d, Deisy Fuentes, expres\u00f3 su satisfacci\u00f3n de participar en el di\u00e1logo, algo que se hac\u00eda necesario dese hace bastante tiempo. \u201cMe pareci\u00f3 una linda instancia donde podemos hacernos cargo de preguntar, de saber, de informarnos y tambi\u00e9n as\u00ed de mostrar nuestras inquietudes respecto al subsidio de arriendo, que la mayor\u00eda de las veces tiene bastantes dificultades en la regi\u00f3n. As\u00ed que felicitarlos y agradecer al Serviu por la invitaci\u00f3n\u201d, manifest\u00f3.<\/p>\n<p style=\"text-align: justify;\">La Seremi de Vivienda, Paulina Ruz, destac\u00f3 el entusiasmo y participaci\u00f3n, como un incentivo para organizar y desarrollar nuevos encuentros. \u201cComo Ministerio de Vivienda seguimos los lineamientos del nivel central y el programa de Gobierno sobre la importancia de la participaci\u00f3n ciudadana en nuestra gesti\u00f3n. Estamos muy felices por la convocatoria y vamos a seguir haciendo este tipo de actividades donde lo principal es informar a la poblaci\u00f3n sobre nuestros beneficios y tambi\u00e9n c\u00f3mo pueden postular, invitando para ello no solo a dirigentes sino m\u00e1s adelante a todos los vecinos y vecinas\u201d, precis\u00f3.<\/p>\n<p style=\"text-align: justify;\">Tambi\u00e9n el alcalde Carlos Gatica se\u00f1al\u00f3 que se trata de una buena instancia para derribar las barreras que tiene hoy la sociedad civil en el acceso a los programas del Estado, como son la falta de informaci\u00f3n sencilla, clara y oportuna. \u201cPor eso agradezco a la Seremi y a los equipos Minvu y municipales porque hoy gracias a su esfuerzo podemos entregar informaci\u00f3n necesaria a los vecinos para que conozcan, pero tambi\u00e9n para que tengan una oportunidad de postular a un beneficio que sin duda les va a mejorar la calidad de vida sustancialmente. As\u00ed que, a seguir en esto, empaparse de todo lo que viene y a seguir construyendo juntos\u201d, afirm\u00f3.<\/p>\n<p style=\"text-align: justify;\">Tras dos breves exposiciones y el di\u00e1logo en las mesas de trabajo, los presentes expusieron sus conclusiones, su opini\u00f3n y sus dudas respecto del subsidio de arriendo y su aplicaci\u00f3n regional, dejando confirmado el compromiso de realizar nuevos encuentros en los sectores poblacionales.<\/p>\n<\/div><\/section><\/div><div  style='height:50px' class='hr hr-invisible   avia-builder-el-6  el_after_av_one_full  el_before_av_social_share '><span class='hr-inner ' ><span class='hr-inner-style'><\/span><\/span><\/div><\/p>\n<div  class='av-social-sharing-box  avia-builder-el-7  el_after_av_hr  el_before_av_hr  '><div class='av-share-box'><h5 class='av-share-link-description av-no-toc '>Compartir esta noticia<\/h5><ul class='av-share-box-list noLightbox'><li class='av-share-link av-social-link-facebook' ><a target=\"_blank\" aria-label=\"Compartir en Facebook\" href='https:\/\/www.facebook.com\/sharer.php?u=https:\/\/radiorevelacionfm.cl\/?p=18502&#038;t=Dirigentes%20valoraron%20Di%C3%A1logo%20Participativo%20sobre%20subsidio%20de%20arriendo%20organizado%20por%20el%20Minvu' aria-hidden='false' data-av_icon='\ue8f3' data-av_iconfont='entypo-fontello' title='' data-avia-related-tooltip='Compartir en Facebook' rel=\"noopener\"><span class='avia_hidden_link_text'>Compartir en Facebook<\/span><\/a><\/li><li class='av-share-link av-social-link-twitter' ><a target=\"_blank\" aria-label=\"Compartir en Twitter\" href='https:\/\/twitter.com\/share?text=Dirigentes%20valoraron%20Di%C3%A1logo%20Participativo%20sobre%20subsidio%20de%20arriendo%20organizado%20por%20el%20Minvu&#038;url=https:\/\/radiorevelacionfm.cl\/?p=18502' aria-hidden='false' data-av_icon='\ue8f1' data-av_iconfont='entypo-fontello' title='' data-avia-related-tooltip='Compartir en Twitter' rel=\"noopener\"><span class='avia_hidden_link_text'>Compartir en Twitter<\/span><\/a><\/li><li class='av-share-link av-social-link-whatsapp' ><a target=\"_blank\" aria-label=\"Compartir en Whatsapp\" href='https:\/\/api.whatsapp.com\/send?text=https:\/\/radiorevelacionfm.cl\/?p=18502' aria-hidden='false' data-av_icon='\uf232' data-av_iconfont='entypo-fontello' title='' data-avia-related-tooltip='Compartir en Whatsapp' rel=\"noopener\"><span class='avia_hidden_link_text'>Compartir en Whatsapp<\/span><\/a><\/li><li class='av-share-link av-social-link-linkedin' ><a target=\"_blank\" aria-label=\"Compartir en LinkedIn\" href='https:\/\/linkedin.com\/shareArticle?mini=true&#038;title=Dirigentes%20valoraron%20Di%C3%A1logo%20Participativo%20sobre%20subsidio%20de%20arriendo%20organizado%20por%20el%20Minvu&#038;url=https:\/\/radiorevelacionfm.cl\/?p=18502' aria-hidden='false' data-av_icon='\ue8fc' data-av_iconfont='entypo-fontello' title='' data-avia-related-tooltip='Compartir en LinkedIn' rel=\"noopener\"><span class='avia_hidden_link_text'>Compartir en LinkedIn<\/span><\/a><\/li><li class='av-share-link av-social-link-mail' ><a  aria-label=\"Compartir por correo\" href='mailto:?subject=Dirigentes%20valoraron%20Di%C3%A1logo%20Participativo%20sobre%20subsidio%20de%20arriendo%20organizado%20por%20el%20Minvu&#038;body=https:\/\/radiorevelacionfm.cl\/?p=18502' aria-hidden='false' data-av_icon='\ue805' data-av_iconfont='entypo-fontello' title='' data-avia-related-tooltip='Compartir por correo'><span class='avia_hidden_link_text'>Compartir por correo<\/span><\/a><\/li><\/ul><\/div><\/div>\n<div  style='height:50px' class='hr hr-invisible   avia-builder-el-8  el_after_av_social_share  el_before_av_comments_list '><span class='hr-inner ' ><span class='hr-inner-style'><\/span><\/span><\/div>\n<div  class='av-buildercomment  av-blog-meta-html-info-disabled av-blog-meta-tag-disabled  '><\/div>\n","protected":false},"excerpt":{"rendered":"","protected":false},"author":1,"featured_media":18503,"comment_status":"open","ping_status":"open","sticky":false,"template":"","format":"standard","meta":{"footnotes":""},"categories":[57],"tags":[],"class_list":["post-18502","post","type-post","status-publish","format-standard","has-post-thumbnail","hentry","category-vivienda"],"jetpack_featured_media_url":"https:\/\/radiorevelacionfm.cl\/wp-content\/uploads\/2022\/06\/img_7264-1_optimized.jpg","_links":{"self":[{"href":"https:\/\/radiorevelacionfm.cl\/index.php?rest_route=\/wp\/v2\/posts\/18502","targetHints":{"allow":["GET"]}}],"collection":[{"href":"https:\/\/radiorevelacionfm.cl\/index.php?rest_route=\/wp\/v2\/posts"}],"about":[{"href":"https:\/\/radiorevelacionfm.cl\/index.php?rest_route=\/wp\/v2\/types\/post"}],"author":[{"embeddable":true,"href":"https:\/\/radiorevelacionfm.cl\/index.php?rest_route=\/wp\/v2\/users\/1"}],"replies":[{"embeddable":true,"href":"https:\/\/radiorevelacionfm.cl\/index.php?rest_route=%2Fwp%2Fv2%2Fcomments&post=18502"}],"version-history":[{"count":2,"href":"https:\/\/radiorevelacionfm.cl\/index.php?rest_route=\/wp\/v2\/posts\/18502\/revisions"}],"predecessor-version":[{"id":18522,"href":"https:\/\/radiorevelacionfm.cl\/index.php?rest_route=\/wp\/v2\/posts\/18502\/revisions\/18522"}],"wp:featuredmedia":[{"embeddable":true,"href":"https:\/\/radiorevelacionfm.cl\/index.php?rest_route=\/wp\/v2\/media\/18503"}],"wp:attachment":[{"href":"https:\/\/radiorevelacionfm.cl\/index.php?rest_route=%2Fwp%2Fv2%2Fmedia&parent=18502"}],"wp:term":[{"taxonomy":"category","embeddable":true,"href":"https:\/\/radiorevelacionfm.cl\/index.php?rest_route=%2Fwp%2Fv2%2Fcategories&post=18502"},{"taxonomy":"post_tag","embeddable":true,"href":"https:\/\/radiorevelacionfm.cl\/index.php?rest_route=%2Fwp%2Fv2%2Ftags&post=18502"}],"curies":[{"name":"wp","href":"https:\/\/api.w.org\/{rel}","templated":true}]}}