{"id":18498,"date":"2022-06-27T16:35:37","date_gmt":"2022-06-27T19:35:37","guid":{"rendered":"https:\/\/radiorevelacionfm.cl\/?p=18498"},"modified":"2022-06-27T16:35:37","modified_gmt":"2022-06-27T19:35:37","slug":"instituciones-de-agricultura-se-reunen-con-productores-as-de-la-junta","status":"publish","type":"post","link":"https:\/\/radiorevelacionfm.cl\/?p=18498","title":{"rendered":"Instituciones de Agricultura se re\u00fanen con productores\/as de La Junta"},"content":{"rendered":"<div class=\"flex_column av_one_full  flex_column_div av-zero-column-padding first  avia-builder-el-0  el_before_av_one_full  avia-builder-el-first  \" style='border-radius:0px; '><div  class='avia-image-container  av-styling-    avia-builder-el-1  avia-builder-el-no-sibling  avia-align-center '  itemprop=\"image\" itemscope=\"itemscope\" itemtype=\"https:\/\/schema.org\/ImageObject\"  ><div class='avia-image-container-inner'><div class='avia-image-overlay-wrap'><img decoding=\"async\" class='wp-image-18499 avia-img-lazy-loading-not-18499 avia_image' src=\"https:\/\/radiorevelacionfm.cl\/wp-content\/uploads\/2022\/06\/z9a8684-1_optimized-1.jpg\" alt='' title='_z9a8684-(1)_optimized (1)' height=\"600\" width=\"1083\"  itemprop=\"thumbnailUrl\" srcset=\"https:\/\/radiorevelacionfm.cl\/wp-content\/uploads\/2022\/06\/z9a8684-1_optimized-1.jpg 1083w, https:\/\/radiorevelacionfm.cl\/wp-content\/uploads\/2022\/06\/z9a8684-1_optimized-1-300x166.jpg 300w, https:\/\/radiorevelacionfm.cl\/wp-content\/uploads\/2022\/06\/z9a8684-1_optimized-1-1030x571.jpg 1030w, https:\/\/radiorevelacionfm.cl\/wp-content\/uploads\/2022\/06\/z9a8684-1_optimized-1-768x425.jpg 768w, https:\/\/radiorevelacionfm.cl\/wp-content\/uploads\/2022\/06\/z9a8684-1_optimized-1-705x391.jpg 705w, https:\/\/radiorevelacionfm.cl\/wp-content\/uploads\/2022\/06\/z9a8684-1_optimized-1-600x332.jpg 600w\" sizes=\"(max-width: 1083px) 100vw, 1083px\" \/><\/div><\/div><\/div><\/div><div class=\"flex_column av_one_full  flex_column_div av-zero-column-padding first  avia-builder-el-2  el_after_av_one_full  el_before_av_one_full  column-top-margin\" style='border-radius:0px; '><section class=\"av_textblock_section \"  itemscope=\"itemscope\" itemtype=\"https:\/\/schema.org\/BlogPosting\" itemprop=\"blogPost\" ><div class='avia_textblock  '   itemprop=\"text\" ><p style=\"text-align: center;\"><strong><span style=\"font-size: 18pt;\">Instituciones de Agricultura se re\u00fanen con productores\/as de La Junta <u><\/u>\u00a0<\/span><\/strong><\/p>\n<div id=\"gtx-trans\" style=\"position: absolute; left: -50px; top: 4.31534px;\">\n<div class=\"gtx-trans-icon\"><\/div>\n<\/div>\n<\/div><\/section><\/div><div class=\"flex_column av_one_full  flex_column_div av-zero-column-padding first  avia-builder-el-4  el_after_av_one_full  el_before_av_hr  column-top-margin\" style='border-radius:0px; '><section class=\"av_textblock_section \"  itemscope=\"itemscope\" itemtype=\"https:\/\/schema.org\/BlogPosting\" itemprop=\"blogPost\" ><div class='avia_textblock  '   itemprop=\"text\" ><p style=\"font-weight: 400; text-align: justify;\">Visita a productores\/as de Lago Verde, un conversatorio en Puerto Cisnes y un encuentro de las instituciones del agro en La Junta, marc\u00f3 la agenda de actividades desarrolladas por los servicios del Ministerio de Agricultura en la zona norte de Ays\u00e9n.<\/p>\n<p style=\"font-weight: 400; text-align: justify;\">En la instancia desarrollada en La Junta, los directores\/as de INDAP, INIA, INFOR, SAG y un representante de CONAF, liderados por el Seremi Alan Espinoza Ortiz, se reunieron con cerca de 30 productores\/as silvoagropecuarios y autoridades comunales, para dialogar sobre temas del sector, informar sobre los lineamientos del ministerio 2022-2026 y dar conocer la bater\u00eda de programas impulsados en Ays\u00e9n.<\/p>\n<p style=\"font-weight: 400; text-align: justify;\">En este sentido, Espinoza, resalt\u00f3 este ejercicio que posibilita revisar y proyectar en conjunto las pol\u00edticas p\u00fablicas del Ministerio de Agricultura.<\/p>\n<p style=\"font-weight: 400; text-align: justify;\">\u201cNosotros tenemos un mensaje claro que tiene que\u00a0ver con c\u00f3mo mejoramos la condici\u00f3n de vida y c\u00f3mo mejoramos la calidad de vida de nuestra agricultura. Y que no tiene que ver solo\u00a0con lo productivo, sino tambi\u00e9n con c\u00f3mo mejoramos el entorno, c\u00f3mo mejoramos lo acceso, c\u00f3mo mejoramos la conectividad con equidad. Y tambi\u00e9n tiene que ver con c\u00f3mo comunicamos, porque si algo tiene el Ministerio de Agricultura es una bater\u00eda de oportunidades, de innovaci\u00f3n, de transferencia, de fomento y ah\u00ed creemos que es importante el rol de las comunidades\u201d, detall\u00f3.<\/p>\n<p style=\"font-weight: 400; text-align: justify;\">Tras el encuentro el tesorero de la\u00a0Asociaci\u00f3n Gremial Agr\u00edcola y Ganadera de Peque\u00f1os Campesinos de La Junta, Carlos Schmidt, destac\u00f3 el encuentro con los representantes del agro.<\/p>\n<p style=\"font-weight: 400; text-align: justify;\">\u201cSi sigue teniendo esta misma disposici\u00f3n de escuchar y de ser proactivo, eso es lo que uno espera de una autoridad independiente del color pol\u00edtico y que sean proactivos en beneficio del campo y din\u00e1mico en beneficio de todas las \u00e1reas agr\u00edcolas.\u00a0\u00a0Una buena impresi\u00f3n inicial y esperar que siga en esa misma parada. En esa misma postura en el transcurso del tiempo\u201d, indic\u00f3 el dirigente.<\/p>\n<p style=\"font-weight: 400; text-align: justify;\">Por su parte el concejal de la Comuna de Cisnes, Francisco Abarca, quien estuvo presente en la reuni\u00f3n junto a los concejales Almendra Silva y Carlos Valdez, valor\u00f3 la instancia para generar mayor participaci\u00f3n ciudadana.<\/p>\n<p style=\"font-weight: 400; text-align: justify;\">\u201cLo que aqu\u00ed ha ocurrido es como debe funcionar para nosotros cualquier Gobierno, es que se constituyan ac\u00e1 y a partir de las inquietudes de la gente se marque la hoja de ruta para lo que va a ser el trabajo de resolver las principales problem\u00e1ticas que tengan los distintos sectores. As\u00ed que por nuestra parte asumimos compromiso tambi\u00e9n. Tambi\u00e9n las vecinas y vecinos, la dirigentes y dirigentes van a asumir compromisos, as\u00ed como tambi\u00e9n asumir un compromiso desde la Seremi y\u00a0de los directores que vamos a estar persiguiendo que se cumplan\u201d, expres\u00f3.<\/p>\n<p style=\"font-weight: 400; text-align: justify;\">Caminos intraprediales, tabla de costos, adem\u00e1s de informar sobre el Plan Siembra Por chile impulsado por el Gobierno, entre\u00a0otros temas, formaron\u00a0parte de este encuentro, el cual seg\u00fan se\u00f1alo Alan Espinoza, \u201cse continuar\u00e1 por todo el territorio para profundizar el acercamiento con las comunidades\u201d.<\/p>\n<\/div><\/section><\/div><div  style='height:50px' class='hr hr-invisible   avia-builder-el-6  el_after_av_one_full  el_before_av_social_share '><span class='hr-inner ' ><span class='hr-inner-style'><\/span><\/span><\/div><\/p>\n<div  class='av-social-sharing-box  avia-builder-el-7  el_after_av_hr  el_before_av_hr  '><div class='av-share-box'><h5 class='av-share-link-description av-no-toc '>Compartir esta noticia<\/h5><ul class='av-share-box-list noLightbox'><li class='av-share-link av-social-link-facebook' ><a target=\"_blank\" aria-label=\"Compartir en Facebook\" href='https:\/\/www.facebook.com\/sharer.php?u=https:\/\/radiorevelacionfm.cl\/?p=18498&#038;t=Instituciones%20de%20Agricultura%20se%20re%C3%BAnen%20con%20productores%2Fas%20de%20La%20Junta' aria-hidden='false' data-av_icon='\ue8f3' data-av_iconfont='entypo-fontello' title='' data-avia-related-tooltip='Compartir en Facebook' rel=\"noopener\"><span class='avia_hidden_link_text'>Compartir en Facebook<\/span><\/a><\/li><li class='av-share-link av-social-link-twitter' ><a target=\"_blank\" aria-label=\"Compartir en Twitter\" href='https:\/\/twitter.com\/share?text=Instituciones%20de%20Agricultura%20se%20re%C3%BAnen%20con%20productores%2Fas%20de%20La%20Junta&#038;url=https:\/\/radiorevelacionfm.cl\/?p=18498' aria-hidden='false' data-av_icon='\ue8f1' data-av_iconfont='entypo-fontello' title='' data-avia-related-tooltip='Compartir en Twitter' rel=\"noopener\"><span class='avia_hidden_link_text'>Compartir en Twitter<\/span><\/a><\/li><li class='av-share-link av-social-link-whatsapp' ><a target=\"_blank\" aria-label=\"Compartir en Whatsapp\" href='https:\/\/api.whatsapp.com\/send?text=https:\/\/radiorevelacionfm.cl\/?p=18498' aria-hidden='false' data-av_icon='\uf232' data-av_iconfont='entypo-fontello' title='' data-avia-related-tooltip='Compartir en Whatsapp' rel=\"noopener\"><span class='avia_hidden_link_text'>Compartir en Whatsapp<\/span><\/a><\/li><li class='av-share-link av-social-link-linkedin' ><a target=\"_blank\" aria-label=\"Compartir en LinkedIn\" href='https:\/\/linkedin.com\/shareArticle?mini=true&#038;title=Instituciones%20de%20Agricultura%20se%20re%C3%BAnen%20con%20productores%2Fas%20de%20La%20Junta&#038;url=https:\/\/radiorevelacionfm.cl\/?p=18498' aria-hidden='false' data-av_icon='\ue8fc' data-av_iconfont='entypo-fontello' title='' data-avia-related-tooltip='Compartir en LinkedIn' rel=\"noopener\"><span class='avia_hidden_link_text'>Compartir en LinkedIn<\/span><\/a><\/li><li class='av-share-link av-social-link-mail' ><a  aria-label=\"Compartir por correo\" href='mailto:?subject=Instituciones%20de%20Agricultura%20se%20re%C3%BAnen%20con%20productores%2Fas%20de%20La%20Junta&#038;body=https:\/\/radiorevelacionfm.cl\/?p=18498' aria-hidden='false' data-av_icon='\ue805' data-av_iconfont='entypo-fontello' title='' data-avia-related-tooltip='Compartir por correo'><span class='avia_hidden_link_text'>Compartir por correo<\/span><\/a><\/li><\/ul><\/div><\/div>\n<div  style='height:50px' class='hr hr-invisible   avia-builder-el-8  el_after_av_social_share  el_before_av_comments_list '><span class='hr-inner ' ><span class='hr-inner-style'><\/span><\/span><\/div>\n<div  class='av-buildercomment  av-blog-meta-html-info-disabled av-blog-meta-tag-disabled  '><\/div>\n","protected":false},"excerpt":{"rendered":"","protected":false},"author":1,"featured_media":18499,"comment_status":"open","ping_status":"open","sticky":false,"template":"","format":"standard","meta":{"footnotes":""},"categories":[58],"tags":[],"class_list":["post-18498","post","type-post","status-publish","format-standard","has-post-thumbnail","hentry","category-agricultura"],"jetpack_featured_media_url":"https:\/\/radiorevelacionfm.cl\/wp-content\/uploads\/2022\/06\/z9a8684-1_optimized-1.jpg","_links":{"self":[{"href":"https:\/\/radiorevelacionfm.cl\/index.php?rest_route=\/wp\/v2\/posts\/18498","targetHints":{"allow":["GET"]}}],"collection":[{"href":"https:\/\/radiorevelacionfm.cl\/index.php?rest_route=\/wp\/v2\/posts"}],"about":[{"href":"https:\/\/radiorevelacionfm.cl\/index.php?rest_route=\/wp\/v2\/types\/post"}],"author":[{"embeddable":true,"href":"https:\/\/radiorevelacionfm.cl\/index.php?rest_route=\/wp\/v2\/users\/1"}],"replies":[{"embeddable":true,"href":"https:\/\/radiorevelacionfm.cl\/index.php?rest_route=%2Fwp%2Fv2%2Fcomments&post=18498"}],"version-history":[{"count":2,"href":"https:\/\/radiorevelacionfm.cl\/index.php?rest_route=\/wp\/v2\/posts\/18498\/revisions"}],"predecessor-version":[{"id":18501,"href":"https:\/\/radiorevelacionfm.cl\/index.php?rest_route=\/wp\/v2\/posts\/18498\/revisions\/18501"}],"wp:featuredmedia":[{"embeddable":true,"href":"https:\/\/radiorevelacionfm.cl\/index.php?rest_route=\/wp\/v2\/media\/18499"}],"wp:attachment":[{"href":"https:\/\/radiorevelacionfm.cl\/index.php?rest_route=%2Fwp%2Fv2%2Fmedia&parent=18498"}],"wp:term":[{"taxonomy":"category","embeddable":true,"href":"https:\/\/radiorevelacionfm.cl\/index.php?rest_route=%2Fwp%2Fv2%2Fcategories&post=18498"},{"taxonomy":"post_tag","embeddable":true,"href":"https:\/\/radiorevelacionfm.cl\/index.php?rest_route=%2Fwp%2Fv2%2Ftags&post=18498"}],"curies":[{"name":"wp","href":"https:\/\/api.w.org\/{rel}","templated":true}]}}