{"id":18494,"date":"2022-06-27T16:13:53","date_gmt":"2022-06-27T19:13:53","guid":{"rendered":"https:\/\/radiorevelacionfm.cl\/?p=18494"},"modified":"2022-06-27T16:13:53","modified_gmt":"2022-06-27T19:13:53","slug":"diputados-de-aysen-fiscalizan-unidad-de-esterilizacion-del-hospital-regional-y-denuncian-graves-anomalias-sanitarias","status":"publish","type":"post","link":"https:\/\/radiorevelacionfm.cl\/?p=18494","title":{"rendered":"Diputados de Ays\u00e9n fiscalizan unidad de esterilizaci\u00f3n del Hospital Regional y denuncian graves anomal\u00edas sanitarias"},"content":{"rendered":"<div class=\"flex_column av_one_full  flex_column_div av-zero-column-padding first  avia-builder-el-0  el_before_av_one_full  avia-builder-el-first  \" style='border-radius:0px; '><div  class='avia-image-container  av-styling-    avia-builder-el-1  avia-builder-el-no-sibling  avia-align-center '  itemprop=\"image\" itemscope=\"itemscope\" itemtype=\"https:\/\/schema.org\/ImageObject\"  ><div class='avia-image-container-inner'><div class='avia-image-overlay-wrap'><img decoding=\"async\" class='wp-image-18495 avia-img-lazy-loading-not-18495 avia_image' src=\"https:\/\/radiorevelacionfm.cl\/wp-content\/uploads\/2022\/06\/IMG_4053-1-1.jpg\" alt='' title='IMG_4053 (1) (1)' height=\"600\" width=\"900\"  itemprop=\"thumbnailUrl\" srcset=\"https:\/\/radiorevelacionfm.cl\/wp-content\/uploads\/2022\/06\/IMG_4053-1-1.jpg 900w, https:\/\/radiorevelacionfm.cl\/wp-content\/uploads\/2022\/06\/IMG_4053-1-1-300x200.jpg 300w, https:\/\/radiorevelacionfm.cl\/wp-content\/uploads\/2022\/06\/IMG_4053-1-1-768x512.jpg 768w, https:\/\/radiorevelacionfm.cl\/wp-content\/uploads\/2022\/06\/IMG_4053-1-1-705x470.jpg 705w, https:\/\/radiorevelacionfm.cl\/wp-content\/uploads\/2022\/06\/IMG_4053-1-1-600x400.jpg 600w\" sizes=\"(max-width: 900px) 100vw, 900px\" \/><\/div><\/div><\/div><\/div><div class=\"flex_column av_one_full  flex_column_div av-zero-column-padding first  avia-builder-el-2  el_after_av_one_full  el_before_av_one_full  column-top-margin\" style='border-radius:0px; '><section class=\"av_textblock_section \"  itemscope=\"itemscope\" itemtype=\"https:\/\/schema.org\/BlogPosting\" itemprop=\"blogPost\" ><div class='avia_textblock  '   itemprop=\"text\" ><p style=\"text-align: center;\"><span style=\"font-size: 18pt;\"><b><span lang=\"ES\">Diputados de Ays\u00e9n fiscalizan unidad de esterilizaci\u00f3n del Hospital Regional y denuncian graves anomal\u00edas sanitarias<\/span><\/b><\/span><\/p>\n<div id=\"gtx-trans\" style=\"position: absolute; left: -50px; top: 4.31534px;\">\n<div class=\"gtx-trans-icon\"><\/div>\n<\/div>\n<\/div><\/section><\/div><div class=\"flex_column av_one_full  flex_column_div av-zero-column-padding first  avia-builder-el-4  el_after_av_one_full  el_before_av_hr  column-top-margin\" style='border-radius:0px; '><section class=\"av_textblock_section \"  itemscope=\"itemscope\" itemtype=\"https:\/\/schema.org\/BlogPosting\" itemprop=\"blogPost\" ><div class='avia_textblock  '   itemprop=\"text\" ><p style=\"font-weight: 400; text-align: justify;\">Luego de ser alertados por funcionarias sobre una plaga de insectos y otras irregularidades sanitarias, los diputados de la regi\u00f3n,\u00a0Marcia Raphael,\u00a0Miguel \u00c1ngel Calisto y Ren\u00e9 Alinco,\u00a0en compa\u00f1\u00eda de dirigentes de la\u00a0Fentess\u00a0y la\u00a0Fenats,\u00a0realizaron una fiscalizaci\u00f3n\u00a0a la Unidad de Esterilizaci\u00f3n del Hospital Regional de Coyhaique.<\/p>\n<p style=\"font-weight: 400; text-align: justify;\">En im\u00e1genes enviadas a los parlamentarios, se pod\u00eda observar claramente como una plaga de insectos afectaba a esta unidad, lo que a juicio de los propios legisladores es una situaci\u00f3n grave.<\/p>\n<p style=\"font-weight: 400; text-align: justify;\">Seg\u00fan la diputada Marcia Raphael, \u201csalimos muy preocupados, porque no son las mejores condiciones, sin duda, en un tema tan importante como es la salud. Ac\u00e1 hay que hacer un trabajo de unidad para poder lograr el financiamiento de una nueva unidad de esterilizaci\u00f3n, porque las condiciones actuales son absolutamente indignas. Esto est\u00e1 hace m\u00e1s de 20 a\u00f1os. Es tiempo y momento que el Ministerio de Salud coloque los recursos y podamos tener una Unidad de Esterilizaci\u00f3n como corresponde\u201d.<\/p>\n<p style=\"font-weight: 400; text-align: justify;\">Por su parte, el diputado Ren\u00e9 Alinco indic\u00f3 que \u201cvimos las condiciones paup\u00e9rrimas en que est\u00e1n trabajando los funcionarios y funcionarias. El compromiso nuestro es claro, se requiere voluntad y compromiso pol\u00edtico, y lo vamos a hacer. Tambi\u00e9n depende de las autoridades regionales de salud, pero esto no puede continuar, porque es el \u00fanico hospital de alta complejidad y no puede continuar en estas condiciones. Hay peligro para los pacientes y para las trabajadoras y trabajadores\u201d.<\/p>\n<p style=\"font-weight: 400; text-align: justify;\">\u201cNuestro compromiso es claro, vamos a pedir audiencia con quien sea necesaria para solucionar los problemas que afectan a esta unidad que es clave para todos los pacientes que se atienden en el Hospital Regional de Coyhaique\u201d, se\u00f1al\u00f3.<\/p>\n<p style=\"font-weight: 400; text-align: justify;\">Seg\u00fan el diputado Miguel \u00c1ngel Calisto, \u201chemos detectado graves irregularidades y situaciones sanitarias que ponen en riesgo ciertamente la vida de las personas de la Regi\u00f3n de Ays\u00e9n. Esta unidad debiera ser la base de todo hospital, y ac\u00e1 vemos plagas de insectos, situaciones muy an\u00f3malas desde el punto de vista sanitario, por eso vamos a poner los antecedentes al Ministerio de Salud y vamos a exigir el financiamiento para las nuevas instalaciones\u201d.<\/p>\n<p style=\"font-weight: 400; text-align: justify;\">Calisto agreg\u00f3 que \u201csin embargo, no podemos esperar las nuevas instalaciones, este tema se tiene que resolver antes y por eso es que ac\u00e1 le compete un rol al Gobierno central, a las autoridades de salud regionales y tambi\u00e9n por su puesto a las autoridades del Gobierno Regional, porque si ellos deben priorizar recursos, tienen que estar destinados a la salud, que es lo m\u00e1s importante y primordial para la regi\u00f3n\u201d.<\/p>\n<p style=\"font-weight: 400; text-align: justify;\">La reacci\u00f3n de los gremios<\/p>\n<p style=\"font-weight: 400; text-align: justify;\">Horacio Vargas, Presidente de la Fenats Ays\u00e9n tambi\u00e9n acompa\u00f1\u00f3 a los legisladores a la fiscalizaci\u00f3n. Seg\u00fan el dirigente, \u201cle agradecemos la visito de los parlamentarios de la Regi\u00f3n para venir a ver in situ la problem\u00e1tica que tiene el servicio de Esterilizaci\u00f3n del Hospital Regional de Coyhaique. es una misi\u00f3n que tenemos que tener entre las autoridades, los gremios y la direcci\u00f3n, buscar los recursos y el espacio para poder instalar una nueva unidad\u201d.<\/p>\n<p style=\"font-weight: 400; text-align: justify;\">Finalmente, Armando Gacit\u00faa, Presidente de la Fentess, asegur\u00f3 que \u201cnos parece muy adecuado que haya una preocupaci\u00f3n desde el Congreso por la situaci\u00f3n que vivimos. Esta es la punta del iceberg para decir al pa\u00eds y al Gobierno que la regi\u00f3n de Ays\u00e9n requiere preocupaci\u00f3n en t\u00e9rminos de salud, porque estamos en una situaci\u00f3n paup\u00e9rrima, siendo una regi\u00f3n extrema, no tenemos las condiciones b\u00e1sicas para entregar un buen servicio\u201d.<\/p>\n<\/div><\/section><\/div><div  style='height:50px' class='hr hr-invisible   avia-builder-el-6  el_after_av_one_full  el_before_av_social_share '><span class='hr-inner ' ><span class='hr-inner-style'><\/span><\/span><\/div><\/p>\n<div  class='av-social-sharing-box  avia-builder-el-7  el_after_av_hr  el_before_av_hr  '><div class='av-share-box'><h5 class='av-share-link-description av-no-toc '>Compartir esta noticia<\/h5><ul class='av-share-box-list noLightbox'><li class='av-share-link av-social-link-facebook' ><a target=\"_blank\" aria-label=\"Compartir en Facebook\" href='https:\/\/www.facebook.com\/sharer.php?u=https:\/\/radiorevelacionfm.cl\/?p=18494&#038;t=Diputados%20de%20Ays%C3%A9n%20fiscalizan%20unidad%20de%20esterilizaci%C3%B3n%20del%20Hospital%20Regional%20y%20denuncian%20graves%20anomal%C3%ADas%20sanitarias' aria-hidden='false' data-av_icon='\ue8f3' data-av_iconfont='entypo-fontello' title='' data-avia-related-tooltip='Compartir en Facebook' rel=\"noopener\"><span class='avia_hidden_link_text'>Compartir en Facebook<\/span><\/a><\/li><li class='av-share-link av-social-link-twitter' ><a target=\"_blank\" aria-label=\"Compartir en Twitter\" href='https:\/\/twitter.com\/share?text=Diputados%20de%20Ays%C3%A9n%20fiscalizan%20unidad%20de%20esterilizaci%C3%B3n%20del%20Hospital%20Regional%20y%20denuncian%20graves%20anomal%C3%ADas%20sanitarias&#038;url=https:\/\/radiorevelacionfm.cl\/?p=18494' aria-hidden='false' data-av_icon='\ue8f1' data-av_iconfont='entypo-fontello' title='' data-avia-related-tooltip='Compartir en Twitter' rel=\"noopener\"><span class='avia_hidden_link_text'>Compartir en Twitter<\/span><\/a><\/li><li class='av-share-link av-social-link-whatsapp' ><a target=\"_blank\" aria-label=\"Compartir en Whatsapp\" href='https:\/\/api.whatsapp.com\/send?text=https:\/\/radiorevelacionfm.cl\/?p=18494' aria-hidden='false' data-av_icon='\uf232' data-av_iconfont='entypo-fontello' title='' data-avia-related-tooltip='Compartir en Whatsapp' rel=\"noopener\"><span class='avia_hidden_link_text'>Compartir en Whatsapp<\/span><\/a><\/li><li class='av-share-link av-social-link-linkedin' ><a target=\"_blank\" aria-label=\"Compartir en LinkedIn\" href='https:\/\/linkedin.com\/shareArticle?mini=true&#038;title=Diputados%20de%20Ays%C3%A9n%20fiscalizan%20unidad%20de%20esterilizaci%C3%B3n%20del%20Hospital%20Regional%20y%20denuncian%20graves%20anomal%C3%ADas%20sanitarias&#038;url=https:\/\/radiorevelacionfm.cl\/?p=18494' aria-hidden='false' data-av_icon='\ue8fc' data-av_iconfont='entypo-fontello' title='' data-avia-related-tooltip='Compartir en LinkedIn' rel=\"noopener\"><span class='avia_hidden_link_text'>Compartir en LinkedIn<\/span><\/a><\/li><li class='av-share-link av-social-link-mail' ><a  aria-label=\"Compartir por correo\" href='mailto:?subject=Diputados%20de%20Ays%C3%A9n%20fiscalizan%20unidad%20de%20esterilizaci%C3%B3n%20del%20Hospital%20Regional%20y%20denuncian%20graves%20anomal%C3%ADas%20sanitarias&#038;body=https:\/\/radiorevelacionfm.cl\/?p=18494' aria-hidden='false' data-av_icon='\ue805' data-av_iconfont='entypo-fontello' title='' data-avia-related-tooltip='Compartir por correo'><span class='avia_hidden_link_text'>Compartir por correo<\/span><\/a><\/li><\/ul><\/div><\/div>\n<div  style='height:50px' class='hr hr-invisible   avia-builder-el-8  el_after_av_social_share  el_before_av_comments_list '><span class='hr-inner ' ><span class='hr-inner-style'><\/span><\/span><\/div>\n<div  class='av-buildercomment  av-blog-meta-html-info-disabled av-blog-meta-tag-disabled  '><\/div>\n","protected":false},"excerpt":{"rendered":"","protected":false},"author":1,"featured_media":18495,"comment_status":"open","ping_status":"open","sticky":false,"template":"","format":"standard","meta":{"footnotes":""},"categories":[35],"tags":[],"class_list":["post-18494","post","type-post","status-publish","format-standard","has-post-thumbnail","hentry","category-politica"],"jetpack_featured_media_url":"https:\/\/radiorevelacionfm.cl\/wp-content\/uploads\/2022\/06\/IMG_4053-1-1.jpg","_links":{"self":[{"href":"https:\/\/radiorevelacionfm.cl\/index.php?rest_route=\/wp\/v2\/posts\/18494","targetHints":{"allow":["GET"]}}],"collection":[{"href":"https:\/\/radiorevelacionfm.cl\/index.php?rest_route=\/wp\/v2\/posts"}],"about":[{"href":"https:\/\/radiorevelacionfm.cl\/index.php?rest_route=\/wp\/v2\/types\/post"}],"author":[{"embeddable":true,"href":"https:\/\/radiorevelacionfm.cl\/index.php?rest_route=\/wp\/v2\/users\/1"}],"replies":[{"embeddable":true,"href":"https:\/\/radiorevelacionfm.cl\/index.php?rest_route=%2Fwp%2Fv2%2Fcomments&post=18494"}],"version-history":[{"count":2,"href":"https:\/\/radiorevelacionfm.cl\/index.php?rest_route=\/wp\/v2\/posts\/18494\/revisions"}],"predecessor-version":[{"id":18497,"href":"https:\/\/radiorevelacionfm.cl\/index.php?rest_route=\/wp\/v2\/posts\/18494\/revisions\/18497"}],"wp:featuredmedia":[{"embeddable":true,"href":"https:\/\/radiorevelacionfm.cl\/index.php?rest_route=\/wp\/v2\/media\/18495"}],"wp:attachment":[{"href":"https:\/\/radiorevelacionfm.cl\/index.php?rest_route=%2Fwp%2Fv2%2Fmedia&parent=18494"}],"wp:term":[{"taxonomy":"category","embeddable":true,"href":"https:\/\/radiorevelacionfm.cl\/index.php?rest_route=%2Fwp%2Fv2%2Fcategories&post=18494"},{"taxonomy":"post_tag","embeddable":true,"href":"https:\/\/radiorevelacionfm.cl\/index.php?rest_route=%2Fwp%2Fv2%2Ftags&post=18494"}],"curies":[{"name":"wp","href":"https:\/\/api.w.org\/{rel}","templated":true}]}}