{"id":18487,"date":"2022-06-27T19:35:02","date_gmt":"2022-06-27T22:35:02","guid":{"rendered":"https:\/\/radiorevelacionfm.cl\/?p=18487"},"modified":"2022-06-27T19:35:02","modified_gmt":"2022-06-27T22:35:02","slug":"colegios-de-coyhaique-abordaron-protocolos-para-casos-de-acoso-abuso-y-maltrato-en-ninos-ninas-y-adolescentes","status":"publish","type":"post","link":"https:\/\/radiorevelacionfm.cl\/?p=18487","title":{"rendered":"Colegios de Coyhaique abordaron protocolos para casos de acoso, abuso y maltrato en ni\u00f1os, ni\u00f1as y adolescentes"},"content":{"rendered":"<div class=\"flex_column av_one_full  flex_column_div av-zero-column-padding first  avia-builder-el-0  el_before_av_one_full  avia-builder-el-first  \" style='border-radius:0px; '><div  class='avia-image-container  av-styling-    avia-builder-el-1  avia-builder-el-no-sibling  avia-align-center '  itemprop=\"image\" itemscope=\"itemscope\" itemtype=\"https:\/\/schema.org\/ImageObject\"  ><div class='avia-image-container-inner'><div class='avia-image-overlay-wrap'><img decoding=\"async\" class='wp-image-18488 avia-img-lazy-loading-not-18488 avia_image' src=\"https:\/\/radiorevelacionfm.cl\/wp-content\/uploads\/2022\/06\/jornada2-1_optimized.jpg\" alt='' title='jornada2-(1)_optimized' height=\"600\" width=\"999\"  itemprop=\"thumbnailUrl\" srcset=\"https:\/\/radiorevelacionfm.cl\/wp-content\/uploads\/2022\/06\/jornada2-1_optimized.jpg 999w, https:\/\/radiorevelacionfm.cl\/wp-content\/uploads\/2022\/06\/jornada2-1_optimized-300x180.jpg 300w, https:\/\/radiorevelacionfm.cl\/wp-content\/uploads\/2022\/06\/jornada2-1_optimized-768x461.jpg 768w, https:\/\/radiorevelacionfm.cl\/wp-content\/uploads\/2022\/06\/jornada2-1_optimized-705x423.jpg 705w, https:\/\/radiorevelacionfm.cl\/wp-content\/uploads\/2022\/06\/jornada2-1_optimized-600x360.jpg 600w\" sizes=\"(max-width: 999px) 100vw, 999px\" \/><\/div><\/div><\/div><\/div><div class=\"flex_column av_one_full  flex_column_div av-zero-column-padding first  avia-builder-el-2  el_after_av_one_full  el_before_av_one_full  column-top-margin\" style='border-radius:0px; '><section class=\"av_textblock_section \"  itemscope=\"itemscope\" itemtype=\"https:\/\/schema.org\/BlogPosting\" itemprop=\"blogPost\" ><div class='avia_textblock  '   itemprop=\"text\" ><p style=\"text-align: center;\"><span style=\"font-size: 18pt;\"><b>Colegios de Coyhaique abordaron protocolos para casos de acoso, abuso y maltrato en ni\u00f1os, ni\u00f1as y adolescentes<\/b><\/span><\/p>\n<div id=\"gtx-trans\" style=\"position: absolute; left: -50px; top: 4.31534px;\">\n<div class=\"gtx-trans-icon\"><\/div>\n<\/div>\n<\/div><\/section><\/div><div class=\"flex_column av_one_full  flex_column_div av-zero-column-padding first  avia-builder-el-4  el_after_av_one_full  el_before_av_hr  column-top-margin\" style='border-radius:0px; '><section class=\"av_textblock_section \"  itemscope=\"itemscope\" itemtype=\"https:\/\/schema.org\/BlogPosting\" itemprop=\"blogPost\" ><div class='avia_textblock  '   itemprop=\"text\" ><p class=\"v1MsoNormal\" style=\"text-align: justify;\">El mi\u00e9rcoles 22 se realiz\u00f3 en el Liceo Josefina Aguirre Montenegro de Coyhaique la jornada de Educaci\u00f3n no Sexista en torno a situaciones de acoso, abuso y maltrato, actividad organizada y convocada por las\u00a0serem\u00edas de Educaci\u00f3n \u00a0y de la Mujer y la Equidad de G\u00e9nero.<\/p>\n<p class=\"v1MsoNormal\" style=\"text-align: justify;\">Esta Jornada tuvo como objetivo principal sensibilizar a representantes de comunidades escolares en torno a situaciones de acoso, abuso y maltrato, con el fin de aplicar protocolos de actuaci\u00f3n oportuna y eficaz. Se estructur\u00f3 en una primera parte de exposiciones\u00a0 y luego se realiz\u00f3 trabajo grupal de revisi\u00f3n de protocolo, reglamento interno y an\u00e1lisis de casos de develaciones de situaciones de acoso y abuso sexual de ni\u00f1os, ni\u00f1as y adolescentes. Participaron colegios municipales y particulares subvencionados de la comuna de Coyhaique.<\/p>\n<p class=\"v1MsoNormal\" style=\"text-align: justify;\">Inauguraron el encuentro la seremi de Educaci\u00f3n Isabel Garrido Casassa y la seremi de la Mujer y Equidad de G\u00e9nero Andrea M\u00e9ndez Valenzuela. Isabel Garrido expres\u00f3 que \u00abEsta convocatoria es una invitaci\u00f3n a conversar y reflexionar. Que es una de las herramientas m\u00e1s importantes en educaci\u00f3n. En esta ocasi\u00f3n el tema es c\u00f3mo debieran actuar los colegios frente a casos de acoso y abuso sexual que ocurren en nuestras escuelas o fuera de ellas. Esta jornada surge a partir de la Mesa de Educaci\u00f3n y G\u00e9nero convocada por la Seremi de la Mujer y Equidad de G\u00e9nero para dar cumplimiento al mandato del Gobierno del Presidente Gabriel Boric que se ha definido como un gobierno feminista, lo que significa que promueve la igualdad de condiciones para los g\u00e9neros en todos los espacios, particularmente en aquellos que crean cultura como es la escuela donde se forman las relaciones sociales\u00bb.<\/p>\n<p class=\"v1MsoNormal\" style=\"text-align: justify;\">En tanto, la seremi de la Mujer y Equidad de G\u00e9nero Andrea M\u00e9ndez destac\u00f3 la necesidad de abordar este tema en el espacio educativo. \u00abEsta es una instancia muy significativa donde hemos instalado la necesidad de hablar de un fen\u00f3meno que es inc\u00f3modo pero que hay que abordar y es el acoso, abuso y maltrato en contextos escolares. Como gobierno nos interesa plantear que esta es una problem\u00e1tica social, de Estado por lo tanto requiere del compromiso de todas las instituciones y por ello hemos instalado esta Mesa de Educaci\u00f3n y G\u00e9nero que ha entregado los insumos\u00a0 para el dise\u00f1o de la jornada que realizamos hoy\u00bb.<\/p>\n<p class=\"v1MsoNormal\" style=\"text-align: justify;\">Durante la jornada expusieron Nicole Magne Chible profesional del Centro Atenci\u00f3n a V\u00edctimas de Delitos Violentos CAVI de la Corporaci\u00f3n de Asistencia Judicial: \u00abAproximaci\u00f3n a la legislaci\u00f3n actual en abuso sexual infantil. Abordaje y acci\u00f3n frente a develaciones en contextos escolares de situaciones de acoso y abuso sexual de Ni\u00f1os y Ni\u00f1as\u00bb y Eva Bahamonde, profesional de la Direcci\u00f3n de Educaci\u00f3n Municipal de Coyhaique expuso el \u00abProtocolo aplicado por los colegios municipales de Coyhaique\u00bb.<\/p>\n<p class=\"v1MsoNormal\" style=\"text-align: justify;\">Nicole Magne resumi\u00f3 el objetivo de su exposici\u00f3n. \u00abHoy expusimos la legislaci\u00f3n vigente que tipifica los delitos de abuso sexual infantil a ni\u00f1os y adolescentes, la ley 21.157 y adem\u00e1s compartimos una reflexi\u00f3n en torno a c\u00f3mo los establecimientos educacionales tienen que actuar cuando reciben una denuncia de abuso sexual infantil en los establecimientos educacionales, ya sea que se produzca al interior del colegio o un hecho ocurrido en el \u00e1mbito intrafamiliar. Yo creo que la cercan\u00eda y observaci\u00f3n diaria que tienen los colegios de los ni\u00f1os, ni\u00f1as y adolescentes es muy relevante para detectar estas situaciones, y actuar en forma preventiva. Es importante que est\u00e9n preparadas en forma te\u00f3rica pero tambi\u00e9n tengan mucha empat\u00eda y act\u00faen\u00a0 frente al sufrimiento que pueden estar viviendo los estudiantes\u00bb.<\/p>\n<p class=\"v1MsoNormal\" style=\"text-align: justify;\">Eduardo Morales, presidente del Centro General de Alumnos del Liceo Josefina Aguirre Montenegro expres\u00f3 que \u00abEstas son charlas que entregan informaci\u00f3n que se necesita conocer y se necesita que existan mejores protocolos para actuar frente a estos casos. Estas cosas ocurren pero ahora se est\u00e1 hablando claramente del tema. Lo que nos interesa como centro de alumnos es acompa\u00f1ar a nuestros compa\u00f1eros y poder orientarlos para que sepan a qui\u00e9n acercarse para enfrentar estas situaciones\u00bb.<\/p>\n<\/div><\/section><\/div><div  style='height:50px' class='hr hr-invisible   avia-builder-el-6  el_after_av_one_full  el_before_av_social_share '><span class='hr-inner ' ><span class='hr-inner-style'><\/span><\/span><\/div><\/p>\n<div  class='av-social-sharing-box  avia-builder-el-7  el_after_av_hr  el_before_av_hr  '><div class='av-share-box'><h5 class='av-share-link-description av-no-toc '>Compartir esta noticia<\/h5><ul class='av-share-box-list noLightbox'><li class='av-share-link av-social-link-facebook' ><a target=\"_blank\" aria-label=\"Compartir en Facebook\" href='https:\/\/www.facebook.com\/sharer.php?u=https:\/\/radiorevelacionfm.cl\/?p=18487&#038;t=Colegios%20de%20Coyhaique%20abordaron%20protocolos%20para%20casos%20de%20acoso%2C%20abuso%20y%20maltrato%20en%20ni%C3%B1os%2C%20ni%C3%B1as%20y%20adolescentes' aria-hidden='false' data-av_icon='\ue8f3' data-av_iconfont='entypo-fontello' title='' data-avia-related-tooltip='Compartir en Facebook' rel=\"noopener\"><span class='avia_hidden_link_text'>Compartir en Facebook<\/span><\/a><\/li><li class='av-share-link av-social-link-twitter' ><a target=\"_blank\" aria-label=\"Compartir en Twitter\" href='https:\/\/twitter.com\/share?text=Colegios%20de%20Coyhaique%20abordaron%20protocolos%20para%20casos%20de%20acoso%2C%20abuso%20y%20maltrato%20en%20ni%C3%B1os%2C%20ni%C3%B1as%20y%20adolescentes&#038;url=https:\/\/radiorevelacionfm.cl\/?p=18487' aria-hidden='false' data-av_icon='\ue8f1' data-av_iconfont='entypo-fontello' title='' data-avia-related-tooltip='Compartir en Twitter' rel=\"noopener\"><span class='avia_hidden_link_text'>Compartir en Twitter<\/span><\/a><\/li><li class='av-share-link av-social-link-whatsapp' ><a target=\"_blank\" aria-label=\"Compartir en Whatsapp\" href='https:\/\/api.whatsapp.com\/send?text=https:\/\/radiorevelacionfm.cl\/?p=18487' aria-hidden='false' data-av_icon='\uf232' data-av_iconfont='entypo-fontello' title='' data-avia-related-tooltip='Compartir en Whatsapp' rel=\"noopener\"><span class='avia_hidden_link_text'>Compartir en Whatsapp<\/span><\/a><\/li><li class='av-share-link av-social-link-linkedin' ><a target=\"_blank\" aria-label=\"Compartir en LinkedIn\" href='https:\/\/linkedin.com\/shareArticle?mini=true&#038;title=Colegios%20de%20Coyhaique%20abordaron%20protocolos%20para%20casos%20de%20acoso%2C%20abuso%20y%20maltrato%20en%20ni%C3%B1os%2C%20ni%C3%B1as%20y%20adolescentes&#038;url=https:\/\/radiorevelacionfm.cl\/?p=18487' aria-hidden='false' data-av_icon='\ue8fc' data-av_iconfont='entypo-fontello' title='' data-avia-related-tooltip='Compartir en LinkedIn' rel=\"noopener\"><span class='avia_hidden_link_text'>Compartir en LinkedIn<\/span><\/a><\/li><li class='av-share-link av-social-link-mail' ><a  aria-label=\"Compartir por correo\" href='mailto:?subject=Colegios%20de%20Coyhaique%20abordaron%20protocolos%20para%20casos%20de%20acoso%2C%20abuso%20y%20maltrato%20en%20ni%C3%B1os%2C%20ni%C3%B1as%20y%20adolescentes&#038;body=https:\/\/radiorevelacionfm.cl\/?p=18487' aria-hidden='false' data-av_icon='\ue805' data-av_iconfont='entypo-fontello' title='' data-avia-related-tooltip='Compartir por correo'><span class='avia_hidden_link_text'>Compartir por correo<\/span><\/a><\/li><\/ul><\/div><\/div>\n<div  style='height:50px' class='hr hr-invisible   avia-builder-el-8  el_after_av_social_share  el_before_av_comments_list '><span class='hr-inner ' ><span class='hr-inner-style'><\/span><\/span><\/div>\n<div  class='av-buildercomment  av-blog-meta-html-info-disabled av-blog-meta-tag-disabled  '><\/div>\n","protected":false},"excerpt":{"rendered":"","protected":false},"author":1,"featured_media":18488,"comment_status":"open","ping_status":"open","sticky":false,"template":"","format":"standard","meta":{"footnotes":""},"categories":[49],"tags":[],"class_list":["post-18487","post","type-post","status-publish","format-standard","has-post-thumbnail","hentry","category-educacion"],"jetpack_featured_media_url":"https:\/\/radiorevelacionfm.cl\/wp-content\/uploads\/2022\/06\/jornada2-1_optimized.jpg","_links":{"self":[{"href":"https:\/\/radiorevelacionfm.cl\/index.php?rest_route=\/wp\/v2\/posts\/18487","targetHints":{"allow":["GET"]}}],"collection":[{"href":"https:\/\/radiorevelacionfm.cl\/index.php?rest_route=\/wp\/v2\/posts"}],"about":[{"href":"https:\/\/radiorevelacionfm.cl\/index.php?rest_route=\/wp\/v2\/types\/post"}],"author":[{"embeddable":true,"href":"https:\/\/radiorevelacionfm.cl\/index.php?rest_route=\/wp\/v2\/users\/1"}],"replies":[{"embeddable":true,"href":"https:\/\/radiorevelacionfm.cl\/index.php?rest_route=%2Fwp%2Fv2%2Fcomments&post=18487"}],"version-history":[{"count":2,"href":"https:\/\/radiorevelacionfm.cl\/index.php?rest_route=\/wp\/v2\/posts\/18487\/revisions"}],"predecessor-version":[{"id":18520,"href":"https:\/\/radiorevelacionfm.cl\/index.php?rest_route=\/wp\/v2\/posts\/18487\/revisions\/18520"}],"wp:featuredmedia":[{"embeddable":true,"href":"https:\/\/radiorevelacionfm.cl\/index.php?rest_route=\/wp\/v2\/media\/18488"}],"wp:attachment":[{"href":"https:\/\/radiorevelacionfm.cl\/index.php?rest_route=%2Fwp%2Fv2%2Fmedia&parent=18487"}],"wp:term":[{"taxonomy":"category","embeddable":true,"href":"https:\/\/radiorevelacionfm.cl\/index.php?rest_route=%2Fwp%2Fv2%2Fcategories&post=18487"},{"taxonomy":"post_tag","embeddable":true,"href":"https:\/\/radiorevelacionfm.cl\/index.php?rest_route=%2Fwp%2Fv2%2Ftags&post=18487"}],"curies":[{"name":"wp","href":"https:\/\/api.w.org\/{rel}","templated":true}]}}