{"id":18484,"date":"2022-07-09T11:56:10","date_gmt":"2022-07-09T14:56:10","guid":{"rendered":"https:\/\/radiorevelacionfm.cl\/?p=18484"},"modified":"2022-07-09T12:05:41","modified_gmt":"2022-07-09T15:05:41","slug":"organizaciones-sociales-del-pais-advierten-sobre-efectos-negativos-de-parcelaciones-y-demandan-nueva-ley","status":"publish","type":"post","link":"https:\/\/radiorevelacionfm.cl\/?p=18484","title":{"rendered":"Organizaciones sociales del pa\u00eds advierten sobre efectos negativos de parcelaciones y demandan nueva ley"},"content":{"rendered":"<div class=\"flex_column av_one_full  flex_column_div av-zero-column-padding first  avia-builder-el-0  el_before_av_one_full  avia-builder-el-first  \" style='border-radius:0px; '><div  class='avia-image-container  av-styling-    avia-builder-el-1  avia-builder-el-no-sibling  avia-align-center '  itemprop=\"image\" itemscope=\"itemscope\" itemtype=\"https:\/\/schema.org\/ImageObject\"  ><div class='avia-image-container-inner'><div class='avia-image-overlay-wrap'><img decoding=\"async\" class='wp-image-19007 avia-img-lazy-loading-not-19007 avia_image' src=\"https:\/\/radiorevelacionfm.cl\/wp-content\/uploads\/2022\/07\/image-58_optimized.jpg\" alt='' title='image-(58)_optimized' height=\"600\" width=\"873\"  itemprop=\"thumbnailUrl\" srcset=\"https:\/\/radiorevelacionfm.cl\/wp-content\/uploads\/2022\/07\/image-58_optimized.jpg 873w, https:\/\/radiorevelacionfm.cl\/wp-content\/uploads\/2022\/07\/image-58_optimized-300x206.jpg 300w, https:\/\/radiorevelacionfm.cl\/wp-content\/uploads\/2022\/07\/image-58_optimized-768x528.jpg 768w, https:\/\/radiorevelacionfm.cl\/wp-content\/uploads\/2022\/07\/image-58_optimized-705x485.jpg 705w, https:\/\/radiorevelacionfm.cl\/wp-content\/uploads\/2022\/07\/image-58_optimized-600x412.jpg 600w\" sizes=\"(max-width: 873px) 100vw, 873px\" \/><\/div><\/div><\/div><\/div><div class=\"flex_column av_one_full  flex_column_div av-zero-column-padding first  avia-builder-el-2  el_after_av_one_full  el_before_av_one_full  column-top-margin\" style='border-radius:0px; '><section class=\"av_textblock_section \"  itemscope=\"itemscope\" itemtype=\"https:\/\/schema.org\/BlogPosting\" itemprop=\"blogPost\" ><div class='avia_textblock  '   itemprop=\"text\" ><p style=\"text-align: center;\"><strong><span style=\"font-size: 18pt;\">Organizaciones sociales del pa\u00eds advierten sobre efectos negativos de parcelaciones y demandan nueva ley<\/span><\/strong><\/p>\n<div id=\"gtx-trans\" style=\"position: absolute; left: -50px; top: 4.31534px;\">\n<div class=\"gtx-trans-icon\"><\/div>\n<\/div>\n<\/div><\/section><\/div><\/p>\n<div class=\"flex_column av_one_full  flex_column_div av-zero-column-padding first  avia-builder-el-4  el_after_av_one_full  el_before_av_hr  column-top-margin\" style='border-radius:0px; '><section class=\"av_textblock_section \"  itemscope=\"itemscope\" itemtype=\"https:\/\/schema.org\/BlogPosting\" itemprop=\"blogPost\" ><div class='avia_textblock  '   itemprop=\"text\" ><p style=\"font-weight: 400; text-align: justify;\">Como \u201cuna agenda urgente y necesaria\u201d calificaron representantes de organizaciones de la regi\u00f3n de Los Lagos que decidieron articular a la sociedad civil de todo el pa\u00eds para visibilizar un fen\u00f3meno, a su juicio \u201cest\u00e1 descontrolado y no es sostenible en el futuro\u201d y que por ahora ha tenido atenci\u00f3n del municipio de Puerto Varas, Valdivia y algunos servicios p\u00fablicos, pero que requiere m\u00e1s atenci\u00f3n.<\/p>\n<p style=\"font-weight: 400; text-align: justify;\">As\u00ed lo manifest\u00f3 Nicol\u00e1s Coloma de la organizaci\u00f3n Corporaci\u00f3n Estuario (Ral\u00fan) quien se\u00f1al\u00f3 que \u201clo que vemos aqu\u00ed es que se gentrifica el campo, se trae la ciudad al campo, se integran animales dom\u00e9sticos sin control, se genera m\u00e1s basura, se pavimentan caminos, etc. Hay un gran impacto por los h\u00e1bitos de consumo de quienes llegan y no conocen el campo o la naturaleza. Hay una fragmentaci\u00f3n, corte de corredores biol\u00f3gicos, mucha demanda de agua y servicios b\u00e1sicos. Son problemas que tendremos de aqu\u00ed a 2 \u00f3 3 a\u00f1os, pero que nos demoraremos quiz\u00e1s 20 en solucionar\u201d.<\/p>\n<p style=\"font-weight: 400; text-align: justify;\">La paralizaci\u00f3n de cuatro proyectos inmobiliarios en sectores rurales de Puerto Varas, instruida por el municipio, y una denuncia que interpuso el SAG en tribunales adem\u00e1s de\u00a0 otras acciones legales que podr\u00edan materializarse en los pr\u00f3ximos d\u00edas con el fin de detener el descontrol propiciado por algunos desarrolladores inmobiliarios que se han valido de la distorsi\u00f3n de la normativa vigente, son algunas de las acciones que est\u00e1n surgiendo desde las autoridades y que han movilizado a la sociedad civil a buscar soluciones de fondo.<\/p>\n<p style=\"font-weight: 400; text-align: justify;\">En la declaraci\u00f3n p\u00fablica se\u00f1alan que \u201cvaloramos y apoyamos las acciones que han llevado adelante valientemente la alcaldesa de Valdivia Carla Antmann y el Alcalde de Puerto Varas Tom\u00e1s G\u00e1rate, adem\u00e1s de las acciones penales del Consejo de Defensa del Estado en los casos de la zona costera de Valdivia, Lo Barnechea y Chicureo, las acciones de fiscalizaci\u00f3n realizadas por CONAF y SAG, y las denuncias presentadas por la Gobernadora Regional de Ays\u00e9n Andrea Mac\u00edas. Sin embargo, nos parece de extrema necesidad que sean m\u00e1s los alcaldes, alcaldesas, gobernadores y servicios quienes ejerzan sus atribuciones fiscalizadoras y sancionatorias en esta\u00a0 materia\u201d.<\/p>\n<p style=\"font-weight: 400; text-align: justify;\">Juan Carlos Viveros, coordinador general de Defendamos Chilo\u00e9 dijo que\u00a0\u201cEl tema de la venta indiscriminada de parcelas es de alta gravedad en nuestro archipi\u00e9lago. Como si fueran pocas las presiones a los ecosistemas que tenemos, se nos viene encima otra m\u00e1s con estos loteos excesivos en zonas rurales. La enorme presi\u00f3n que significan a las fuentes de agua, a la fragmentaci\u00f3n del bosque nativo, a las destrucci\u00f3n de humedales (pomponales y turberas) y todo esto sobre la fauna silvestre y todo tipo de formas de vida de nuestros ecosistemas hacen de esto un cuadro urgente de resolver\u201d.<\/p>\n<p style=\"font-weight: 400; text-align: justify;\">Por otro lado, Ana\u00eds Baraona del Movimiento Ciudadano Transforma Puerto Varas, comenta que las organizaciones se est\u00e1n poniendo de acuerdo\u00a0 en una agenda que contribuya a sentar bases para una mejor planificaci\u00f3n del territorio. \u201cSi en un solo a\u00f1o la comuna de Puerto Varas registra en el SAG 6.000 nuevas subdivisiones prediales y si en un trimestre se tramitan la misma cantidad de solicitudes de predios de todo un a\u00f1o es que entonces tenemos un descontrol evidente. Todas esas familias luego necesitar\u00e1n agua, servicios, que les retiren la basura. Eso ser\u00eda una crisis que debemos evitar\u201d.<\/p>\n<p style=\"font-weight: 400; text-align: justify;\">En el documento suscrito por una treintena de organizaciones hicieron un llamado\u00a0\u201cal Ministro de Vivienda y Urbanismo Carlos Montes, a la Ministra de Medioambiente Maisa Rojas, al Ministro de Agricultura Esteban Valenzuela, al Ministro de Obras P\u00fablicas Juan Carlos Garc\u00eda y a la Directora Ejecutiva del Servicio de Evaluaci\u00f3n Ambiental Valentina Dur\u00e1n a:<\/p>\n<p style=\"font-weight: 400; text-align: justify;\">&#8211; Aplicar la normativa vigente en cuanto a las restricciones de uso habitacional para el suelo rural, de acuerdo a lo indicado por la Ley General de Urbanismo y Construcciones y el D.L 3.516, la Ley de Bases Generales del Medioambiente y su reglamento.<\/p>\n<p style=\"font-weight: 400; text-align: justify;\">&#8211; Convocar de manera urgente a una mesa de trabajo intersectorial que comience a delinear una nueva pol\u00edtica p\u00fablica y sus consecuentes normativas para el uso y planificaci\u00f3n del suelo rural, en la que participen servicios p\u00fablicos y organizaciones de la sociedad civil.<\/p>\n<p style=\"font-weight: 400; text-align: justify;\">Finalmente, aseguraron que en las pr\u00f3ximas semanas, comenzar\u00e1n a trabajar en una planificaci\u00f3n para la incidencia frente a tomadores de decisi\u00f3n con el prop\u00f3sito de concretar cambios normativos y la atenci\u00f3n de las autoridades, siendo un primer paso esta declaraci\u00f3n suscrita por el Movimiento ciudadano Transforma Puerto Varas, Fundaci\u00f3n Terram, ONG FIMA, Defendamos Chilo\u00e9, Oficina en Chile de RIMISP, Consejo Ciudadano Ciudad Puerto de San Antonio, Cormaipo, Corporaci\u00f3n Privada para el Desarrollo de Ays\u00e9n, Red Ambiental Cuencas del Reloncav\u00ed, Red Ciudadana Humedales Valdivia, Arquitectas y Arquitectos por un Chile Digno, Corporaci\u00f3n Turismo Destino Cocham\u00f3, Fundaci\u00f3n Defendamos la Ciudad, entre otras.<\/p>\n<\/div><\/section><\/div>\n<div  style='height:50px' class='hr hr-invisible   avia-builder-el-6  el_after_av_one_full  el_before_av_social_share '><span class='hr-inner ' ><span class='hr-inner-style'><\/span><\/span><\/div>\n<div  class='av-social-sharing-box  avia-builder-el-7  el_after_av_hr  el_before_av_hr  '><div class='av-share-box'><h5 class='av-share-link-description av-no-toc '>Compartir esta noticia<\/h5><ul class='av-share-box-list noLightbox'><li class='av-share-link av-social-link-facebook' ><a target=\"_blank\" aria-label=\"Compartir en Facebook\" href='https:\/\/www.facebook.com\/sharer.php?u=https:\/\/radiorevelacionfm.cl\/?p=18484&#038;t=Organizaciones%20sociales%20del%20pa%C3%ADs%20advierten%20sobre%20efectos%20negativos%20de%20parcelaciones%20y%20demandan%20nueva%20ley' aria-hidden='false' data-av_icon='\ue8f3' data-av_iconfont='entypo-fontello' title='' data-avia-related-tooltip='Compartir en Facebook' rel=\"noopener\"><span class='avia_hidden_link_text'>Compartir en Facebook<\/span><\/a><\/li><li class='av-share-link av-social-link-twitter' ><a target=\"_blank\" aria-label=\"Compartir en Twitter\" href='https:\/\/twitter.com\/share?text=Organizaciones%20sociales%20del%20pa%C3%ADs%20advierten%20sobre%20efectos%20negativos%20de%20parcelaciones%20y%20demandan%20nueva%20ley&#038;url=https:\/\/radiorevelacionfm.cl\/?p=18484' aria-hidden='false' data-av_icon='\ue8f1' data-av_iconfont='entypo-fontello' title='' data-avia-related-tooltip='Compartir en Twitter' rel=\"noopener\"><span class='avia_hidden_link_text'>Compartir en Twitter<\/span><\/a><\/li><li class='av-share-link av-social-link-whatsapp' ><a target=\"_blank\" aria-label=\"Compartir en Whatsapp\" href='https:\/\/api.whatsapp.com\/send?text=https:\/\/radiorevelacionfm.cl\/?p=18484' aria-hidden='false' data-av_icon='\uf232' data-av_iconfont='entypo-fontello' title='' data-avia-related-tooltip='Compartir en Whatsapp' rel=\"noopener\"><span class='avia_hidden_link_text'>Compartir en Whatsapp<\/span><\/a><\/li><li class='av-share-link av-social-link-linkedin' ><a target=\"_blank\" aria-label=\"Compartir en LinkedIn\" href='https:\/\/linkedin.com\/shareArticle?mini=true&#038;title=Organizaciones%20sociales%20del%20pa%C3%ADs%20advierten%20sobre%20efectos%20negativos%20de%20parcelaciones%20y%20demandan%20nueva%20ley&#038;url=https:\/\/radiorevelacionfm.cl\/?p=18484' aria-hidden='false' data-av_icon='\ue8fc' data-av_iconfont='entypo-fontello' title='' data-avia-related-tooltip='Compartir en LinkedIn' rel=\"noopener\"><span class='avia_hidden_link_text'>Compartir en LinkedIn<\/span><\/a><\/li><li class='av-share-link av-social-link-mail' ><a  aria-label=\"Compartir por correo\" href='mailto:?subject=Organizaciones%20sociales%20del%20pa%C3%ADs%20advierten%20sobre%20efectos%20negativos%20de%20parcelaciones%20y%20demandan%20nueva%20ley&#038;body=https:\/\/radiorevelacionfm.cl\/?p=18484' aria-hidden='false' data-av_icon='\ue805' data-av_iconfont='entypo-fontello' title='' data-avia-related-tooltip='Compartir por correo'><span class='avia_hidden_link_text'>Compartir por correo<\/span><\/a><\/li><\/ul><\/div><\/div>\n<div  style='height:50px' class='hr hr-invisible   avia-builder-el-8  el_after_av_social_share  el_before_av_comments_list '><span class='hr-inner ' ><span class='hr-inner-style'><\/span><\/span><\/div>\n<div  class='av-buildercomment  av-blog-meta-html-info-disabled av-blog-meta-tag-disabled  '><\/div>\n","protected":false},"excerpt":{"rendered":"","protected":false},"author":1,"featured_media":19007,"comment_status":"open","ping_status":"open","sticky":false,"template":"","format":"standard","meta":{"footnotes":""},"categories":[61],"tags":[],"class_list":["post-18484","post","type-post","status-publish","format-standard","has-post-thumbnail","hentry","category-nacional"],"jetpack_featured_media_url":"https:\/\/radiorevelacionfm.cl\/wp-content\/uploads\/2022\/07\/image-58_optimized.jpg","_links":{"self":[{"href":"https:\/\/radiorevelacionfm.cl\/index.php?rest_route=\/wp\/v2\/posts\/18484","targetHints":{"allow":["GET"]}}],"collection":[{"href":"https:\/\/radiorevelacionfm.cl\/index.php?rest_route=\/wp\/v2\/posts"}],"about":[{"href":"https:\/\/radiorevelacionfm.cl\/index.php?rest_route=\/wp\/v2\/types\/post"}],"author":[{"embeddable":true,"href":"https:\/\/radiorevelacionfm.cl\/index.php?rest_route=\/wp\/v2\/users\/1"}],"replies":[{"embeddable":true,"href":"https:\/\/radiorevelacionfm.cl\/index.php?rest_route=%2Fwp%2Fv2%2Fcomments&post=18484"}],"version-history":[{"count":3,"href":"https:\/\/radiorevelacionfm.cl\/index.php?rest_route=\/wp\/v2\/posts\/18484\/revisions"}],"predecessor-version":[{"id":19006,"href":"https:\/\/radiorevelacionfm.cl\/index.php?rest_route=\/wp\/v2\/posts\/18484\/revisions\/19006"}],"wp:featuredmedia":[{"embeddable":true,"href":"https:\/\/radiorevelacionfm.cl\/index.php?rest_route=\/wp\/v2\/media\/19007"}],"wp:attachment":[{"href":"https:\/\/radiorevelacionfm.cl\/index.php?rest_route=%2Fwp%2Fv2%2Fmedia&parent=18484"}],"wp:term":[{"taxonomy":"category","embeddable":true,"href":"https:\/\/radiorevelacionfm.cl\/index.php?rest_route=%2Fwp%2Fv2%2Fcategories&post=18484"},{"taxonomy":"post_tag","embeddable":true,"href":"https:\/\/radiorevelacionfm.cl\/index.php?rest_route=%2Fwp%2Fv2%2Ftags&post=18484"}],"curies":[{"name":"wp","href":"https:\/\/api.w.org\/{rel}","templated":true}]}}