{"id":18479,"date":"2022-06-25T21:14:29","date_gmt":"2022-06-26T00:14:29","guid":{"rendered":"https:\/\/radiorevelacionfm.cl\/?p=18479"},"modified":"2022-06-25T21:14:29","modified_gmt":"2022-06-26T00:14:29","slug":"continuan-bajas-temperaturas-este-fin-de-semana-en-la-region-de-aysen","status":"publish","type":"post","link":"https:\/\/radiorevelacionfm.cl\/?p=18479","title":{"rendered":"Contin\u00faan bajas temperaturas este fin de semana en la regi\u00f3n de Ays\u00e9n"},"content":{"rendered":"<div class=\"flex_column av_one_full  flex_column_div av-zero-column-padding first  avia-builder-el-0  el_before_av_one_full  avia-builder-el-first  \" style='border-radius:0px; '><div  class='avia-image-container  av-styling-    avia-builder-el-1  avia-builder-el-no-sibling  avia-align-center '  itemprop=\"image\" itemscope=\"itemscope\" itemtype=\"https:\/\/schema.org\/ImageObject\"  ><div class='avia-image-container-inner'><div class='avia-image-overlay-wrap'><img decoding=\"async\" class='wp-image-18480 avia-img-lazy-loading-not-18480 avia_image' src=\"https:\/\/radiorevelacionfm.cl\/wp-content\/uploads\/2022\/06\/image-54_optimized.jpg\" alt='' title='image-(54)_optimized' height=\"600\" width=\"944\"  itemprop=\"thumbnailUrl\" srcset=\"https:\/\/radiorevelacionfm.cl\/wp-content\/uploads\/2022\/06\/image-54_optimized.jpg 944w, https:\/\/radiorevelacionfm.cl\/wp-content\/uploads\/2022\/06\/image-54_optimized-300x191.jpg 300w, https:\/\/radiorevelacionfm.cl\/wp-content\/uploads\/2022\/06\/image-54_optimized-768x488.jpg 768w, https:\/\/radiorevelacionfm.cl\/wp-content\/uploads\/2022\/06\/image-54_optimized-705x448.jpg 705w, https:\/\/radiorevelacionfm.cl\/wp-content\/uploads\/2022\/06\/image-54_optimized-600x381.jpg 600w\" sizes=\"(max-width: 944px) 100vw, 944px\" \/><\/div><\/div><\/div><\/div><div class=\"flex_column av_one_full  flex_column_div av-zero-column-padding first  avia-builder-el-2  el_after_av_one_full  el_before_av_one_full  column-top-margin\" style='border-radius:0px; '><section class=\"av_textblock_section \"  itemscope=\"itemscope\" itemtype=\"https:\/\/schema.org\/BlogPosting\" itemprop=\"blogPost\" ><div class='avia_textblock  '   itemprop=\"text\" ><p style=\"text-align: center;\"><strong><span style=\"font-size: 18pt;\">Contin\u00faan bajas temperaturas este fin de semana en la regi\u00f3n de Ays\u00e9n<\/span><\/strong><\/p>\n<div id=\"gtx-trans\" style=\"position: absolute; left: -50px; top: 4.31534px;\">\n<div class=\"gtx-trans-icon\"><\/div>\n<\/div>\n<\/div><\/section><\/div><div class=\"flex_column av_one_full  flex_column_div av-zero-column-padding first  avia-builder-el-4  el_after_av_one_full  el_before_av_hr  column-top-margin\" style='border-radius:0px; '><section class=\"av_textblock_section \"  itemscope=\"itemscope\" itemtype=\"https:\/\/schema.org\/BlogPosting\" itemprop=\"blogPost\" ><div class='avia_textblock  '   itemprop=\"text\" ><p style=\"text-align: justify;\">Durante los d\u00edas s\u00e1bado 25 y domingo 26 continuar\u00e1 la ausencia de precipitaciones en casi la totalidad de la regi\u00f3n de Ays\u00e9n, debido a la presencia de una alta migratoria observada desde principios de esta semana.<\/p>\n<p style=\"text-align: justify;\">Como se mencion\u00f3 en los reportes anteriores, esta alta presi\u00f3n ha contribuido al transporte por varios d\u00edas consecutivos de aire muy fr\u00edo a la regi\u00f3n. Adem\u00e1s, ha aportado condiciones de alta estabilidad atmosf\u00e9rica, lo cual favorece episodios cr\u00edticos de contaminaci\u00f3n en Coyhaique.<\/p>\n<p style=\"text-align: justify;\">La alta migratoria cruzar\u00e1 el extremo sur del continente durante el fin de semana, terminando este periodo de heladas moderadas donde se observaron m\u00ednimas en torno a los -10\u00b0C en algunas localidades.<\/p>\n<p style=\"text-align: justify;\">Posteriormente, a partir del lunes 27, comenzar\u00e1 un periodo de precipitaciones d\u00e9biles a moderadas en la regi\u00f3n (~60 mm\/d\u00eda martes 28 en litoral norte) que se extender\u00e1, al menos, hasta el d\u00eda mi\u00e9rcoles 29. Estas precipitaciones se deber\u00e1n al paso de un frente fr\u00edo por el territorio, asociado a un sistema de baja presi\u00f3n atmosf\u00e9rica (cicl\u00f3n extratropical) y acompa\u00f1ado tambi\u00e9n por un r\u00edo atmosf\u00e9rico d\u00e9bil.<\/p>\n<p style=\"text-align: justify;\">Si bien tras el paso de este frente viene una masa de aire fr\u00edo, la temperatura m\u00ednima en las distintas localidades no ser\u00e1 tan baja como lo observado en los \u00faltimos d\u00edas. Entre el lunes 27 y mi\u00e9rcoles 29, la m\u00ednima en la mayor\u00eda de las localidades ser\u00e1 muy cercana o superar\u00e1 los 0\u00b0C. No obstante, a nivel regional se espera que la temperatura m\u00e1xima no supere los 10\u00b0C durante esos d\u00edas. Consistentemente con lo anterior, la altura de la isoterma 0\u00b0C durante la pr\u00f3xima semana oscilar\u00e1 en un rango entre 400-1500 m.s.n.m en la regi\u00f3n.<\/p>\n<p style=\"text-align: justify;\">Pron\u00f3stico obtenido el 24 de junio (a las 13:00) para algunas localidades de la regi\u00f3n de Ays\u00e9n.<\/p>\n<p style=\"text-align: justify;\">(Fuente: <a href=\"https:\/\/www.meteored.cl\/\"><u>https:\/\/www.meteored.cl\/<\/u><\/a>)<\/p>\n<table>\n<tbody>\n<tr>\n<td rowspan=\"2\" width=\"83\"><strong>Localidad<\/strong><\/td>\n<td colspan=\"5\" width=\"580\"><strong>Temperatura m\u00ednima\/m\u00e1xima (\u00b0C)<\/strong><\/td>\n<\/tr>\n<tr>\n<td width=\"115\"><strong>S\u00e1bado 25<\/strong><\/td>\n<td width=\"121\"><strong>Domingo<\/strong> <strong>26<\/strong><\/td>\n<td width=\"101\"><strong>Lunes 27<\/strong><\/td>\n<td width=\"111\"><strong>Martes 28<\/strong><\/td>\n<td width=\"132\"><strong>Mi\u00e9rcoles<\/strong> <strong>29<\/strong><\/td>\n<\/tr>\n<tr>\n<td width=\"83\"><strong>P. Raul Marin<\/strong><\/td>\n<td width=\"115\">-2\/8<\/td>\n<td width=\"121\">-1\/8<\/td>\n<td width=\"101\">1\/9<\/td>\n<td width=\"111\">6\/10<\/td>\n<td width=\"132\">2\/7<\/td>\n<\/tr>\n<tr>\n<td width=\"83\"><strong>La Junta<\/strong><\/td>\n<td width=\"115\">-9\/4<\/td>\n<td width=\"121\">-10\/3<\/td>\n<td width=\"101\">-4\/5<\/td>\n<td width=\"111\">2\/6<\/td>\n<td width=\"132\">1\/6<\/td>\n<\/tr>\n<tr>\n<td width=\"83\"><strong>Lago Verde<\/strong><\/td>\n<td width=\"115\">-8\/2<\/td>\n<td width=\"121\">-8\/3<\/td>\n<td width=\"101\">-5\/3<\/td>\n<td width=\"111\">0\/5<\/td>\n<td width=\"132\">0\/3<\/td>\n<\/tr>\n<tr>\n<td width=\"83\"><strong>Puyuhuapi<\/strong><\/td>\n<td width=\"115\">-2\/7<\/td>\n<td width=\"121\">-3\/7<\/td>\n<td width=\"101\">-2\/6<\/td>\n<td width=\"111\">4\/7<\/td>\n<td width=\"132\">2\/5<\/td>\n<\/tr>\n<tr>\n<td width=\"83\"><strong>Pto. Cisnes<\/strong><\/td>\n<td width=\"115\">-9\/4<\/td>\n<td width=\"121\">-7\/6<\/td>\n<td width=\"101\">0\/6<\/td>\n<td width=\"111\">2\/6<\/td>\n<td width=\"132\">2\/6<\/td>\n<\/tr>\n<tr>\n<td width=\"83\"><strong>Pto.<\/strong> <strong>Ays\u00e9n<\/strong><\/td>\n<td width=\"115\">-11\/3<\/td>\n<td width=\"121\">-7\/7<\/td>\n<td width=\"101\">-3\/4<\/td>\n<td width=\"111\">1\/5<\/td>\n<td width=\"132\">1\/6<\/td>\n<\/tr>\n<\/tbody>\n<\/table>\n<table>\n<tbody>\n<tr>\n<td width=\"83\"><strong>Coyhaique<\/strong><\/td>\n<td width=\"115\">-10\/5<\/td>\n<td width=\"121\">-7\/8<\/td>\n<td width=\"101\">-4\/5<\/td>\n<td width=\"111\">-1\/6<\/td>\n<td width=\"132\">-2\/4<\/td>\n<\/tr>\n<tr>\n<td width=\"83\"><strong>Balmaceda<\/strong><\/td>\n<td width=\"115\">-5\/6<\/td>\n<td width=\"121\">-2\/7<\/td>\n<td width=\"101\">-1\/4<\/td>\n<td width=\"111\">-1\/5<\/td>\n<td width=\"132\">-2\/3<\/td>\n<\/tr>\n<tr>\n<td width=\"83\"><strong>Bah\u00eda Murta<\/strong><\/td>\n<td width=\"115\">-2\/6<\/td>\n<td width=\"121\">-3\/5<\/td>\n<td width=\"101\">0\/4<\/td>\n<td width=\"111\">2\/6<\/td>\n<td width=\"132\">1\/4<\/td>\n<\/tr>\n<tr>\n<td width=\"83\"><strong>Pto. Guadal<\/strong><\/td>\n<td width=\"115\">-1\/6<\/td>\n<td width=\"121\">2\/7<\/td>\n<td width=\"101\">2\/6<\/td>\n<td width=\"111\">4\/6<\/td>\n<td width=\"132\">2\/5<\/td>\n<\/tr>\n<tr>\n<td width=\"83\"><strong>Chile Chico<\/strong><\/td>\n<td width=\"115\">0\/4<\/td>\n<td width=\"121\">0\/11<\/td>\n<td width=\"101\">4\/9<\/td>\n<td width=\"111\">1\/6<\/td>\n<td width=\"132\">1\/6<\/td>\n<\/tr>\n<tr>\n<td width=\"83\"><strong>P. R. Tranquilo<\/strong><\/td>\n<td width=\"115\">-2\/5<\/td>\n<td width=\"121\">-2\/6<\/td>\n<td width=\"101\">0\/5<\/td>\n<td width=\"111\">2\/6<\/td>\n<td width=\"132\">0\/3<\/td>\n<\/tr>\n<tr>\n<td width=\"83\"><strong>Cochrane<\/strong><\/td>\n<td width=\"115\">-8\/3<\/td>\n<td width=\"121\">-6\/5<\/td>\n<td width=\"101\">-1\/5<\/td>\n<td width=\"111\">-1\/5<\/td>\n<td width=\"132\">-5\/4<\/td>\n<\/tr>\n<tr>\n<td width=\"83\"><strong>Caleta Tortel<\/strong><\/td>\n<td width=\"115\">-8\/2<\/td>\n<td width=\"121\">-6\/4<\/td>\n<td width=\"101\">1\/7<\/td>\n<td width=\"111\">3\/6<\/td>\n<td width=\"132\">0\/4<\/td>\n<\/tr>\n<tr>\n<td width=\"83\"><strong>Villa O\u2019Higgins<\/strong><\/td>\n<td width=\"115\">-1\/4<\/td>\n<td width=\"121\">1\/4<\/td>\n<td width=\"101\">0\/5<\/td>\n<td width=\"111\">1\/5<\/td>\n<td width=\"132\">0\/2<\/td>\n<\/tr>\n<\/tbody>\n<\/table>\n<\/div><\/section><\/div><div  style='height:50px' class='hr hr-invisible   avia-builder-el-6  el_after_av_one_full  el_before_av_social_share '><span class='hr-inner ' ><span class='hr-inner-style'><\/span><\/span><\/div><\/p>\n<div  class='av-social-sharing-box  avia-builder-el-7  el_after_av_hr  el_before_av_hr  '><div class='av-share-box'><h5 class='av-share-link-description av-no-toc '>Compartir esta noticia<\/h5><ul class='av-share-box-list noLightbox'><li class='av-share-link av-social-link-facebook' ><a target=\"_blank\" aria-label=\"Compartir en Facebook\" href='https:\/\/www.facebook.com\/sharer.php?u=https:\/\/radiorevelacionfm.cl\/?p=18479&#038;t=Contin%C3%BAan%20bajas%20temperaturas%20este%20fin%20de%20semana%20en%20la%20regi%C3%B3n%20de%20Ays%C3%A9n' aria-hidden='false' data-av_icon='\ue8f3' data-av_iconfont='entypo-fontello' title='' data-avia-related-tooltip='Compartir en Facebook' rel=\"noopener\"><span class='avia_hidden_link_text'>Compartir en Facebook<\/span><\/a><\/li><li class='av-share-link av-social-link-twitter' ><a target=\"_blank\" aria-label=\"Compartir en Twitter\" href='https:\/\/twitter.com\/share?text=Contin%C3%BAan%20bajas%20temperaturas%20este%20fin%20de%20semana%20en%20la%20regi%C3%B3n%20de%20Ays%C3%A9n&#038;url=https:\/\/radiorevelacionfm.cl\/?p=18479' aria-hidden='false' data-av_icon='\ue8f1' data-av_iconfont='entypo-fontello' title='' data-avia-related-tooltip='Compartir en Twitter' rel=\"noopener\"><span class='avia_hidden_link_text'>Compartir en Twitter<\/span><\/a><\/li><li class='av-share-link av-social-link-whatsapp' ><a target=\"_blank\" aria-label=\"Compartir en Whatsapp\" href='https:\/\/api.whatsapp.com\/send?text=https:\/\/radiorevelacionfm.cl\/?p=18479' aria-hidden='false' data-av_icon='\uf232' data-av_iconfont='entypo-fontello' title='' data-avia-related-tooltip='Compartir en Whatsapp' rel=\"noopener\"><span class='avia_hidden_link_text'>Compartir en Whatsapp<\/span><\/a><\/li><li class='av-share-link av-social-link-linkedin' ><a target=\"_blank\" aria-label=\"Compartir en LinkedIn\" href='https:\/\/linkedin.com\/shareArticle?mini=true&#038;title=Contin%C3%BAan%20bajas%20temperaturas%20este%20fin%20de%20semana%20en%20la%20regi%C3%B3n%20de%20Ays%C3%A9n&#038;url=https:\/\/radiorevelacionfm.cl\/?p=18479' aria-hidden='false' data-av_icon='\ue8fc' data-av_iconfont='entypo-fontello' title='' data-avia-related-tooltip='Compartir en LinkedIn' rel=\"noopener\"><span class='avia_hidden_link_text'>Compartir en LinkedIn<\/span><\/a><\/li><li class='av-share-link av-social-link-mail' ><a  aria-label=\"Compartir por correo\" href='mailto:?subject=Contin%C3%BAan%20bajas%20temperaturas%20este%20fin%20de%20semana%20en%20la%20regi%C3%B3n%20de%20Ays%C3%A9n&#038;body=https:\/\/radiorevelacionfm.cl\/?p=18479' aria-hidden='false' data-av_icon='\ue805' data-av_iconfont='entypo-fontello' title='' data-avia-related-tooltip='Compartir por correo'><span class='avia_hidden_link_text'>Compartir por correo<\/span><\/a><\/li><\/ul><\/div><\/div>\n<div  style='height:50px' class='hr hr-invisible   avia-builder-el-8  el_after_av_social_share  el_before_av_comments_list '><span class='hr-inner ' ><span class='hr-inner-style'><\/span><\/span><\/div>\n<div  class='av-buildercomment  av-blog-meta-html-info-disabled av-blog-meta-tag-disabled  '><\/div>\n","protected":false},"excerpt":{"rendered":"","protected":false},"author":1,"featured_media":18480,"comment_status":"open","ping_status":"open","sticky":false,"template":"","format":"standard","meta":{"footnotes":""},"categories":[38],"tags":[],"class_list":["post-18479","post","type-post","status-publish","format-standard","has-post-thumbnail","hentry","category-regional"],"jetpack_featured_media_url":"https:\/\/radiorevelacionfm.cl\/wp-content\/uploads\/2022\/06\/image-54_optimized.jpg","_links":{"self":[{"href":"https:\/\/radiorevelacionfm.cl\/index.php?rest_route=\/wp\/v2\/posts\/18479","targetHints":{"allow":["GET"]}}],"collection":[{"href":"https:\/\/radiorevelacionfm.cl\/index.php?rest_route=\/wp\/v2\/posts"}],"about":[{"href":"https:\/\/radiorevelacionfm.cl\/index.php?rest_route=\/wp\/v2\/types\/post"}],"author":[{"embeddable":true,"href":"https:\/\/radiorevelacionfm.cl\/index.php?rest_route=\/wp\/v2\/users\/1"}],"replies":[{"embeddable":true,"href":"https:\/\/radiorevelacionfm.cl\/index.php?rest_route=%2Fwp%2Fv2%2Fcomments&post=18479"}],"version-history":[{"count":2,"href":"https:\/\/radiorevelacionfm.cl\/index.php?rest_route=\/wp\/v2\/posts\/18479\/revisions"}],"predecessor-version":[{"id":18483,"href":"https:\/\/radiorevelacionfm.cl\/index.php?rest_route=\/wp\/v2\/posts\/18479\/revisions\/18483"}],"wp:featuredmedia":[{"embeddable":true,"href":"https:\/\/radiorevelacionfm.cl\/index.php?rest_route=\/wp\/v2\/media\/18480"}],"wp:attachment":[{"href":"https:\/\/radiorevelacionfm.cl\/index.php?rest_route=%2Fwp%2Fv2%2Fmedia&parent=18479"}],"wp:term":[{"taxonomy":"category","embeddable":true,"href":"https:\/\/radiorevelacionfm.cl\/index.php?rest_route=%2Fwp%2Fv2%2Fcategories&post=18479"},{"taxonomy":"post_tag","embeddable":true,"href":"https:\/\/radiorevelacionfm.cl\/index.php?rest_route=%2Fwp%2Fv2%2Ftags&post=18479"}],"curies":[{"name":"wp","href":"https:\/\/api.w.org\/{rel}","templated":true}]}}