{"id":18473,"date":"2022-06-25T16:41:27","date_gmt":"2022-06-25T19:41:27","guid":{"rendered":"https:\/\/radiorevelacionfm.cl\/?p=18473"},"modified":"2022-06-25T16:41:27","modified_gmt":"2022-06-25T19:41:27","slug":"ante-frio-extremo-edelaysen-comunica-plan-de-gestion-de-suministro-electrico","status":"publish","type":"post","link":"https:\/\/radiorevelacionfm.cl\/?p=18473","title":{"rendered":"Ante frio extremo: Edelaysen comunica plan de gesti\u00f3n de suministro el\u00e9ctrico"},"content":{"rendered":"<div class=\"flex_column av_one_full  flex_column_div av-zero-column-padding first  avia-builder-el-0  el_before_av_one_full  avia-builder-el-first  \" style='border-radius:0px; '><div  class='avia-image-container  av-styling-    avia-builder-el-1  avia-builder-el-no-sibling  avia-align-center '  itemprop=\"image\" itemscope=\"itemscope\" itemtype=\"https:\/\/schema.org\/ImageObject\"  ><div class='avia-image-container-inner'><div class='avia-image-overlay-wrap'><img decoding=\"async\" class='wp-image-18475 avia-img-lazy-loading-not-18475 avia_image' src=\"https:\/\/radiorevelacionfm.cl\/wp-content\/uploads\/2022\/06\/Corte-Energia4-1-2.jpg\" alt='' title='Corte Energia4 (1) (2)' height=\"600\" width=\"1068\"  itemprop=\"thumbnailUrl\" srcset=\"https:\/\/radiorevelacionfm.cl\/wp-content\/uploads\/2022\/06\/Corte-Energia4-1-2.jpg 1068w, https:\/\/radiorevelacionfm.cl\/wp-content\/uploads\/2022\/06\/Corte-Energia4-1-2-300x169.jpg 300w, https:\/\/radiorevelacionfm.cl\/wp-content\/uploads\/2022\/06\/Corte-Energia4-1-2-1030x579.jpg 1030w, https:\/\/radiorevelacionfm.cl\/wp-content\/uploads\/2022\/06\/Corte-Energia4-1-2-768x431.jpg 768w, https:\/\/radiorevelacionfm.cl\/wp-content\/uploads\/2022\/06\/Corte-Energia4-1-2-705x396.jpg 705w, https:\/\/radiorevelacionfm.cl\/wp-content\/uploads\/2022\/06\/Corte-Energia4-1-2-600x337.jpg 600w\" sizes=\"(max-width: 1068px) 100vw, 1068px\" \/><\/div><\/div><\/div><\/div><div class=\"flex_column av_one_full  flex_column_div av-zero-column-padding first  avia-builder-el-2  el_after_av_one_full  el_before_av_one_full  column-top-margin\" style='border-radius:0px; '><section class=\"av_textblock_section \"  itemscope=\"itemscope\" itemtype=\"https:\/\/schema.org\/BlogPosting\" itemprop=\"blogPost\" ><div class='avia_textblock  '   itemprop=\"text\" ><p style=\"text-align: center;\"><strong><span style=\"font-size: 18pt;\">Ante frio extremo: Edelaysen comunica plan de gesti\u00f3n de suministro el\u00e9ctrico<\/span><\/strong><\/p>\n<div id=\"gtx-trans\" style=\"position: absolute; left: -50px; top: 4.31534px;\">\n<div class=\"gtx-trans-icon\"><\/div>\n<\/div>\n<\/div><\/section><\/div><div class=\"flex_column av_one_full  flex_column_div av-zero-column-padding first  avia-builder-el-4  el_after_av_one_full  el_before_av_hr  column-top-margin\" style='border-radius:0px; '><section class=\"av_textblock_section \"  itemscope=\"itemscope\" itemtype=\"https:\/\/schema.org\/BlogPosting\" itemprop=\"blogPost\" ><div class='avia_textblock  '   itemprop=\"text\" ><p style=\"text-align: justify;\">Debido a la situaci\u00f3n de fr\u00edo extremo en la Regi\u00f3n, la el\u00e9ctrica ha visto afectada su capacidad de generaci\u00f3n. En promedio el 65% de la electricidad proviene de fuentes como agua y viento, y el congelamiento y ausencia de vientos impactan directamente en el suministro.<\/p>\n<p style=\"text-align: justify;\">Producto del congelamiento que presentan las centrales hidr\u00e1ulicas del Sistema El\u00e9ctrico de Ays\u00e9n, la generaci\u00f3n de energ\u00eda de las centrales Puerto Ays\u00e9n, Lago Atravesado y Monreal se ha reducido a 1\/3 de su capacidad.<\/p>\n<p style=\"text-align: justify;\">Es importante considerar que en el marco normativo la matriz de generaci\u00f3n actual del Sistema Ays\u00e9n exige una potencia instalada de 17 MW\u00a0 de generaci\u00f3n di\u00e9sel, sin embargo, Edelaysen cuenta actualmente con una potencia di\u00e9sel instalada adicional cercana al 30% con el fin de asegurar en condiciones normales el suministro a nuestros clientes.<\/p>\n<p style=\"text-align: justify;\">Lamentablemente, y pese a los esfuerzos adicionales, esta situaci\u00f3n excepcional de congelamiento de las aguas ha impactado fuertemente la capacidad de generaci\u00f3n renovable, siendo poco favorables para la hidroelectricidad, as\u00ed como la falta de viento para la generaci\u00f3n e\u00f3lica, lo que nos plantean un escenario desafiante durante los pr\u00f3ximos d\u00edas.<\/p>\n<p style=\"text-align: justify;\">Ante esta situaci\u00f3n, Edelaysen informa a la comunidad el plan de gesti\u00f3n y fortalecimiento de suministro el\u00e9ctrico para sostener la demanda del sistema:<\/p>\n<ul style=\"text-align: justify;\">\n<li>Autogeneraci\u00f3n de clientes industriales y\/o desconexi\u00f3n de otras industrias en forma parcial, lo que permitir\u00e1 privilegiar la disponibilidad de energ\u00eda para clientes residenciales.<\/li>\n<li>S\u00f3lo en caso de ser estrictamente necesario se realizar\u00e1n desconexiones a grupos de clientes residenciales por tiempos acotados, situaci\u00f3n que ser\u00e1 comunicada a trav\u00e9s de los canales de la empresa y medios de comunicaci\u00f3n, con el detalle del tiempo de duraci\u00f3n de las desconexiones.<\/li>\n<li>Plan de refuerzo de generaci\u00f3n di\u00e9sel que implica el traslado e instalaci\u00f3n de grupos electr\u00f3genos incluso provenientes de otras regiones del pa\u00eds. Una de estas unidades estar\u00e1 respaldando el sistema a contar del s\u00e1bado 25\/06\/22.<\/li>\n<\/ul>\n<p style=\"text-align: justify;\">Hacemos un llamado a toda la comunidad, para que hagan un uso eficiente de la energ\u00eda en estos momentos, evitando con ello que la menor generaci\u00f3n en el sistema sea insuficiente para satisfacer la demanda.<\/p>\n<p style=\"text-align: justify;\">\u00abLamentamos los inconvenientes que esta situaci\u00f3n ha provocado en nuestros clientes. Estamos trabajando y realizando todos los esfuerzos para disminuir los efectos de esta situaci\u00f3n particular. Invitamos a nuestros clientes a mantenerse informados en nuestros puntos de contacto: L\u00ednea gratuita:\u00a0 800 600 803; Twitter: @Edelaysen; Fanpage de Facebook: @Edelaysen; Bot\u00f3n estoy sin luz en la web: www.edelaysen.cl\u00bb, concluy\u00f3 el jefe de servicio al cliente de Edelaysen, Patricio Raimilla Guzm\u00e1n.<\/p>\n<\/div><\/section><\/div><div  style='height:50px' class='hr hr-invisible   avia-builder-el-6  el_after_av_one_full  el_before_av_social_share '><span class='hr-inner ' ><span class='hr-inner-style'><\/span><\/span><\/div><\/p>\n<div  class='av-social-sharing-box  avia-builder-el-7  el_after_av_hr  el_before_av_hr  '><div class='av-share-box'><h5 class='av-share-link-description av-no-toc '>Compartir esta noticia<\/h5><ul class='av-share-box-list noLightbox'><li class='av-share-link av-social-link-facebook' ><a target=\"_blank\" aria-label=\"Compartir en Facebook\" href='https:\/\/www.facebook.com\/sharer.php?u=https:\/\/radiorevelacionfm.cl\/?p=18473&#038;t=Ante%20frio%20extremo%3A%20Edelaysen%20comunica%20plan%20de%20gesti%C3%B3n%20de%20suministro%20el%C3%A9ctrico' aria-hidden='false' data-av_icon='\ue8f3' data-av_iconfont='entypo-fontello' title='' data-avia-related-tooltip='Compartir en Facebook' rel=\"noopener\"><span class='avia_hidden_link_text'>Compartir en Facebook<\/span><\/a><\/li><li class='av-share-link av-social-link-twitter' ><a target=\"_blank\" aria-label=\"Compartir en Twitter\" href='https:\/\/twitter.com\/share?text=Ante%20frio%20extremo%3A%20Edelaysen%20comunica%20plan%20de%20gesti%C3%B3n%20de%20suministro%20el%C3%A9ctrico&#038;url=https:\/\/radiorevelacionfm.cl\/?p=18473' aria-hidden='false' data-av_icon='\ue8f1' data-av_iconfont='entypo-fontello' title='' data-avia-related-tooltip='Compartir en Twitter' rel=\"noopener\"><span class='avia_hidden_link_text'>Compartir en Twitter<\/span><\/a><\/li><li class='av-share-link av-social-link-whatsapp' ><a target=\"_blank\" aria-label=\"Compartir en Whatsapp\" href='https:\/\/api.whatsapp.com\/send?text=https:\/\/radiorevelacionfm.cl\/?p=18473' aria-hidden='false' data-av_icon='\uf232' data-av_iconfont='entypo-fontello' title='' data-avia-related-tooltip='Compartir en Whatsapp' rel=\"noopener\"><span class='avia_hidden_link_text'>Compartir en Whatsapp<\/span><\/a><\/li><li class='av-share-link av-social-link-linkedin' ><a target=\"_blank\" aria-label=\"Compartir en LinkedIn\" href='https:\/\/linkedin.com\/shareArticle?mini=true&#038;title=Ante%20frio%20extremo%3A%20Edelaysen%20comunica%20plan%20de%20gesti%C3%B3n%20de%20suministro%20el%C3%A9ctrico&#038;url=https:\/\/radiorevelacionfm.cl\/?p=18473' aria-hidden='false' data-av_icon='\ue8fc' data-av_iconfont='entypo-fontello' title='' data-avia-related-tooltip='Compartir en LinkedIn' rel=\"noopener\"><span class='avia_hidden_link_text'>Compartir en LinkedIn<\/span><\/a><\/li><li class='av-share-link av-social-link-mail' ><a  aria-label=\"Compartir por correo\" href='mailto:?subject=Ante%20frio%20extremo%3A%20Edelaysen%20comunica%20plan%20de%20gesti%C3%B3n%20de%20suministro%20el%C3%A9ctrico&#038;body=https:\/\/radiorevelacionfm.cl\/?p=18473' aria-hidden='false' data-av_icon='\ue805' data-av_iconfont='entypo-fontello' title='' data-avia-related-tooltip='Compartir por correo'><span class='avia_hidden_link_text'>Compartir por correo<\/span><\/a><\/li><\/ul><\/div><\/div>\n<div  style='height:50px' class='hr hr-invisible   avia-builder-el-8  el_after_av_social_share  el_before_av_comments_list '><span class='hr-inner ' ><span class='hr-inner-style'><\/span><\/span><\/div>\n<div  class='av-buildercomment  av-blog-meta-html-info-disabled av-blog-meta-tag-disabled  '><\/div>\n","protected":false},"excerpt":{"rendered":"","protected":false},"author":1,"featured_media":18475,"comment_status":"open","ping_status":"open","sticky":false,"template":"","format":"standard","meta":{"footnotes":""},"categories":[38],"tags":[],"class_list":["post-18473","post","type-post","status-publish","format-standard","has-post-thumbnail","hentry","category-regional"],"jetpack_featured_media_url":"https:\/\/radiorevelacionfm.cl\/wp-content\/uploads\/2022\/06\/Corte-Energia4-1-2.jpg","_links":{"self":[{"href":"https:\/\/radiorevelacionfm.cl\/index.php?rest_route=\/wp\/v2\/posts\/18473","targetHints":{"allow":["GET"]}}],"collection":[{"href":"https:\/\/radiorevelacionfm.cl\/index.php?rest_route=\/wp\/v2\/posts"}],"about":[{"href":"https:\/\/radiorevelacionfm.cl\/index.php?rest_route=\/wp\/v2\/types\/post"}],"author":[{"embeddable":true,"href":"https:\/\/radiorevelacionfm.cl\/index.php?rest_route=\/wp\/v2\/users\/1"}],"replies":[{"embeddable":true,"href":"https:\/\/radiorevelacionfm.cl\/index.php?rest_route=%2Fwp%2Fv2%2Fcomments&post=18473"}],"version-history":[{"count":2,"href":"https:\/\/radiorevelacionfm.cl\/index.php?rest_route=\/wp\/v2\/posts\/18473\/revisions"}],"predecessor-version":[{"id":18477,"href":"https:\/\/radiorevelacionfm.cl\/index.php?rest_route=\/wp\/v2\/posts\/18473\/revisions\/18477"}],"wp:featuredmedia":[{"embeddable":true,"href":"https:\/\/radiorevelacionfm.cl\/index.php?rest_route=\/wp\/v2\/media\/18475"}],"wp:attachment":[{"href":"https:\/\/radiorevelacionfm.cl\/index.php?rest_route=%2Fwp%2Fv2%2Fmedia&parent=18473"}],"wp:term":[{"taxonomy":"category","embeddable":true,"href":"https:\/\/radiorevelacionfm.cl\/index.php?rest_route=%2Fwp%2Fv2%2Fcategories&post=18473"},{"taxonomy":"post_tag","embeddable":true,"href":"https:\/\/radiorevelacionfm.cl\/index.php?rest_route=%2Fwp%2Fv2%2Ftags&post=18473"}],"curies":[{"name":"wp","href":"https:\/\/api.w.org\/{rel}","templated":true}]}}