{"id":18469,"date":"2022-06-25T19:32:42","date_gmt":"2022-06-25T22:32:42","guid":{"rendered":"https:\/\/radiorevelacionfm.cl\/?p=18469"},"modified":"2022-06-25T19:32:42","modified_gmt":"2022-06-25T22:32:42","slug":"bandera-mapuche-es-izada-durante-todo-el-we-tripantu-en-dpp-de-general-carrera","status":"publish","type":"post","link":"https:\/\/radiorevelacionfm.cl\/?p=18469","title":{"rendered":"Bandera mapuche es izada durante todo el we tripantu en DPP de General Carrera"},"content":{"rendered":"<div class=\"flex_column av_one_full  flex_column_div av-zero-column-padding first  avia-builder-el-0  el_before_av_one_full  avia-builder-el-first  \" style='border-radius:0px; '><div  class='avia-image-container  av-styling-    avia-builder-el-1  avia-builder-el-no-sibling  avia-align-center '  itemprop=\"image\" itemscope=\"itemscope\" itemtype=\"https:\/\/schema.org\/ImageObject\"  ><div class='avia-image-container-inner'><div class='avia-image-overlay-wrap'><img decoding=\"async\" class='wp-image-18470 avia-img-lazy-loading-not-18470 avia_image' src=\"https:\/\/radiorevelacionfm.cl\/wp-content\/uploads\/2022\/06\/izamiento-2-1_optimized-1-3.jpg\" alt='' title='izamiento-2-(1)_optimized (1)' height=\"600\" width=\"1067\"  itemprop=\"thumbnailUrl\" srcset=\"https:\/\/radiorevelacionfm.cl\/wp-content\/uploads\/2022\/06\/izamiento-2-1_optimized-1-3.jpg 1067w, https:\/\/radiorevelacionfm.cl\/wp-content\/uploads\/2022\/06\/izamiento-2-1_optimized-1-3-300x169.jpg 300w, https:\/\/radiorevelacionfm.cl\/wp-content\/uploads\/2022\/06\/izamiento-2-1_optimized-1-3-1030x579.jpg 1030w, https:\/\/radiorevelacionfm.cl\/wp-content\/uploads\/2022\/06\/izamiento-2-1_optimized-1-3-768x432.jpg 768w, https:\/\/radiorevelacionfm.cl\/wp-content\/uploads\/2022\/06\/izamiento-2-1_optimized-1-3-705x396.jpg 705w, https:\/\/radiorevelacionfm.cl\/wp-content\/uploads\/2022\/06\/izamiento-2-1_optimized-1-3-600x337.jpg 600w\" sizes=\"(max-width: 1067px) 100vw, 1067px\" \/><\/div><\/div><\/div><\/div><div class=\"flex_column av_one_full  flex_column_div av-zero-column-padding first  avia-builder-el-2  el_after_av_one_full  el_before_av_one_full  column-top-margin\" style='border-radius:0px; '><section class=\"av_textblock_section \"  itemscope=\"itemscope\" itemtype=\"https:\/\/schema.org\/BlogPosting\" itemprop=\"blogPost\" ><div class='avia_textblock  '   itemprop=\"text\" ><p style=\"text-align: center;\"><span style=\"font-size: 18pt;\"><strong>Bandera mapuche es izada durante todo el we tripantu en DPP de General Carrera<\/strong><\/span><\/p>\n<div id=\"gtx-trans\" style=\"position: absolute; left: -50px; top: 4.31534px;\">\n<div class=\"gtx-trans-icon\"><\/div>\n<\/div>\n<\/div><\/section><\/div><\/p>\n<div class=\"flex_column av_one_full  flex_column_div av-zero-column-padding first  avia-builder-el-4  el_after_av_one_full  el_before_av_hr  column-top-margin\" style='border-radius:0px; '><section class=\"av_textblock_section \"  itemscope=\"itemscope\" itemtype=\"https:\/\/schema.org\/BlogPosting\" itemprop=\"blogPost\" ><div class='avia_textblock  '   itemprop=\"text\" ><p style=\"text-align: justify;\">A la primera hora del martes 21 de junio llegaron a la Delegaci\u00f3n Presidencial Provincial de General Carrera miembros de la Asociaci\u00f3n Ind\u00edgena de Chile Chico Ant\u00fc \u00d1i Fot\u00fcm donde fueron recibidos por el DPP de General Carrera, Daniel Fern\u00e1ndez M\u00e1rquez. En el lugar se iz\u00f3, por primera vez en la historia de la instituci\u00f3n, la bandera mapuche o <em>wenufoye<\/em>, la que se mantuvo flameando hasta el viernes 24 de junio marcando el fin del we tripantu.<\/p>\n<p style=\"text-align: justify;\">Esta festividad representa el nacimiento del nuevo sol, al ser el momento en que en el hemisferio sur nos encontramos m\u00e1s alejados del sol, por lo que posterior a esta fecha los d\u00edas comienzan a ser m\u00e1s largos y la naturaleza renace. Esta fecha es compartida por m\u00faltiples pueblos que habitan el territorio que hoy llamamos Chile como lo es el Inti Raymi en las culturas andinas y el Machaq Mara para los aymaras.<\/p>\n<p style=\"text-align: justify;\">Durante la ceremonia, la presidenta de Ant\u00fc \u00d1i Fot\u00fcm, Fidelina Roco Legue, coment\u00f3 que \u201cEstamos en este lugar por primera vez izando nuestra bandera, agradecer a los due\u00f1os de casa\u201d, a lo que agreg\u00f3 \u201cEs un d\u00eda muy en especial, primero porque comenzamos a disfrutar de nuestro a\u00f1o nuevo mapuche, el solsticio de invierno es el hito importante para nuestra naturaleza (\u2026) entonces eso hoy d\u00eda compartirlo con el Estado, que ya vamos por segundo a\u00f1o con el feriado nacional de los pueblos originarios, habla de un compromiso mayor para con todos nosotros como pueblo\u201d cerr\u00f3 la dirigenta social.<\/p>\n<p style=\"text-align: justify;\">Otra de las miembro de la asociaci\u00f3n Ant\u00fc \u00d1i Fot\u00fcm es Teresa Millacari, quien tambi\u00e9n tuvo \u00a0palabras de agradecimiento para referirse a este momento in\u00e9dito en la delegaci\u00f3n \u201cDar las gracias por este momento tan especial para nosotros, porque es primera vez que se iza la bandera mapuche, comenzando esta fecha tan importante, para nosotros el pueblo mapuche que se rige a trav\u00e9s de la naturaleza, donde el sol llega a su m\u00e1xima distancia con la tierra, de aqu\u00ed en adelante, empieza a volver, empieza el nuevo ciclo\u201d comentaba la tambi\u00e9n educadora de lengua y cultura ind\u00edgena en el jard\u00edn infantil Rayito de Sol.<\/p>\n<p style=\"text-align: justify;\">Por su parte, el Delegado Presidencial Provincial de General Carrera, Daniel Fern\u00e1ndez M\u00e1rquez, expres\u00f3, luego de saludar a los y las asistentes en mapuzung\u00fan, que \u201cEstamos muy contentos de recibir a la asociaci\u00f3n ind\u00edgena Ant\u00fc \u00d1i Fot\u00fcm para conmemorar el d\u00eda nacional de los pueblos ind\u00edgenas\u201d agregando que de esta forma se logra \u201cponer de realce y visibilizar este hito tan importante para nuestro pa\u00eds\u201d. Para Finalizar Fern\u00e1ndez destac\u00f3 que \u201cVamos a izar la bandera que representa al pueblo mapuche porque es un pueblo que dice relaci\u00f3n con nuestras ra\u00edces y, por tanto, junto con el solsticio, junto con el nacimiento del nuevo sol, reafirmamos el compromiso del Estado de reconocimiento a los pueblos ancestrales, que son preexistentes a la existencia del mismo Estado\u201d cerr\u00f3 la m\u00e1xima autoridad provincial.<\/p>\n<p style=\"text-align: justify;\">Esta ceremonia se enmarca dentro de uno de los pilares del Gobierno de Gabriel Boric que reconoce una deuda del Estado con los pueblos ind\u00edgenas, buscando una nueva forma de encontrarse y entenderse. Esta nueva relaci\u00f3n parte desde reconocimientos simb\u00f3licos como este, pero no se queden solo ah\u00ed, sino que se busca un avance en una mejor calidad de vida y cambios que den cuenta de lo que significa la diversidad cultural del pa\u00eds.<\/p>\n<\/div><\/section><\/div>\n<div  style='height:50px' class='hr hr-invisible   avia-builder-el-6  el_after_av_one_full  el_before_av_social_share '><span class='hr-inner ' ><span class='hr-inner-style'><\/span><\/span><\/div>\n<div  class='av-social-sharing-box  avia-builder-el-7  el_after_av_hr  el_before_av_hr  '><div class='av-share-box'><h5 class='av-share-link-description av-no-toc '>Compartir esta noticia<\/h5><ul class='av-share-box-list noLightbox'><li class='av-share-link av-social-link-facebook' ><a target=\"_blank\" aria-label=\"Compartir en Facebook\" href='https:\/\/www.facebook.com\/sharer.php?u=https:\/\/radiorevelacionfm.cl\/?p=18469&#038;t=Bandera%20mapuche%20es%20izada%20durante%20todo%20el%20we%20tripantu%20en%20DPP%20de%20General%20Carrera' aria-hidden='false' data-av_icon='\ue8f3' data-av_iconfont='entypo-fontello' title='' data-avia-related-tooltip='Compartir en Facebook' rel=\"noopener\"><span class='avia_hidden_link_text'>Compartir en Facebook<\/span><\/a><\/li><li class='av-share-link av-social-link-twitter' ><a target=\"_blank\" aria-label=\"Compartir en Twitter\" href='https:\/\/twitter.com\/share?text=Bandera%20mapuche%20es%20izada%20durante%20todo%20el%20we%20tripantu%20en%20DPP%20de%20General%20Carrera&#038;url=https:\/\/radiorevelacionfm.cl\/?p=18469' aria-hidden='false' data-av_icon='\ue8f1' data-av_iconfont='entypo-fontello' title='' data-avia-related-tooltip='Compartir en Twitter' rel=\"noopener\"><span class='avia_hidden_link_text'>Compartir en Twitter<\/span><\/a><\/li><li class='av-share-link av-social-link-whatsapp' ><a target=\"_blank\" aria-label=\"Compartir en Whatsapp\" href='https:\/\/api.whatsapp.com\/send?text=https:\/\/radiorevelacionfm.cl\/?p=18469' aria-hidden='false' data-av_icon='\uf232' data-av_iconfont='entypo-fontello' title='' data-avia-related-tooltip='Compartir en Whatsapp' rel=\"noopener\"><span class='avia_hidden_link_text'>Compartir en Whatsapp<\/span><\/a><\/li><li class='av-share-link av-social-link-linkedin' ><a target=\"_blank\" aria-label=\"Compartir en LinkedIn\" href='https:\/\/linkedin.com\/shareArticle?mini=true&#038;title=Bandera%20mapuche%20es%20izada%20durante%20todo%20el%20we%20tripantu%20en%20DPP%20de%20General%20Carrera&#038;url=https:\/\/radiorevelacionfm.cl\/?p=18469' aria-hidden='false' data-av_icon='\ue8fc' data-av_iconfont='entypo-fontello' title='' data-avia-related-tooltip='Compartir en LinkedIn' rel=\"noopener\"><span class='avia_hidden_link_text'>Compartir en LinkedIn<\/span><\/a><\/li><li class='av-share-link av-social-link-mail' ><a  aria-label=\"Compartir por correo\" href='mailto:?subject=Bandera%20mapuche%20es%20izada%20durante%20todo%20el%20we%20tripantu%20en%20DPP%20de%20General%20Carrera&#038;body=https:\/\/radiorevelacionfm.cl\/?p=18469' aria-hidden='false' data-av_icon='\ue805' data-av_iconfont='entypo-fontello' title='' data-avia-related-tooltip='Compartir por correo'><span class='avia_hidden_link_text'>Compartir por correo<\/span><\/a><\/li><\/ul><\/div><\/div>\n<div  style='height:50px' class='hr hr-invisible   avia-builder-el-8  el_after_av_social_share  el_before_av_comments_list '><span class='hr-inner ' ><span class='hr-inner-style'><\/span><\/span><\/div>\n<div  class='av-buildercomment  av-blog-meta-html-info-disabled av-blog-meta-tag-disabled  '><\/div>\n","protected":false},"excerpt":{"rendered":"","protected":false},"author":1,"featured_media":18470,"comment_status":"open","ping_status":"open","sticky":false,"template":"","format":"standard","meta":{"footnotes":""},"categories":[38],"tags":[],"class_list":["post-18469","post","type-post","status-publish","format-standard","has-post-thumbnail","hentry","category-regional"],"jetpack_featured_media_url":"https:\/\/radiorevelacionfm.cl\/wp-content\/uploads\/2022\/06\/izamiento-2-1_optimized-1-3.jpg","_links":{"self":[{"href":"https:\/\/radiorevelacionfm.cl\/index.php?rest_route=\/wp\/v2\/posts\/18469","targetHints":{"allow":["GET"]}}],"collection":[{"href":"https:\/\/radiorevelacionfm.cl\/index.php?rest_route=\/wp\/v2\/posts"}],"about":[{"href":"https:\/\/radiorevelacionfm.cl\/index.php?rest_route=\/wp\/v2\/types\/post"}],"author":[{"embeddable":true,"href":"https:\/\/radiorevelacionfm.cl\/index.php?rest_route=\/wp\/v2\/users\/1"}],"replies":[{"embeddable":true,"href":"https:\/\/radiorevelacionfm.cl\/index.php?rest_route=%2Fwp%2Fv2%2Fcomments&post=18469"}],"version-history":[{"count":2,"href":"https:\/\/radiorevelacionfm.cl\/index.php?rest_route=\/wp\/v2\/posts\/18469\/revisions"}],"predecessor-version":[{"id":18478,"href":"https:\/\/radiorevelacionfm.cl\/index.php?rest_route=\/wp\/v2\/posts\/18469\/revisions\/18478"}],"wp:featuredmedia":[{"embeddable":true,"href":"https:\/\/radiorevelacionfm.cl\/index.php?rest_route=\/wp\/v2\/media\/18470"}],"wp:attachment":[{"href":"https:\/\/radiorevelacionfm.cl\/index.php?rest_route=%2Fwp%2Fv2%2Fmedia&parent=18469"}],"wp:term":[{"taxonomy":"category","embeddable":true,"href":"https:\/\/radiorevelacionfm.cl\/index.php?rest_route=%2Fwp%2Fv2%2Fcategories&post=18469"},{"taxonomy":"post_tag","embeddable":true,"href":"https:\/\/radiorevelacionfm.cl\/index.php?rest_route=%2Fwp%2Fv2%2Ftags&post=18469"}],"curies":[{"name":"wp","href":"https:\/\/api.w.org\/{rel}","templated":true}]}}