{"id":18450,"date":"2022-06-25T00:03:22","date_gmt":"2022-06-25T03:03:22","guid":{"rendered":"https:\/\/radiorevelacionfm.cl\/?p=18450"},"modified":"2022-06-25T00:51:10","modified_gmt":"2022-06-25T03:51:10","slug":"confirman-detencion-de-mujer-por-homicidio-frustrado-en-contra-de-carabineros-de-servicio-en-coyhaique","status":"publish","type":"post","link":"https:\/\/radiorevelacionfm.cl\/?p=18450","title":{"rendered":"Confirman detenci\u00f3n de mujer por delito de homicidio frustrado en contra de Carabineros de servicio en Coyhaique"},"content":{"rendered":"<div class=\"flex_column av_one_full  flex_column_div av-zero-column-padding first  avia-builder-el-0  el_before_av_one_full  avia-builder-el-first  \" style='border-radius:0px; '><div  class='avia-image-container  av-styling-    avia-builder-el-1  avia-builder-el-no-sibling  avia-align-center '  itemprop=\"image\" itemscope=\"itemscope\" itemtype=\"https:\/\/schema.org\/ImageObject\"  ><div class='avia-image-container-inner'><div class='avia-image-overlay-wrap'><img decoding=\"async\" class='wp-image-18451 avia-img-lazy-loading-not-18451 avia_image' src=\"https:\/\/radiorevelacionfm.cl\/wp-content\/uploads\/2022\/06\/90ff34a7-1b0a-4941-849d-7b39543d8ddb-1-1_optimized.jpg\" alt='' title='90ff34a7-1b0a-4941-849d-7b39543d8ddb-1-(1)_optimized' height=\"600\" width=\"1065\"  itemprop=\"thumbnailUrl\" srcset=\"https:\/\/radiorevelacionfm.cl\/wp-content\/uploads\/2022\/06\/90ff34a7-1b0a-4941-849d-7b39543d8ddb-1-1_optimized.jpg 1065w, https:\/\/radiorevelacionfm.cl\/wp-content\/uploads\/2022\/06\/90ff34a7-1b0a-4941-849d-7b39543d8ddb-1-1_optimized-300x169.jpg 300w, https:\/\/radiorevelacionfm.cl\/wp-content\/uploads\/2022\/06\/90ff34a7-1b0a-4941-849d-7b39543d8ddb-1-1_optimized-1030x580.jpg 1030w, https:\/\/radiorevelacionfm.cl\/wp-content\/uploads\/2022\/06\/90ff34a7-1b0a-4941-849d-7b39543d8ddb-1-1_optimized-768x433.jpg 768w, https:\/\/radiorevelacionfm.cl\/wp-content\/uploads\/2022\/06\/90ff34a7-1b0a-4941-849d-7b39543d8ddb-1-1_optimized-705x397.jpg 705w, https:\/\/radiorevelacionfm.cl\/wp-content\/uploads\/2022\/06\/90ff34a7-1b0a-4941-849d-7b39543d8ddb-1-1_optimized-600x338.jpg 600w\" sizes=\"(max-width: 1065px) 100vw, 1065px\" \/><\/div><\/div><\/div><\/div>\n<div class=\"flex_column av_one_full  flex_column_div av-zero-column-padding first  avia-builder-el-2  el_after_av_one_full  el_before_av_one_full  column-top-margin\" style='border-radius:0px; '><section class=\"av_textblock_section \"  itemscope=\"itemscope\" itemtype=\"https:\/\/schema.org\/BlogPosting\" itemprop=\"blogPost\" ><div class='avia_textblock  '   itemprop=\"text\" ><p style=\"text-align: center;\"><strong><span style=\"font-size: 18pt;\">Confirman detenci\u00f3n de mujer por delito de homicidio frustrado en contra de Carabineros de servicio en Coyhaique<\/span><\/strong><\/p>\n<div id=\"gtx-trans\" style=\"position: absolute; left: -50px; top: 4.31534px;\">\n<div class=\"gtx-trans-icon\"><\/div>\n<\/div>\n<\/div><\/section><\/div>\n<div class=\"flex_column av_one_full  flex_column_div av-zero-column-padding first  avia-builder-el-4  el_after_av_one_full  el_before_av_hr  column-top-margin\" style='border-radius:0px; '><section class=\"av_textblock_section \"  itemscope=\"itemscope\" itemtype=\"https:\/\/schema.org\/BlogPosting\" itemprop=\"blogPost\" ><div class='avia_textblock  '   itemprop=\"text\" ><p style=\"text-align: justify;\">Aproximadamente a las 19: 00 horas personal de Carabineros fue requerido por parte del local comercial Homecenter, ubicado en Avda Ogana en Coyhaique, dado que una mujer durante gran parte del d\u00eda hab\u00eda estado ingresando al local a sustraer mercader\u00edas, pese a que hab\u00eda sido identificada y en reiteradas oportunidades advertida por los guardias de seguridad, \u00e9sta tom\u00f3 una actitud bastante agresiva, fue en ese contexto que se solicit\u00f3 la presencia de Carabineros.<\/p>\n<p style=\"text-align: justify;\">El Mayor Franco Herrera Quezada, Comisario 1ra. Com. Coyhaique, se\u00f1al\u00f3 que la mujer al ser controlada por personal policial, toma el volante del autom\u00f3vil en el cual se trasladaba, que estaba al interior del estacionamiento y lo lanza directamente en contra de la jefa de patrulla, una suboficial, atropell\u00e1ndola, situaci\u00f3n que origin\u00f3 que el acompa\u00f1ante de la suboficial hiciera uso de su arma de servicio en contra del veh\u00edculo, lo que no anul\u00f3 la acci\u00f3n de la conductora d\u00e1ndose a fuga por Avenida Ogana hacia el sur, siendo alcanzada en las cercan\u00edas de la estaci\u00f3n de servicios Copec, donde nuevamente lanz\u00f3 el veh\u00edculo en contra del personal policial, por lo que Carabineros debi\u00f3 una vez m\u00e1s hacer uso de sus armas de servicios para repeler el ataque, tras esta acci\u00f3n la conductora huy\u00f3 hacia la parte alta de la ciudad, siendo interceptada en las cercan\u00edas de calle Campos de Hielo, donde finalmente la mujer fue detenida. Adem\u00e1s fue detenida una segunda persona (tambi\u00e9n mujer), quien se opuso al procedimiento.<\/p>\n<p style=\"text-align: justify;\">Herrera, indic\u00f3 que a esta hora se realizan una serie de diligencias, pues existe un segundo denunciante que responsabiliza a la misma mujer, por da\u00f1os que habr\u00eda ocasionado en su veh\u00edculo particular, se est\u00e1n tomando declaraciones a testigos que se encontraban en el lugar, como tambi\u00e9n se est\u00e1n recopilando las im\u00e1genes, los peritajes est\u00e1n siendo desarrollados por parte de Labocar en coordinaci\u00f3n con la Fiscal\u00eda.<\/p>\n<p style=\"text-align: justify;\">En tanto, la suboficial que fue atropellada fue derivada al Hospital Regional, se encuentra estable, a la espera de ex\u00e1menes para descartar cualquier compromiso \u00f3seo.<\/p>\n<p style=\"text-align: justify;\">Finalmente el Mayor Franco Herrera, descart\u00f3 que hubiesen personas lesionadas a causa de los disparos percutados por Carabineros en el procedimiento.<\/p>\n<\/div><\/section><\/div><div  style='height:50px' class='hr hr-invisible   avia-builder-el-6  el_after_av_one_full  el_before_av_social_share '><span class='hr-inner ' ><span class='hr-inner-style'><\/span><\/span><\/div><\/p>\n<div  class='av-social-sharing-box  avia-builder-el-7  el_after_av_hr  el_before_av_hr  '><div class='av-share-box'><h5 class='av-share-link-description av-no-toc '>Compartir esta noticia<\/h5><ul class='av-share-box-list noLightbox'><li class='av-share-link av-social-link-facebook' ><a target=\"_blank\" aria-label=\"Compartir en Facebook\" href='https:\/\/www.facebook.com\/sharer.php?u=https:\/\/radiorevelacionfm.cl\/?p=18450&#038;t=Confirman%20detenci%C3%B3n%20de%20mujer%20por%20delito%20de%20homicidio%20frustrado%20en%20contra%20de%20Carabineros%20de%20servicio%20en%20Coyhaique' aria-hidden='false' data-av_icon='\ue8f3' data-av_iconfont='entypo-fontello' title='' data-avia-related-tooltip='Compartir en Facebook' rel=\"noopener\"><span class='avia_hidden_link_text'>Compartir en Facebook<\/span><\/a><\/li><li class='av-share-link av-social-link-twitter' ><a target=\"_blank\" aria-label=\"Compartir en Twitter\" href='https:\/\/twitter.com\/share?text=Confirman%20detenci%C3%B3n%20de%20mujer%20por%20delito%20de%20homicidio%20frustrado%20en%20contra%20de%20Carabineros%20de%20servicio%20en%20Coyhaique&#038;url=https:\/\/radiorevelacionfm.cl\/?p=18450' aria-hidden='false' data-av_icon='\ue8f1' data-av_iconfont='entypo-fontello' title='' data-avia-related-tooltip='Compartir en Twitter' rel=\"noopener\"><span class='avia_hidden_link_text'>Compartir en Twitter<\/span><\/a><\/li><li class='av-share-link av-social-link-whatsapp' ><a target=\"_blank\" aria-label=\"Compartir en Whatsapp\" href='https:\/\/api.whatsapp.com\/send?text=https:\/\/radiorevelacionfm.cl\/?p=18450' aria-hidden='false' data-av_icon='\uf232' data-av_iconfont='entypo-fontello' title='' data-avia-related-tooltip='Compartir en Whatsapp' rel=\"noopener\"><span class='avia_hidden_link_text'>Compartir en Whatsapp<\/span><\/a><\/li><li class='av-share-link av-social-link-linkedin' ><a target=\"_blank\" aria-label=\"Compartir en LinkedIn\" href='https:\/\/linkedin.com\/shareArticle?mini=true&#038;title=Confirman%20detenci%C3%B3n%20de%20mujer%20por%20delito%20de%20homicidio%20frustrado%20en%20contra%20de%20Carabineros%20de%20servicio%20en%20Coyhaique&#038;url=https:\/\/radiorevelacionfm.cl\/?p=18450' aria-hidden='false' data-av_icon='\ue8fc' data-av_iconfont='entypo-fontello' title='' data-avia-related-tooltip='Compartir en LinkedIn' rel=\"noopener\"><span class='avia_hidden_link_text'>Compartir en LinkedIn<\/span><\/a><\/li><li class='av-share-link av-social-link-mail' ><a  aria-label=\"Compartir por correo\" href='mailto:?subject=Confirman%20detenci%C3%B3n%20de%20mujer%20por%20delito%20de%20homicidio%20frustrado%20en%20contra%20de%20Carabineros%20de%20servicio%20en%20Coyhaique&#038;body=https:\/\/radiorevelacionfm.cl\/?p=18450' aria-hidden='false' data-av_icon='\ue805' data-av_iconfont='entypo-fontello' title='' data-avia-related-tooltip='Compartir por correo'><span class='avia_hidden_link_text'>Compartir por correo<\/span><\/a><\/li><\/ul><\/div><\/div>\n<div  style='height:50px' class='hr hr-invisible   avia-builder-el-8  el_after_av_social_share  el_before_av_comments_list '><span class='hr-inner ' ><span class='hr-inner-style'><\/span><\/span><\/div>\n<div  class='av-buildercomment  av-blog-meta-html-info-disabled av-blog-meta-tag-disabled  '><\/div>\n","protected":false},"excerpt":{"rendered":"","protected":false},"author":1,"featured_media":18451,"comment_status":"open","ping_status":"open","sticky":false,"template":"","format":"standard","meta":{"footnotes":""},"categories":[36],"tags":[],"class_list":["post-18450","post","type-post","status-publish","format-standard","has-post-thumbnail","hentry","category-policial"],"jetpack_featured_media_url":"https:\/\/radiorevelacionfm.cl\/wp-content\/uploads\/2022\/06\/90ff34a7-1b0a-4941-849d-7b39543d8ddb-1-1_optimized.jpg","_links":{"self":[{"href":"https:\/\/radiorevelacionfm.cl\/index.php?rest_route=\/wp\/v2\/posts\/18450","targetHints":{"allow":["GET"]}}],"collection":[{"href":"https:\/\/radiorevelacionfm.cl\/index.php?rest_route=\/wp\/v2\/posts"}],"about":[{"href":"https:\/\/radiorevelacionfm.cl\/index.php?rest_route=\/wp\/v2\/types\/post"}],"author":[{"embeddable":true,"href":"https:\/\/radiorevelacionfm.cl\/index.php?rest_route=\/wp\/v2\/users\/1"}],"replies":[{"embeddable":true,"href":"https:\/\/radiorevelacionfm.cl\/index.php?rest_route=%2Fwp%2Fv2%2Fcomments&post=18450"}],"version-history":[{"count":7,"href":"https:\/\/radiorevelacionfm.cl\/index.php?rest_route=\/wp\/v2\/posts\/18450\/revisions"}],"predecessor-version":[{"id":18453,"href":"https:\/\/radiorevelacionfm.cl\/index.php?rest_route=\/wp\/v2\/posts\/18450\/revisions\/18453"}],"wp:featuredmedia":[{"embeddable":true,"href":"https:\/\/radiorevelacionfm.cl\/index.php?rest_route=\/wp\/v2\/media\/18451"}],"wp:attachment":[{"href":"https:\/\/radiorevelacionfm.cl\/index.php?rest_route=%2Fwp%2Fv2%2Fmedia&parent=18450"}],"wp:term":[{"taxonomy":"category","embeddable":true,"href":"https:\/\/radiorevelacionfm.cl\/index.php?rest_route=%2Fwp%2Fv2%2Fcategories&post=18450"},{"taxonomy":"post_tag","embeddable":true,"href":"https:\/\/radiorevelacionfm.cl\/index.php?rest_route=%2Fwp%2Fv2%2Ftags&post=18450"}],"curies":[{"name":"wp","href":"https:\/\/api.w.org\/{rel}","templated":true}]}}