{"id":18447,"date":"2022-06-25T12:18:45","date_gmt":"2022-06-25T15:18:45","guid":{"rendered":"https:\/\/radiorevelacionfm.cl\/?p=18447"},"modified":"2022-06-25T12:18:45","modified_gmt":"2022-06-25T15:18:45","slug":"ejercito-celebro-el-dia-del-suboficial-mayor","status":"publish","type":"post","link":"https:\/\/radiorevelacionfm.cl\/?p=18447","title":{"rendered":"Ej\u00e9rcito celebr\u00f3 el D\u00eda del Suboficial Mayor"},"content":{"rendered":"<div class=\"flex_column av_one_full  flex_column_div av-zero-column-padding first  avia-builder-el-0  el_before_av_one_full  avia-builder-el-first  \" style='border-radius:0px; '><div  class='avia-image-container  av-styling-    avia-builder-el-1  avia-builder-el-no-sibling  avia-align-center '  itemprop=\"image\" itemscope=\"itemscope\" itemtype=\"https:\/\/schema.org\/ImageObject\"  ><div class='avia-image-container-inner'><div class='avia-image-overlay-wrap'><img decoding=\"async\" class='wp-image-18448 avia-img-lazy-loading-not-18448 avia_image' src=\"https:\/\/radiorevelacionfm.cl\/wp-content\/uploads\/2022\/06\/ejercito-2022-06-23-1_optimized.jpeg\" alt='' title='ejercito-2022-06-23-(1)_optimized' height=\"600\" width=\"900\"  itemprop=\"thumbnailUrl\" srcset=\"https:\/\/radiorevelacionfm.cl\/wp-content\/uploads\/2022\/06\/ejercito-2022-06-23-1_optimized.jpeg 900w, https:\/\/radiorevelacionfm.cl\/wp-content\/uploads\/2022\/06\/ejercito-2022-06-23-1_optimized-300x200.jpeg 300w, https:\/\/radiorevelacionfm.cl\/wp-content\/uploads\/2022\/06\/ejercito-2022-06-23-1_optimized-768x512.jpeg 768w, https:\/\/radiorevelacionfm.cl\/wp-content\/uploads\/2022\/06\/ejercito-2022-06-23-1_optimized-705x470.jpeg 705w, https:\/\/radiorevelacionfm.cl\/wp-content\/uploads\/2022\/06\/ejercito-2022-06-23-1_optimized-600x400.jpeg 600w\" sizes=\"(max-width: 900px) 100vw, 900px\" \/><\/div><\/div><\/div><\/div><div class=\"flex_column av_one_full  flex_column_div av-zero-column-padding first  avia-builder-el-2  el_after_av_one_full  el_before_av_one_full  column-top-margin\" style='border-radius:0px; '><section class=\"av_textblock_section \"  itemscope=\"itemscope\" itemtype=\"https:\/\/schema.org\/BlogPosting\" itemprop=\"blogPost\" ><div class='avia_textblock  '   itemprop=\"text\" ><p style=\"text-align: center;\"><strong><span style=\"font-size: 18pt;\">Ej\u00e9rcito celebr\u00f3 el D\u00eda del Suboficial Mayor<\/span><\/strong><\/p>\n<div id=\"gtx-trans\" style=\"position: absolute; left: -50px; top: 4.31534px;\">\n<div class=\"gtx-trans-icon\"><\/div>\n<\/div>\n<\/div><\/section><\/div><div class=\"flex_column av_one_full  flex_column_div av-zero-column-padding first  avia-builder-el-4  el_after_av_one_full  el_before_av_hr  column-top-margin\" style='border-radius:0px; '><section class=\"av_textblock_section \"  itemscope=\"itemscope\" itemtype=\"https:\/\/schema.org\/BlogPosting\" itemprop=\"blogPost\" ><div class='avia_textblock  '   itemprop=\"text\" ><p style=\"text-align: justify;\">En el patio de formaci\u00f3n del Campo Militar \u201cCoyhaique\u201d se realiz\u00f3 la conmemoraci\u00f3n del nonag\u00e9simo aniversario del D\u00eda del Suboficial Mayor. La actividad fue presidida por el Comandante en Jefe de la IV Divisi\u00f3n de Ej\u00e9rcito, General de Brigada Luis Felipe P\u00e9rez Astorga y cont\u00f3 con las asistencias de autoridades militares.<\/p>\n<p style=\"text-align: justify;\">La celebraci\u00f3n tuvo como objetivo destacar la trayectoria profesional y la funci\u00f3n que cumplen los Suboficiales Mayores en las distintas Unidades de la Guarnici\u00f3n Militar \u201cCoyhaique\u201d, quienes han alcanzado el m\u00e1ximo grado del escalaf\u00f3n de Suboficiales.<\/p>\n<p style=\"text-align: justify;\">La alocuci\u00f3n estuvo a cargo del SOM Iv\u00e1n D\u00edaz Manso, quien resalt\u00f3 la importancia de quienes en la c\u00faspide de su carrera militar han servido por m\u00e1s de 30 a\u00f1os con abnegaci\u00f3n y lealtad constituyendo una herencia innegable de valor y ejemplo para las nuevas generaciones, recalcando la importancia de la vocaci\u00f3n permanente, donde la profesi\u00f3n militar es una forma de vida integral, siendo fundamental la preparaci\u00f3n profesional y capacitaci\u00f3n individual en las \u00e1reas de desarrollo acordes con las l\u00edneas de la carrera.<\/p>\n<p style=\"text-align: justify;\">Luego, se efectu\u00f3 un reconocimiento al personal de suboficiales con el fin de resaltar su trayectoria y logros alcanzados durante su carrera militar recibieron este a\u00f1o un est\u00edmulo de manos de los Comandantes de unidades acompa\u00f1ados de los Suboficiales Mayores.<\/p>\n<p style=\"text-align: justify;\">Finalmente, como una forma de dar un mayor realce a la ceremonia se enton\u00f3 el himno del Ej\u00e9rcito de Chile.<\/p>\n<\/div><\/section><\/div><div  style='height:50px' class='hr hr-invisible   avia-builder-el-6  el_after_av_one_full  el_before_av_social_share '><span class='hr-inner ' ><span class='hr-inner-style'><\/span><\/span><\/div><\/p>\n<div  class='av-social-sharing-box  avia-builder-el-7  el_after_av_hr  el_before_av_hr  '><div class='av-share-box'><h5 class='av-share-link-description av-no-toc '>Compartir esta noticia<\/h5><ul class='av-share-box-list noLightbox'><li class='av-share-link av-social-link-facebook' ><a target=\"_blank\" aria-label=\"Compartir en Facebook\" href='https:\/\/www.facebook.com\/sharer.php?u=https:\/\/radiorevelacionfm.cl\/?p=18447&#038;t=Ej%C3%A9rcito%20celebr%C3%B3%20el%20D%C3%ADa%20del%20Suboficial%20Mayor' aria-hidden='false' data-av_icon='\ue8f3' data-av_iconfont='entypo-fontello' title='' data-avia-related-tooltip='Compartir en Facebook' rel=\"noopener\"><span class='avia_hidden_link_text'>Compartir en Facebook<\/span><\/a><\/li><li class='av-share-link av-social-link-twitter' ><a target=\"_blank\" aria-label=\"Compartir en Twitter\" href='https:\/\/twitter.com\/share?text=Ej%C3%A9rcito%20celebr%C3%B3%20el%20D%C3%ADa%20del%20Suboficial%20Mayor&#038;url=https:\/\/radiorevelacionfm.cl\/?p=18447' aria-hidden='false' data-av_icon='\ue8f1' data-av_iconfont='entypo-fontello' title='' data-avia-related-tooltip='Compartir en Twitter' rel=\"noopener\"><span class='avia_hidden_link_text'>Compartir en Twitter<\/span><\/a><\/li><li class='av-share-link av-social-link-whatsapp' ><a target=\"_blank\" aria-label=\"Compartir en Whatsapp\" href='https:\/\/api.whatsapp.com\/send?text=https:\/\/radiorevelacionfm.cl\/?p=18447' aria-hidden='false' data-av_icon='\uf232' data-av_iconfont='entypo-fontello' title='' data-avia-related-tooltip='Compartir en Whatsapp' rel=\"noopener\"><span class='avia_hidden_link_text'>Compartir en Whatsapp<\/span><\/a><\/li><li class='av-share-link av-social-link-linkedin' ><a target=\"_blank\" aria-label=\"Compartir en LinkedIn\" href='https:\/\/linkedin.com\/shareArticle?mini=true&#038;title=Ej%C3%A9rcito%20celebr%C3%B3%20el%20D%C3%ADa%20del%20Suboficial%20Mayor&#038;url=https:\/\/radiorevelacionfm.cl\/?p=18447' aria-hidden='false' data-av_icon='\ue8fc' data-av_iconfont='entypo-fontello' title='' data-avia-related-tooltip='Compartir en LinkedIn' rel=\"noopener\"><span class='avia_hidden_link_text'>Compartir en LinkedIn<\/span><\/a><\/li><li class='av-share-link av-social-link-mail' ><a  aria-label=\"Compartir por correo\" href='mailto:?subject=Ej%C3%A9rcito%20celebr%C3%B3%20el%20D%C3%ADa%20del%20Suboficial%20Mayor&#038;body=https:\/\/radiorevelacionfm.cl\/?p=18447' aria-hidden='false' data-av_icon='\ue805' data-av_iconfont='entypo-fontello' title='' data-avia-related-tooltip='Compartir por correo'><span class='avia_hidden_link_text'>Compartir por correo<\/span><\/a><\/li><\/ul><\/div><\/div>\n<div  style='height:50px' class='hr hr-invisible   avia-builder-el-8  el_after_av_social_share  el_before_av_comments_list '><span class='hr-inner ' ><span class='hr-inner-style'><\/span><\/span><\/div>\n<div  class='av-buildercomment  av-blog-meta-html-info-disabled av-blog-meta-tag-disabled  '><\/div>\n","protected":false},"excerpt":{"rendered":"","protected":false},"author":1,"featured_media":18448,"comment_status":"open","ping_status":"open","sticky":false,"template":"","format":"standard","meta":{"footnotes":""},"categories":[38],"tags":[],"class_list":["post-18447","post","type-post","status-publish","format-standard","has-post-thumbnail","hentry","category-regional"],"jetpack_featured_media_url":"https:\/\/radiorevelacionfm.cl\/wp-content\/uploads\/2022\/06\/ejercito-2022-06-23-1_optimized.jpeg","_links":{"self":[{"href":"https:\/\/radiorevelacionfm.cl\/index.php?rest_route=\/wp\/v2\/posts\/18447","targetHints":{"allow":["GET"]}}],"collection":[{"href":"https:\/\/radiorevelacionfm.cl\/index.php?rest_route=\/wp\/v2\/posts"}],"about":[{"href":"https:\/\/radiorevelacionfm.cl\/index.php?rest_route=\/wp\/v2\/types\/post"}],"author":[{"embeddable":true,"href":"https:\/\/radiorevelacionfm.cl\/index.php?rest_route=\/wp\/v2\/users\/1"}],"replies":[{"embeddable":true,"href":"https:\/\/radiorevelacionfm.cl\/index.php?rest_route=%2Fwp%2Fv2%2Fcomments&post=18447"}],"version-history":[{"count":2,"href":"https:\/\/radiorevelacionfm.cl\/index.php?rest_route=\/wp\/v2\/posts\/18447\/revisions"}],"predecessor-version":[{"id":18463,"href":"https:\/\/radiorevelacionfm.cl\/index.php?rest_route=\/wp\/v2\/posts\/18447\/revisions\/18463"}],"wp:featuredmedia":[{"embeddable":true,"href":"https:\/\/radiorevelacionfm.cl\/index.php?rest_route=\/wp\/v2\/media\/18448"}],"wp:attachment":[{"href":"https:\/\/radiorevelacionfm.cl\/index.php?rest_route=%2Fwp%2Fv2%2Fmedia&parent=18447"}],"wp:term":[{"taxonomy":"category","embeddable":true,"href":"https:\/\/radiorevelacionfm.cl\/index.php?rest_route=%2Fwp%2Fv2%2Fcategories&post=18447"},{"taxonomy":"post_tag","embeddable":true,"href":"https:\/\/radiorevelacionfm.cl\/index.php?rest_route=%2Fwp%2Fv2%2Ftags&post=18447"}],"curies":[{"name":"wp","href":"https:\/\/api.w.org\/{rel}","templated":true}]}}