{"id":18442,"date":"2022-06-25T11:45:46","date_gmt":"2022-06-25T14:45:46","guid":{"rendered":"https:\/\/radiorevelacionfm.cl\/?p=18442"},"modified":"2022-06-25T11:45:46","modified_gmt":"2022-06-25T14:45:46","slug":"rector-del-cft-estatal-se-reunio-con-senadora-ximena-ordenes","status":"publish","type":"post","link":"https:\/\/radiorevelacionfm.cl\/?p=18442","title":{"rendered":"Rector del CFT Estatal se reuni\u00f3 con senadora Ximena \u00d3rdenes"},"content":{"rendered":"<div class=\"flex_column av_one_full  flex_column_div av-zero-column-padding first  avia-builder-el-0  el_before_av_one_full  avia-builder-el-first  \" style='border-radius:0px; '><div  class='avia-image-container  av-styling-    avia-builder-el-1  avia-builder-el-no-sibling  avia-align-center '  itemprop=\"image\" itemscope=\"itemscope\" itemtype=\"https:\/\/schema.org\/ImageObject\"  ><div class='avia-image-container-inner'><div class='avia-image-overlay-wrap'><img decoding=\"async\" class='wp-image-18443 avia-img-lazy-loading-not-18443 avia_image' src=\"https:\/\/radiorevelacionfm.cl\/wp-content\/uploads\/2022\/06\/image-53-1.jpg\" alt='' title='image (53) (1)' height=\"600\" width=\"1005\"  itemprop=\"thumbnailUrl\" srcset=\"https:\/\/radiorevelacionfm.cl\/wp-content\/uploads\/2022\/06\/image-53-1.jpg 1005w, https:\/\/radiorevelacionfm.cl\/wp-content\/uploads\/2022\/06\/image-53-1-300x179.jpg 300w, https:\/\/radiorevelacionfm.cl\/wp-content\/uploads\/2022\/06\/image-53-1-768x459.jpg 768w, https:\/\/radiorevelacionfm.cl\/wp-content\/uploads\/2022\/06\/image-53-1-705x421.jpg 705w, https:\/\/radiorevelacionfm.cl\/wp-content\/uploads\/2022\/06\/image-53-1-600x358.jpg 600w\" sizes=\"(max-width: 1005px) 100vw, 1005px\" \/><\/div><\/div><\/div><\/div><div class=\"flex_column av_one_full  flex_column_div av-zero-column-padding first  avia-builder-el-2  el_after_av_one_full  el_before_av_one_full  column-top-margin\" style='border-radius:0px; '><section class=\"av_textblock_section \"  itemscope=\"itemscope\" itemtype=\"https:\/\/schema.org\/BlogPosting\" itemprop=\"blogPost\" ><div class='avia_textblock  '   itemprop=\"text\" ><p style=\"text-align: center;\"><span style=\"font-size: 18pt;\"><strong>Rector del CFT Estatal se reuni\u00f3 con senadora Ximena \u00d3rdenes<\/strong><\/span><\/p>\n<div id=\"gtx-trans\" style=\"position: absolute; left: -50px; top: 4.31534px;\">\n<div class=\"gtx-trans-icon\"><\/div>\n<\/div>\n<\/div><\/section><\/div><div class=\"flex_column av_one_full  flex_column_div av-zero-column-padding first  avia-builder-el-4  el_after_av_one_full  el_before_av_hr  column-top-margin\" style='border-radius:0px; '><section class=\"av_textblock_section \"  itemscope=\"itemscope\" itemtype=\"https:\/\/schema.org\/BlogPosting\" itemprop=\"blogPost\" ><div class='avia_textblock  '   itemprop=\"text\" ><p style=\"text-align: justify;\">Hasta la oficina de la Senadora Sra. Ximena \u00d3rdenes lleg\u00f3 el Rector del Centro de Formaci\u00f3n T\u00e9cnica Estatal de Ays\u00e9n Sr. V\u00edctor Hugo \u00c1lvarez con el fin de poder acercar este proyecto a la autoridad nacional y proyectar lineamientos acad\u00e9micos en favor de los\/as estudiantes de Ays\u00e9n.<\/p>\n<p style=\"text-align: justify;\">La Parlamentaria por la regi\u00f3n de Ays\u00e9n se mostr\u00f3 contenta porque este proyecto educativo que era un sue\u00f1o hace algunos a\u00f1os hoy sea ya una realidad \u201cexpresar mi alegr\u00eda porque el CFT ya est\u00e1 funcionando, que al menos tengamos implementado las \u00e1reas de log\u00edstica y de administraci\u00f3n p\u00fablica es un primer paso importante y que abre paso a futuro respecto a otras \u00e1reas, que puede ser la construcci\u00f3n el turismo, \u00e1reas que se definir\u00e1n obviamente con la comunidad, me alegra mucho que este compromiso que se adopt\u00f3 en el pasado hoy tenga expresi\u00f3n y la expresi\u00f3n que sea en Puerto Ays\u00e9n porqu\u00e9 se sugiri\u00f3 en su \u00e9poca\u201d dec\u00eda la Senadora Ximena \u00d3rdenes.<\/p>\n<p style=\"text-align: justify;\">Este es el comienzo de reuniones con Parlamentarios de la regi\u00f3n seg\u00fan lo expresado por el Rector del CFT V\u00edctor Hugo \u00c1lvarez \u201cla reuni\u00f3n con los Parlamentarios es muy importante para nuestro Centro de Formaci\u00f3n T\u00e9cnica Estatal, hemos comenzado con nuestra Senadora qui\u00e9n est\u00e1 muy encantada con el proyecto, estuvimos conversando de la infraestructura, de la operaci\u00f3n acad\u00e9mica, ella est\u00e1 muy involucrada en este proyecto y es muy importante que todo nuestros Parlamentarios conozcan y en conjunto desarrollemos esta herramienta de progreso y desarrollo para los habitantes de la regi\u00f3n, provincia y del litoral aisenino\u201d.<\/p>\n<p style=\"text-align: justify;\">En este encuentro particip\u00f3 de igual manera el Fiscal del CFT Selim Carrasco y el Concejal de la comuna Jorge Figueroa.<\/p>\n<\/div><\/section><\/div><div  style='height:50px' class='hr hr-invisible   avia-builder-el-6  el_after_av_one_full  el_before_av_social_share '><span class='hr-inner ' ><span class='hr-inner-style'><\/span><\/span><\/div><\/p>\n<div  class='av-social-sharing-box  avia-builder-el-7  el_after_av_hr  el_before_av_hr  '><div class='av-share-box'><h5 class='av-share-link-description av-no-toc '>Compartir esta noticia<\/h5><ul class='av-share-box-list noLightbox'><li class='av-share-link av-social-link-facebook' ><a target=\"_blank\" aria-label=\"Compartir en Facebook\" href='https:\/\/www.facebook.com\/sharer.php?u=https:\/\/radiorevelacionfm.cl\/?p=18442&#038;t=Rector%20del%20CFT%20Estatal%20se%20reuni%C3%B3%20con%20senadora%20Ximena%20%C3%93rdenes' aria-hidden='false' data-av_icon='\ue8f3' data-av_iconfont='entypo-fontello' title='' data-avia-related-tooltip='Compartir en Facebook' rel=\"noopener\"><span class='avia_hidden_link_text'>Compartir en Facebook<\/span><\/a><\/li><li class='av-share-link av-social-link-twitter' ><a target=\"_blank\" aria-label=\"Compartir en Twitter\" href='https:\/\/twitter.com\/share?text=Rector%20del%20CFT%20Estatal%20se%20reuni%C3%B3%20con%20senadora%20Ximena%20%C3%93rdenes&#038;url=https:\/\/radiorevelacionfm.cl\/?p=18442' aria-hidden='false' data-av_icon='\ue8f1' data-av_iconfont='entypo-fontello' title='' data-avia-related-tooltip='Compartir en Twitter' rel=\"noopener\"><span class='avia_hidden_link_text'>Compartir en Twitter<\/span><\/a><\/li><li class='av-share-link av-social-link-whatsapp' ><a target=\"_blank\" aria-label=\"Compartir en Whatsapp\" href='https:\/\/api.whatsapp.com\/send?text=https:\/\/radiorevelacionfm.cl\/?p=18442' aria-hidden='false' data-av_icon='\uf232' data-av_iconfont='entypo-fontello' title='' data-avia-related-tooltip='Compartir en Whatsapp' rel=\"noopener\"><span class='avia_hidden_link_text'>Compartir en Whatsapp<\/span><\/a><\/li><li class='av-share-link av-social-link-linkedin' ><a target=\"_blank\" aria-label=\"Compartir en LinkedIn\" href='https:\/\/linkedin.com\/shareArticle?mini=true&#038;title=Rector%20del%20CFT%20Estatal%20se%20reuni%C3%B3%20con%20senadora%20Ximena%20%C3%93rdenes&#038;url=https:\/\/radiorevelacionfm.cl\/?p=18442' aria-hidden='false' data-av_icon='\ue8fc' data-av_iconfont='entypo-fontello' title='' data-avia-related-tooltip='Compartir en LinkedIn' rel=\"noopener\"><span class='avia_hidden_link_text'>Compartir en LinkedIn<\/span><\/a><\/li><li class='av-share-link av-social-link-mail' ><a  aria-label=\"Compartir por correo\" href='mailto:?subject=Rector%20del%20CFT%20Estatal%20se%20reuni%C3%B3%20con%20senadora%20Ximena%20%C3%93rdenes&#038;body=https:\/\/radiorevelacionfm.cl\/?p=18442' aria-hidden='false' data-av_icon='\ue805' data-av_iconfont='entypo-fontello' title='' data-avia-related-tooltip='Compartir por correo'><span class='avia_hidden_link_text'>Compartir por correo<\/span><\/a><\/li><\/ul><\/div><\/div>\n<div  style='height:50px' class='hr hr-invisible   avia-builder-el-8  el_after_av_social_share  el_before_av_comments_list '><span class='hr-inner ' ><span class='hr-inner-style'><\/span><\/span><\/div>\n<div  class='av-buildercomment  av-blog-meta-html-info-disabled av-blog-meta-tag-disabled  '><\/div>\n","protected":false},"excerpt":{"rendered":"","protected":false},"author":1,"featured_media":18443,"comment_status":"open","ping_status":"open","sticky":false,"template":"","format":"standard","meta":{"footnotes":""},"categories":[35],"tags":[],"class_list":["post-18442","post","type-post","status-publish","format-standard","has-post-thumbnail","hentry","category-politica"],"jetpack_featured_media_url":"https:\/\/radiorevelacionfm.cl\/wp-content\/uploads\/2022\/06\/image-53-1.jpg","_links":{"self":[{"href":"https:\/\/radiorevelacionfm.cl\/index.php?rest_route=\/wp\/v2\/posts\/18442","targetHints":{"allow":["GET"]}}],"collection":[{"href":"https:\/\/radiorevelacionfm.cl\/index.php?rest_route=\/wp\/v2\/posts"}],"about":[{"href":"https:\/\/radiorevelacionfm.cl\/index.php?rest_route=\/wp\/v2\/types\/post"}],"author":[{"embeddable":true,"href":"https:\/\/radiorevelacionfm.cl\/index.php?rest_route=\/wp\/v2\/users\/1"}],"replies":[{"embeddable":true,"href":"https:\/\/radiorevelacionfm.cl\/index.php?rest_route=%2Fwp%2Fv2%2Fcomments&post=18442"}],"version-history":[{"count":2,"href":"https:\/\/radiorevelacionfm.cl\/index.php?rest_route=\/wp\/v2\/posts\/18442\/revisions"}],"predecessor-version":[{"id":18462,"href":"https:\/\/radiorevelacionfm.cl\/index.php?rest_route=\/wp\/v2\/posts\/18442\/revisions\/18462"}],"wp:featuredmedia":[{"embeddable":true,"href":"https:\/\/radiorevelacionfm.cl\/index.php?rest_route=\/wp\/v2\/media\/18443"}],"wp:attachment":[{"href":"https:\/\/radiorevelacionfm.cl\/index.php?rest_route=%2Fwp%2Fv2%2Fmedia&parent=18442"}],"wp:term":[{"taxonomy":"category","embeddable":true,"href":"https:\/\/radiorevelacionfm.cl\/index.php?rest_route=%2Fwp%2Fv2%2Fcategories&post=18442"},{"taxonomy":"post_tag","embeddable":true,"href":"https:\/\/radiorevelacionfm.cl\/index.php?rest_route=%2Fwp%2Fv2%2Ftags&post=18442"}],"curies":[{"name":"wp","href":"https:\/\/api.w.org\/{rel}","templated":true}]}}