{"id":18439,"date":"2022-06-24T22:48:03","date_gmt":"2022-06-25T01:48:03","guid":{"rendered":"https:\/\/radiorevelacionfm.cl\/?p=18439"},"modified":"2022-06-24T22:48:03","modified_gmt":"2022-06-25T01:48:03","slug":"este-sabado-realizaran-dialogos-ciudadanos-del-programa-gobierno-en-terreno","status":"publish","type":"post","link":"https:\/\/radiorevelacionfm.cl\/?p=18439","title":{"rendered":"Este s\u00e1bado realizar\u00e1n di\u00e1logos ciudadanos del Programa Gobierno en Terreno"},"content":{"rendered":"<div class=\"flex_column av_one_full  flex_column_div av-zero-column-padding first  avia-builder-el-0  el_before_av_one_full  avia-builder-el-first  \" style='border-radius:0px; '><div  class='avia-image-container  av-styling-    avia-builder-el-1  avia-builder-el-no-sibling  avia-align-center '  itemprop=\"image\" itemscope=\"itemscope\" itemtype=\"https:\/\/schema.org\/ImageObject\"  ><div class='avia-image-container-inner'><div class='avia-image-overlay-wrap'><img decoding=\"async\" class='wp-image-18440 avia-img-lazy-loading-not-18440 avia_image' src=\"https:\/\/radiorevelacionfm.cl\/wp-content\/uploads\/2022\/06\/IMG_5593-1-1.jpg\" alt='' title='IMG_5593 (1) (1)' height=\"600\" width=\"870\"  itemprop=\"thumbnailUrl\" srcset=\"https:\/\/radiorevelacionfm.cl\/wp-content\/uploads\/2022\/06\/IMG_5593-1-1.jpg 870w, https:\/\/radiorevelacionfm.cl\/wp-content\/uploads\/2022\/06\/IMG_5593-1-1-300x207.jpg 300w, https:\/\/radiorevelacionfm.cl\/wp-content\/uploads\/2022\/06\/IMG_5593-1-1-768x530.jpg 768w, https:\/\/radiorevelacionfm.cl\/wp-content\/uploads\/2022\/06\/IMG_5593-1-1-705x486.jpg 705w, https:\/\/radiorevelacionfm.cl\/wp-content\/uploads\/2022\/06\/IMG_5593-1-1-600x414.jpg 600w\" sizes=\"(max-width: 870px) 100vw, 870px\" \/><\/div><\/div><\/div><\/div><div class=\"flex_column av_one_full  flex_column_div av-zero-column-padding first  avia-builder-el-2  el_after_av_one_full  el_before_av_one_full  column-top-margin\" style='border-radius:0px; '><section class=\"av_textblock_section \"  itemscope=\"itemscope\" itemtype=\"https:\/\/schema.org\/BlogPosting\" itemprop=\"blogPost\" ><div class='avia_textblock  '   itemprop=\"text\" ><p style=\"text-align: center;\"><strong><span style=\"font-size: 18pt;\">Este s\u00e1bado realizar\u00e1n di\u00e1logos ciudadanos del Programa Gobierno en Terreno<\/span><\/strong><\/p>\n<div id=\"gtx-trans\" style=\"position: absolute; left: -50px; top: 4.31534px;\">\n<div class=\"gtx-trans-icon\"><\/div>\n<\/div>\n<\/div><\/section><\/div><div class=\"flex_column av_one_full  flex_column_div av-zero-column-padding first  avia-builder-el-4  el_after_av_one_full  el_before_av_hr  column-top-margin\" style='border-radius:0px; '><section class=\"av_textblock_section \"  itemscope=\"itemscope\" itemtype=\"https:\/\/schema.org\/BlogPosting\" itemprop=\"blogPost\" ><div class='avia_textblock  '   itemprop=\"text\" ><p style=\"font-weight: 400; text-align: justify;\">Con el objetivo de facilitar las instancias de di\u00e1logo ciudadano entre instituciones p\u00fablicas y comunidad, este s\u00e1bado 25 de junio se desarrollar\u00e1n plazas ciudadanas en las cuatro provincias de la regi\u00f3n, enmarcadas en el Programa Gobierno en Terreno.<\/p>\n<p style=\"font-weight: 400; text-align: justify;\">El Delegado Presidencial Regional, Rodrigo Araya Morales, indic\u00f3 que todo el gabinete participar\u00e1 en alguna de las cuatro instancias, con el objetivo de dialogar en torno a las acciones realizadas en estos tres meses de gobierno y las proyecciones de la gesti\u00f3n p\u00fablica 2022-2023.<\/p>\n<p style=\"font-weight: 400; text-align: justify;\">En este sentido invit\u00f3 a participar y formular consultas relacionadas con el quehacer de las distintas reparticiones.<\/p>\n<p style=\"font-weight: 400; text-align: justify;\">\u201cUn encuentro con servicios p\u00fablicos, un di\u00e1logo ciudadano, donde podamos compartir con distintos servicios p\u00fablicos de distintas seremis, que van a poder informar acerca de lo acontecido en estos cien d\u00edas de gobierno y tambi\u00e9n de lo que vamos a hacer en 2022-2023\u201d, expres\u00f3.<\/p>\n<p style=\"font-weight: 400; text-align: justify;\">En Coyhaique el di\u00e1logo se realizar\u00e1 en la sede Gabriela Mistral, ubicada en Bilbao 1468, desde las 15 horas, con participaci\u00f3n del Delegado Presidencial Regional, junto con los seremis de Medio Ambiente, Vivienda y Urbanismo, Justicia y Derechos Humanos, Desarrollo Social y Familia, Cultura y Coordinador Regional de Seguridad P\u00fablica.<\/p>\n<p style=\"font-weight: 400; text-align: justify;\">En Ays\u00e9n la instancia se desarrollar\u00e1 en la junta vecinal n\u00b08 Pedro Aguirre Cerda, ubicada en Eusebio Ibar 1110, desde las 15 horas con participaci\u00f3n del Delegado Presidencial Provincial y los seremis de Agricultura, Mujer y Equidad de G\u00e9nero, Energ\u00eda y Gobierno.<\/p>\n<p style=\"font-weight: 400; text-align: justify;\">La Delegaci\u00f3n Presidencial Provincial General Carrera atender\u00e1 junto a las secretar\u00edas regionales ministeriales de Obras P\u00fablicas, Transportes y Telecomunicaciones Salud y Deporte en la Casa de la Cultura, ubicada en Bernardo O\u00b4Higgins 496, de Chile Chico.<\/p>\n<p style=\"font-weight: 400; text-align: justify;\">La Delegaci\u00f3n Presidencial Provincial Capit\u00e1n Prat atender\u00e1 en la sala de reuniones del Mercado Municipal de Cochrane con los seremis del Trabajo y Previsi\u00f3n Social, Bienes Nacionales, Econom\u00eda y Educaci\u00f3n.<\/p>\n<\/div><\/section><\/div><div  style='height:50px' class='hr hr-invisible   avia-builder-el-6  el_after_av_one_full  el_before_av_social_share '><span class='hr-inner ' ><span class='hr-inner-style'><\/span><\/span><\/div><\/p>\n<div  class='av-social-sharing-box  avia-builder-el-7  el_after_av_hr  el_before_av_hr  '><div class='av-share-box'><h5 class='av-share-link-description av-no-toc '>Compartir esta noticia<\/h5><ul class='av-share-box-list noLightbox'><li class='av-share-link av-social-link-facebook' ><a target=\"_blank\" aria-label=\"Compartir en Facebook\" href='https:\/\/www.facebook.com\/sharer.php?u=https:\/\/radiorevelacionfm.cl\/?p=18439&#038;t=Este%20s%C3%A1bado%20realizar%C3%A1n%20di%C3%A1logos%20ciudadanos%20del%20Programa%20Gobierno%20en%20Terreno' aria-hidden='false' data-av_icon='\ue8f3' data-av_iconfont='entypo-fontello' title='' data-avia-related-tooltip='Compartir en Facebook' rel=\"noopener\"><span class='avia_hidden_link_text'>Compartir en Facebook<\/span><\/a><\/li><li class='av-share-link av-social-link-twitter' ><a target=\"_blank\" aria-label=\"Compartir en Twitter\" href='https:\/\/twitter.com\/share?text=Este%20s%C3%A1bado%20realizar%C3%A1n%20di%C3%A1logos%20ciudadanos%20del%20Programa%20Gobierno%20en%20Terreno&#038;url=https:\/\/radiorevelacionfm.cl\/?p=18439' aria-hidden='false' data-av_icon='\ue8f1' data-av_iconfont='entypo-fontello' title='' data-avia-related-tooltip='Compartir en Twitter' rel=\"noopener\"><span class='avia_hidden_link_text'>Compartir en Twitter<\/span><\/a><\/li><li class='av-share-link av-social-link-whatsapp' ><a target=\"_blank\" aria-label=\"Compartir en Whatsapp\" href='https:\/\/api.whatsapp.com\/send?text=https:\/\/radiorevelacionfm.cl\/?p=18439' aria-hidden='false' data-av_icon='\uf232' data-av_iconfont='entypo-fontello' title='' data-avia-related-tooltip='Compartir en Whatsapp' rel=\"noopener\"><span class='avia_hidden_link_text'>Compartir en Whatsapp<\/span><\/a><\/li><li class='av-share-link av-social-link-linkedin' ><a target=\"_blank\" aria-label=\"Compartir en LinkedIn\" href='https:\/\/linkedin.com\/shareArticle?mini=true&#038;title=Este%20s%C3%A1bado%20realizar%C3%A1n%20di%C3%A1logos%20ciudadanos%20del%20Programa%20Gobierno%20en%20Terreno&#038;url=https:\/\/radiorevelacionfm.cl\/?p=18439' aria-hidden='false' data-av_icon='\ue8fc' data-av_iconfont='entypo-fontello' title='' data-avia-related-tooltip='Compartir en LinkedIn' rel=\"noopener\"><span class='avia_hidden_link_text'>Compartir en LinkedIn<\/span><\/a><\/li><li class='av-share-link av-social-link-mail' ><a  aria-label=\"Compartir por correo\" href='mailto:?subject=Este%20s%C3%A1bado%20realizar%C3%A1n%20di%C3%A1logos%20ciudadanos%20del%20Programa%20Gobierno%20en%20Terreno&#038;body=https:\/\/radiorevelacionfm.cl\/?p=18439' aria-hidden='false' data-av_icon='\ue805' data-av_iconfont='entypo-fontello' title='' data-avia-related-tooltip='Compartir por correo'><span class='avia_hidden_link_text'>Compartir por correo<\/span><\/a><\/li><\/ul><\/div><\/div>\n<div  style='height:50px' class='hr hr-invisible   avia-builder-el-8  el_after_av_social_share  el_before_av_comments_list '><span class='hr-inner ' ><span class='hr-inner-style'><\/span><\/span><\/div>\n<div  class='av-buildercomment  av-blog-meta-html-info-disabled av-blog-meta-tag-disabled  '><\/div>\n","protected":false},"excerpt":{"rendered":"","protected":false},"author":1,"featured_media":18440,"comment_status":"open","ping_status":"open","sticky":false,"template":"","format":"standard","meta":{"footnotes":""},"categories":[38],"tags":[],"class_list":["post-18439","post","type-post","status-publish","format-standard","has-post-thumbnail","hentry","category-regional"],"jetpack_featured_media_url":"https:\/\/radiorevelacionfm.cl\/wp-content\/uploads\/2022\/06\/IMG_5593-1-1.jpg","_links":{"self":[{"href":"https:\/\/radiorevelacionfm.cl\/index.php?rest_route=\/wp\/v2\/posts\/18439","targetHints":{"allow":["GET"]}}],"collection":[{"href":"https:\/\/radiorevelacionfm.cl\/index.php?rest_route=\/wp\/v2\/posts"}],"about":[{"href":"https:\/\/radiorevelacionfm.cl\/index.php?rest_route=\/wp\/v2\/types\/post"}],"author":[{"embeddable":true,"href":"https:\/\/radiorevelacionfm.cl\/index.php?rest_route=\/wp\/v2\/users\/1"}],"replies":[{"embeddable":true,"href":"https:\/\/radiorevelacionfm.cl\/index.php?rest_route=%2Fwp%2Fv2%2Fcomments&post=18439"}],"version-history":[{"count":2,"href":"https:\/\/radiorevelacionfm.cl\/index.php?rest_route=\/wp\/v2\/posts\/18439\/revisions"}],"predecessor-version":[{"id":18446,"href":"https:\/\/radiorevelacionfm.cl\/index.php?rest_route=\/wp\/v2\/posts\/18439\/revisions\/18446"}],"wp:featuredmedia":[{"embeddable":true,"href":"https:\/\/radiorevelacionfm.cl\/index.php?rest_route=\/wp\/v2\/media\/18440"}],"wp:attachment":[{"href":"https:\/\/radiorevelacionfm.cl\/index.php?rest_route=%2Fwp%2Fv2%2Fmedia&parent=18439"}],"wp:term":[{"taxonomy":"category","embeddable":true,"href":"https:\/\/radiorevelacionfm.cl\/index.php?rest_route=%2Fwp%2Fv2%2Fcategories&post=18439"},{"taxonomy":"post_tag","embeddable":true,"href":"https:\/\/radiorevelacionfm.cl\/index.php?rest_route=%2Fwp%2Fv2%2Ftags&post=18439"}],"curies":[{"name":"wp","href":"https:\/\/api.w.org\/{rel}","templated":true}]}}