{"id":18427,"date":"2022-06-25T11:26:07","date_gmt":"2022-06-25T14:26:07","guid":{"rendered":"https:\/\/radiorevelacionfm.cl\/?p=18427"},"modified":"2022-06-25T11:26:07","modified_gmt":"2022-06-25T14:26:07","slug":"realizaran-capacitacion-tecnica-de-iniciacion-al-tenis-de-mesa-y-arbitraje-en-coyhaique","status":"publish","type":"post","link":"https:\/\/radiorevelacionfm.cl\/?p=18427","title":{"rendered":"Realizar\u00e1n capacitaci\u00f3n t\u00e9cnica de iniciaci\u00f3n al Tenis de Mesa y Arbitraje en Coyhaique"},"content":{"rendered":"<div class=\"flex_column av_one_full  flex_column_div av-zero-column-padding first  avia-builder-el-0  el_before_av_one_full  avia-builder-el-first  \" style='border-radius:0px; '><div  class='avia-image-container  av-styling-    avia-builder-el-1  avia-builder-el-no-sibling  avia-align-center '  itemprop=\"image\" itemscope=\"itemscope\" itemtype=\"https:\/\/schema.org\/ImageObject\"  ><div class='avia-image-container-inner'><div class='avia-image-overlay-wrap'><img decoding=\"async\" class='wp-image-18429 avia-img-lazy-loading-not-18429 avia_image' src=\"https:\/\/radiorevelacionfm.cl\/wp-content\/uploads\/2022\/06\/arbitro-6-1-1.jpg\" alt='' title='arbitro 6 (1) (1)' height=\"600\" width=\"900\"  itemprop=\"thumbnailUrl\" srcset=\"https:\/\/radiorevelacionfm.cl\/wp-content\/uploads\/2022\/06\/arbitro-6-1-1.jpg 900w, https:\/\/radiorevelacionfm.cl\/wp-content\/uploads\/2022\/06\/arbitro-6-1-1-300x200.jpg 300w, https:\/\/radiorevelacionfm.cl\/wp-content\/uploads\/2022\/06\/arbitro-6-1-1-768x512.jpg 768w, https:\/\/radiorevelacionfm.cl\/wp-content\/uploads\/2022\/06\/arbitro-6-1-1-705x470.jpg 705w, https:\/\/radiorevelacionfm.cl\/wp-content\/uploads\/2022\/06\/arbitro-6-1-1-600x400.jpg 600w\" sizes=\"(max-width: 900px) 100vw, 900px\" \/><\/div><\/div><\/div><\/div><div class=\"flex_column av_one_full  flex_column_div av-zero-column-padding first  avia-builder-el-2  el_after_av_one_full  el_before_av_one_full  column-top-margin\" style='border-radius:0px; '><section class=\"av_textblock_section \"  itemscope=\"itemscope\" itemtype=\"https:\/\/schema.org\/BlogPosting\" itemprop=\"blogPost\" ><div class='avia_textblock  '   itemprop=\"text\" ><p style=\"text-align: center;\"><strong><span style=\"font-size: 18pt;\"> Realizar\u00e1n capacitaci\u00f3n t\u00e9cnica de iniciaci\u00f3n al Tenis de Mesa y Arbitraje en Coyhaique <\/span><\/strong><\/p>\n<div id=\"gtx-trans\" style=\"position: absolute; left: -50px; top: 4.31534px;\">\n<div class=\"gtx-trans-icon\"><\/div>\n<\/div>\n<\/div><\/section><\/div><div class=\"flex_column av_one_full  flex_column_div av-zero-column-padding first  avia-builder-el-4  el_after_av_one_full  el_before_av_hr  column-top-margin\" style='border-radius:0px; '><section class=\"av_textblock_section \"  itemscope=\"itemscope\" itemtype=\"https:\/\/schema.org\/BlogPosting\" itemprop=\"blogPost\" ><div class='avia_textblock  '   itemprop=\"text\" ><p class=\"v1MsoNormal\" style=\"text-align: justify;\">La capacitaci\u00f3n presencial que se desarrollar\u00e1 los d\u00edas 29 y 30 de junio est\u00e1 dirigida a j\u00f3venes, adultos, estudiantes, adultos mayores, profesores de educaci\u00f3n f\u00edsica y deportistas interesados en perfeccionarse y adquirir nuevos conocimientos de esta disciplina deportiva; adem\u00e1s se entregar\u00e1 un diploma por parte de la FechitemeM\u00e1ster, con el objetivo de que los participantes puedan aplicar los conocimientos de arbitraje en campeonatos escolares, universitarios, clubes deportivos y participar como \u00e1rbitros remunerados en el Campeonato Nacional de Tenis de Mesa M\u00e1ster que se planifica realizar en la regi\u00f3n de Ays\u00e9n el \u00faltimo semestre de este a\u00f1o.<\/p>\n<p class=\"v1MsoNormal\" style=\"text-align: justify;\">La Seremi de Deportes, Mar\u00eda Eugenia Dur\u00e1n Jara destac\u00f3 la iniciativa y se\u00f1al\u00f3 \u00abeste ser\u00e1 un gran aporte para el desarrollo de esta disciplina en nuestra regi\u00f3n, es una capacitaci\u00f3n gratuita y presencial y es el resultado de un trabajo colaborativo entre la Federaci\u00f3n Chilena de Tenis de Mesa M\u00e1ster, el IND regional, la Universidad de Ays\u00e9n y nosotros como Ministerio del Deporte, con el objetivo de \u00a0actualizar conocimientos y aumentar el recurso humano para el control t\u00e9cnico del arbitraje, y est\u00e1 dirigida a toda la comunidad y especialmente a estudiantes, profesores de Educaci\u00f3n F\u00edsica que trabajan en colegios y liceos, as\u00ed como como a aficionados y deportistas, pensando tambi\u00e9n en mejorar la organizaci\u00f3n de torneos y campeonatos escolares, ligas de Educaci\u00f3n Superior y tambi\u00e9n para impulsar el tenis de mesa adaptado en establecimientos educacionales en las 10 comunas de nuestra regi\u00f3n\u00bb.<\/p>\n<p class=\"v1MsoNormal\" style=\"text-align: justify;\">Asimismo, Francisco Vio Giacaman, Coordinador de Actividad F\u00edsica y Recreaci\u00f3n, de la Universidad de Ays\u00e9n se\u00f1al\u00f3: \u00abComo universidad estatal y regional tenemos la responsabilidad y mandato de involucrarnos y participar del quehacer regional, aportando al desarrollo del territorio en todos sus aspectos. Como universidad estamos muy contentos de ser sede para esta iniciativa, y esperamos poder contribuir en desarrollar actividades como estas que van a contribuir, potenciar y fortalecer las capacidades locales de arbitraje para este deporte y otros. Estamos ocupados pensando y prepar\u00e1ndonos para contribuir a los juegos de la Araucan\u00eda del 2024 que se desarrollaran en nuestra regi\u00f3n\u00bb.<\/p>\n<p class=\"v1MsoNormal\" style=\"text-align: justify;\">La capacitaci\u00f3n comienza el d\u00eda mi\u00e9rcoles 29 de junio de 15:00 a 19:00 horas y contin\u00faa el jueves 30 de junio de 09:00 a 13:15 horas, en el Centro De Desarrollo Estudiantil \u00a0(CEDE), calle Obispo Vielmo #80, y entre los temas a desarrollar destaca;\u00a0 teor\u00eda b\u00e1sica del tenis de mesa, golpes b\u00e1sicos del tenis de mesa, iniciaci\u00f3n al arbitraje, reglamentaci\u00f3n, organizaci\u00f3n de competencias, aplicaci\u00f3n de arbitraje y campeonato interno.<\/p>\n<\/div><\/section><\/div><div  style='height:50px' class='hr hr-invisible   avia-builder-el-6  el_after_av_one_full  el_before_av_social_share '><span class='hr-inner ' ><span class='hr-inner-style'><\/span><\/span><\/div><\/p>\n<div  class='av-social-sharing-box  avia-builder-el-7  el_after_av_hr  el_before_av_hr  '><div class='av-share-box'><h5 class='av-share-link-description av-no-toc '>Compartir esta noticia<\/h5><ul class='av-share-box-list noLightbox'><li class='av-share-link av-social-link-facebook' ><a target=\"_blank\" aria-label=\"Compartir en Facebook\" href='https:\/\/www.facebook.com\/sharer.php?u=https:\/\/radiorevelacionfm.cl\/?p=18427&#038;t=Realizar%C3%A1n%20capacitaci%C3%B3n%20t%C3%A9cnica%20de%20iniciaci%C3%B3n%20al%20Tenis%20de%20Mesa%20y%20Arbitraje%20en%20Coyhaique' aria-hidden='false' data-av_icon='\ue8f3' data-av_iconfont='entypo-fontello' title='' data-avia-related-tooltip='Compartir en Facebook' rel=\"noopener\"><span class='avia_hidden_link_text'>Compartir en Facebook<\/span><\/a><\/li><li class='av-share-link av-social-link-twitter' ><a target=\"_blank\" aria-label=\"Compartir en Twitter\" href='https:\/\/twitter.com\/share?text=Realizar%C3%A1n%20capacitaci%C3%B3n%20t%C3%A9cnica%20de%20iniciaci%C3%B3n%20al%20Tenis%20de%20Mesa%20y%20Arbitraje%20en%20Coyhaique&#038;url=https:\/\/radiorevelacionfm.cl\/?p=18427' aria-hidden='false' data-av_icon='\ue8f1' data-av_iconfont='entypo-fontello' title='' data-avia-related-tooltip='Compartir en Twitter' rel=\"noopener\"><span class='avia_hidden_link_text'>Compartir en Twitter<\/span><\/a><\/li><li class='av-share-link av-social-link-whatsapp' ><a target=\"_blank\" aria-label=\"Compartir en Whatsapp\" href='https:\/\/api.whatsapp.com\/send?text=https:\/\/radiorevelacionfm.cl\/?p=18427' aria-hidden='false' data-av_icon='\uf232' data-av_iconfont='entypo-fontello' title='' data-avia-related-tooltip='Compartir en Whatsapp' rel=\"noopener\"><span class='avia_hidden_link_text'>Compartir en Whatsapp<\/span><\/a><\/li><li class='av-share-link av-social-link-linkedin' ><a target=\"_blank\" aria-label=\"Compartir en LinkedIn\" href='https:\/\/linkedin.com\/shareArticle?mini=true&#038;title=Realizar%C3%A1n%20capacitaci%C3%B3n%20t%C3%A9cnica%20de%20iniciaci%C3%B3n%20al%20Tenis%20de%20Mesa%20y%20Arbitraje%20en%20Coyhaique&#038;url=https:\/\/radiorevelacionfm.cl\/?p=18427' aria-hidden='false' data-av_icon='\ue8fc' data-av_iconfont='entypo-fontello' title='' data-avia-related-tooltip='Compartir en LinkedIn' rel=\"noopener\"><span class='avia_hidden_link_text'>Compartir en LinkedIn<\/span><\/a><\/li><li class='av-share-link av-social-link-mail' ><a  aria-label=\"Compartir por correo\" href='mailto:?subject=Realizar%C3%A1n%20capacitaci%C3%B3n%20t%C3%A9cnica%20de%20iniciaci%C3%B3n%20al%20Tenis%20de%20Mesa%20y%20Arbitraje%20en%20Coyhaique&#038;body=https:\/\/radiorevelacionfm.cl\/?p=18427' aria-hidden='false' data-av_icon='\ue805' data-av_iconfont='entypo-fontello' title='' data-avia-related-tooltip='Compartir por correo'><span class='avia_hidden_link_text'>Compartir por correo<\/span><\/a><\/li><\/ul><\/div><\/div>\n<div  style='height:50px' class='hr hr-invisible   avia-builder-el-8  el_after_av_social_share  el_before_av_comments_list '><span class='hr-inner ' ><span class='hr-inner-style'><\/span><\/span><\/div>\n<div  class='av-buildercomment  av-blog-meta-html-info-disabled av-blog-meta-tag-disabled  '><\/div>\n","protected":false},"excerpt":{"rendered":"","protected":false},"author":1,"featured_media":18429,"comment_status":"open","ping_status":"open","sticky":false,"template":"","format":"standard","meta":{"footnotes":""},"categories":[40],"tags":[],"class_list":["post-18427","post","type-post","status-publish","format-standard","has-post-thumbnail","hentry","category-deportes"],"jetpack_featured_media_url":"https:\/\/radiorevelacionfm.cl\/wp-content\/uploads\/2022\/06\/arbitro-6-1-1.jpg","_links":{"self":[{"href":"https:\/\/radiorevelacionfm.cl\/index.php?rest_route=\/wp\/v2\/posts\/18427","targetHints":{"allow":["GET"]}}],"collection":[{"href":"https:\/\/radiorevelacionfm.cl\/index.php?rest_route=\/wp\/v2\/posts"}],"about":[{"href":"https:\/\/radiorevelacionfm.cl\/index.php?rest_route=\/wp\/v2\/types\/post"}],"author":[{"embeddable":true,"href":"https:\/\/radiorevelacionfm.cl\/index.php?rest_route=\/wp\/v2\/users\/1"}],"replies":[{"embeddable":true,"href":"https:\/\/radiorevelacionfm.cl\/index.php?rest_route=%2Fwp%2Fv2%2Fcomments&post=18427"}],"version-history":[{"count":2,"href":"https:\/\/radiorevelacionfm.cl\/index.php?rest_route=\/wp\/v2\/posts\/18427\/revisions"}],"predecessor-version":[{"id":18461,"href":"https:\/\/radiorevelacionfm.cl\/index.php?rest_route=\/wp\/v2\/posts\/18427\/revisions\/18461"}],"wp:featuredmedia":[{"embeddable":true,"href":"https:\/\/radiorevelacionfm.cl\/index.php?rest_route=\/wp\/v2\/media\/18429"}],"wp:attachment":[{"href":"https:\/\/radiorevelacionfm.cl\/index.php?rest_route=%2Fwp%2Fv2%2Fmedia&parent=18427"}],"wp:term":[{"taxonomy":"category","embeddable":true,"href":"https:\/\/radiorevelacionfm.cl\/index.php?rest_route=%2Fwp%2Fv2%2Fcategories&post=18427"},{"taxonomy":"post_tag","embeddable":true,"href":"https:\/\/radiorevelacionfm.cl\/index.php?rest_route=%2Fwp%2Fv2%2Ftags&post=18427"}],"curies":[{"name":"wp","href":"https:\/\/api.w.org\/{rel}","templated":true}]}}