{"id":18422,"date":"2022-06-25T13:58:41","date_gmt":"2022-06-25T16:58:41","guid":{"rendered":"https:\/\/radiorevelacionfm.cl\/?p=18422"},"modified":"2022-06-25T13:58:41","modified_gmt":"2022-06-25T16:58:41","slug":"investigadores-de-la-uach-presentan-informacion-critica-para-la-proteccion-efectiva-del-maritorio-de-parques-y-reservas-nacionales","status":"publish","type":"post","link":"https:\/\/radiorevelacionfm.cl\/?p=18422","title":{"rendered":"Investigadores de la UACH presentan informaci\u00f3n cr\u00edtica para la protecci\u00f3n efectiva del maritorio de parques y reservas nacionales"},"content":{"rendered":"<div class=\"flex_column av_one_full  flex_column_div av-zero-column-padding first  avia-builder-el-0  el_before_av_one_full  avia-builder-el-first  \" style='border-radius:0px; '><div  class='avia-image-container  av-styling-    avia-builder-el-1  avia-builder-el-no-sibling  avia-align-center '  itemprop=\"image\" itemscope=\"itemscope\" itemtype=\"https:\/\/schema.org\/ImageObject\"  ><div class='avia-image-container-inner'><div class='avia-image-overlay-wrap'><img decoding=\"async\" class='wp-image-18423 avia-img-lazy-loading-not-18423 avia_image' src=\"https:\/\/radiorevelacionfm.cl\/wp-content\/uploads\/2022\/06\/jgf-163-1_optimized-1.jpg\" alt='' title='jgf-163-(1)_optimized (1)' height=\"600\" width=\"900\"  itemprop=\"thumbnailUrl\" srcset=\"https:\/\/radiorevelacionfm.cl\/wp-content\/uploads\/2022\/06\/jgf-163-1_optimized-1.jpg 900w, https:\/\/radiorevelacionfm.cl\/wp-content\/uploads\/2022\/06\/jgf-163-1_optimized-1-300x200.jpg 300w, https:\/\/radiorevelacionfm.cl\/wp-content\/uploads\/2022\/06\/jgf-163-1_optimized-1-768x512.jpg 768w, https:\/\/radiorevelacionfm.cl\/wp-content\/uploads\/2022\/06\/jgf-163-1_optimized-1-705x470.jpg 705w, https:\/\/radiorevelacionfm.cl\/wp-content\/uploads\/2022\/06\/jgf-163-1_optimized-1-600x400.jpg 600w\" sizes=\"(max-width: 900px) 100vw, 900px\" \/><\/div><\/div><\/div><\/div><div class=\"flex_column av_one_full  flex_column_div av-zero-column-padding first  avia-builder-el-2  el_after_av_one_full  el_before_av_one_full  column-top-margin\" style='border-radius:0px; '><section class=\"av_textblock_section \"  itemscope=\"itemscope\" itemtype=\"https:\/\/schema.org\/BlogPosting\" itemprop=\"blogPost\" ><div class='avia_textblock  '   itemprop=\"text\" ><p style=\"text-align: center;\"><span style=\"font-size: 18pt;\"><strong>Investigadores de la UACH presentan informaci\u00f3n cr\u00edtica para la protecci\u00f3n efectiva del maritorio de parques y reservas nacionales<\/strong><\/span><\/p>\n<div id=\"gtx-trans\" style=\"position: absolute; left: -50px; top: 4.31534px;\">\n<div class=\"gtx-trans-icon\"><\/div>\n<\/div>\n<\/div><\/section><\/div><div class=\"flex_column av_one_full  flex_column_div av-zero-column-padding first  avia-builder-el-4  el_after_av_one_full  el_before_av_hr  column-top-margin\" style='border-radius:0px; '><section class=\"av_textblock_section \"  itemscope=\"itemscope\" itemtype=\"https:\/\/schema.org\/BlogPosting\" itemprop=\"blogPost\" ><div class='avia_textblock  '   itemprop=\"text\" ><p style=\"text-align: justify;\">Con el fin de aportar al reconocimiento y protecci\u00f3n efectiva de los ecosistemas costero-marinos de la Patagonia chilena, el Programa Austral Patagonia de la Universidad Austral de Chile hizo entrega de una importante informaci\u00f3n cient\u00edfica y t\u00e9cnica a los miembros del Comit\u00e9 Nacional de \u00c1reas Protegidas del Estado (CNAP). Se trata de informaci\u00f3n que documenta los l\u00edmites de la porci\u00f3n marina de siete \u00c1reas Silvestres Protegidas del Estado (ASP) de la Patagonia chilena, que en la pr\u00e1ctica no han sido consideradas en la institucionalidad ambiental y pol\u00edtica p\u00fablica referente a la gesti\u00f3n de \u00e1reas protegidas.<\/p>\n<p style=\"text-align: justify;\">\u201cEsperamos que esta informaci\u00f3n sea revisada y analizada en el marco de las facultades de cada instituci\u00f3n p\u00fablica que conforma el CNAP y del trabajo coordinado del mismo, para que se valorice esta porci\u00f3n de maritorio que tiene caracter\u00edsticas naturales y culturales \u00fanicas en nuestro planeta, y se desplieguen los esfuerzos interinstitucionales necesarios para su conservaci\u00f3n, apoyando el trabajo que ha venido realizando la CONAF en esta materia\u201d, se\u00f1al\u00f3 C\u00e9sar Guala, director del Programa Austral Patagonia de la UACH.<\/p>\n<p style=\"text-align: justify;\">Tras analizar la cartograf\u00eda, los decretos de cada \u00e1rea y los dict\u00e1menes de la Contralor\u00eda Nacional de la Rep\u00fablica, investigadores de este Programa evaluaron los l\u00edmites de ocho \u00c1reas Silvestres Protegidas del Estado (ASP) ubicadas en la Patagonia chilena, y estimaron que la porci\u00f3n marina-costera de siete de ellas suma, por lo menos, 6,3 millones de hect\u00e1reas distribuidas entre las reservas nacionales Kaw\u00e9sqar, Las Guaitecas y Katalalixar, y los parques nacionales Bernardo O\u00b4Higgins, Alberto de Agostini, Laguna San Rafael e Isla Magdalena. A ellas debe sum\u00e1rsele la porci\u00f3n marino-costera del Parque Nacional Cabo de Hornos, cuyos l\u00edmites aparecen en su decreto oficial de creaci\u00f3n, pero no se condicen con el mapa oficial. Respecto a esto \u00faltimo cabe mencionar que la oficina regional de la Corporaci\u00f3n Nacional Forestal (CONAF) Magallanes y la Fundaci\u00f3n Omora est\u00e1n trabajando para clarificar los l\u00edmites y dimensiones de este parque.<\/p>\n<p style=\"text-align: justify;\">La informaci\u00f3n compartida con el CNAP, asimismo, da cuenta que la porci\u00f3n marina perteneciente a estas ASP no ha sido considerada directamente en pol\u00edticas p\u00fablicas del pa\u00eds, como en las metas AICHI, o en catastros oficiales del Estado como los del MMA o SUBPESCA, excluy\u00e9ndose, por lo tanto, de los esfuerzos y presupuestos de gesti\u00f3n y protecci\u00f3n costero-marino.<\/p>\n<p style=\"text-align: justify;\">\u201cEntendemos que las dificultades geogr\u00e1ficas y la diversidad de actores que convergen en la administraci\u00f3n y supervigilancia del maritorio en nuestro pa\u00eds, han dificultado la gesti\u00f3n y protecci\u00f3n de la porci\u00f3n marina de las \u00e1reas protegidas\u201d agreg\u00f3 Guala, se\u00f1alando adem\u00e1s que \u201cpor lo mismo, hace unos a\u00f1os decidimos tratar de contribuir con la investigaci\u00f3n y an\u00e1lisis de estas \u00e1reas, y colaborar con la CONAF en los esfuerzos que han hecho por administrar la zona marino-costera de las \u00c1reas Silvestres Protegidas, aun cuando no tienen los recursos y capacidades t\u00e9cnicas y log\u00edsticas para ello\u201d.<\/p>\n<p style=\"text-align: justify;\">La protecci\u00f3n efectiva de las 6,3 millones de hect\u00e1reas de ecosistemas costero-marino se ha vuelto critica a ojos de los especialistas, ya que han estado expuesto a distintos factores que amenazan su integridad ecol\u00f3gica y conservaci\u00f3n. Uno de ellos es la acuicultura intensiva, en particular la salmonicultura: hay, en total, 411 concesiones de acuicultura dentro de las \u00e1reas protegida del Estado, y 134 nuevas concesiones en tr\u00e1mite. Solo en lo referido a parques nacionales, al interior del Parque Nacional Alberto de Agostini existen 19 concesiones de salmonicultura, 3 en el Parque Nacional Laguna San Rafael y 4 en Parque Nacional Isla Magdalena. Esto, a pesar de que la ley proh\u00edbe expl\u00edcitamente la acuicultura dentro de esta figura de conservaci\u00f3n, se\u00f1alan desde la UACH.<\/p>\n<p style=\"text-align: justify;\">\u201cEsperamos que esta informaci\u00f3n sea considerada por los ministerios y servicios del Estado para avanzar hacia la coordinaci\u00f3n interinstitucional de las entidades con atribuciones en el \u00e1rea costero-marino y, en particular, que la Unidad de Catastro de Bienes Nacionales regularice los l\u00edmites de estas \u00e1reas protegidas. Esto no s\u00f3lo es indispensable para apoyar la labor de la CONAF en la administraci\u00f3n de estas \u00e1reas, sino tambi\u00e9n para lograr la protecci\u00f3n efectiva del maritorio de la Patagonia chilena\u201d, sostuvo por su parte Aldo Far\u00edas, investigador y coordinador ejecutivo del Programa Austral Patagonia.<\/p>\n<p style=\"text-align: justify;\">Cabe recordar que el Comit\u00e9 Nacional de \u00c1reas Protegidas se cre\u00f3 en 2014 con el objetivo de impulsar el Plan de Acci\u00f3n de \u00c1reas Protegidas liderado por el Ministerio de Medio Ambiente, para avanzar en la creaci\u00f3n y consolidaci\u00f3n de un Sistema Nacional de \u00c1reas Protegidas que permita cerrar las brechas relacionadas a la protecci\u00f3n oficial y efectiva de muestras representativas de los ecosistemas terrestres y marinos de Chile. El CNAP est\u00e1 integrado por representantes del Ministerio de Bienes Nacionales; la Corporaci\u00f3n Nacional Forestal; la Subsecretar\u00eda de Pesca y Acuicultura; el Servicio Nacional de Pesca y Acuicultura; el Consejo de Monumentos Nacionales; la Direcci\u00f3n de Medio Ambiente y Asuntos Mar\u00edtimos del Ministerio de Relaciones Exteriores; la Direcci\u00f3n General del Territorio Mar\u00edtimo y de Marina Mercante; la Subsecretar\u00eda de Turismo, el Servicio Nacional de Turismo y la Subsecretar\u00eda para las Fuerzas Armadas, coordinados por el Ministerio del Medio Ambiente. Todos ellos recibieron una copia del estudio t\u00e9cnico denominado <a href=\"https:\/\/programaaustralpatagonia.cl\/post-estudios\/analisis-de-la-cobertura-marina-de-las-areas-silvestres-protegidas-en-patagonia-chilena\/\">\u201cAn\u00e1lisis de la Cobertura Marina en \u00c1reas Silvestres Protegidas en Patagonia\u201d<\/a>, con su correspondiente informaci\u00f3n cartogr\u00e1fica, y del informe cient\u00edfico <a href=\"https:\/\/programaaustralpatagonia.cl\/conversatorio-y-lanzamiento-del-libro-conservacion-en-la-patagonia-chilena-evaluacion-del-conocimiento-oportunidades-y-desafios\/\">\u201cProtecci\u00f3n Costera-Marina en la Patagonia: Situaci\u00f3n Presente, Avances y Desaf\u00edos\u201d<\/a>, publicado en el libro \u201cConservaci\u00f3n en la Patagonia Chilena: Evaluaci\u00f3n del Conocimiento, Oportunidades y Desaf\u00edos\u201d en noviembre del a\u00f1o pasado.<\/p>\n<p style=\"text-align: justify;\">Estos informes complementan el trabajo colectivo del Grupo Patagonia Mar y Tierra, compuesto por organizaciones que, junto CONAF, promueven la gesti\u00f3n efectiva de los parques nacionales y la protecci\u00f3n de los ecosistemas de la Patagonia chilena.<\/p>\n<\/div><\/section><\/div><div  style='height:50px' class='hr hr-invisible   avia-builder-el-6  el_after_av_one_full  el_before_av_social_share '><span class='hr-inner ' ><span class='hr-inner-style'><\/span><\/span><\/div><\/p>\n<div  class='av-social-sharing-box  avia-builder-el-7  el_after_av_hr  el_before_av_hr  '><div class='av-share-box'><h5 class='av-share-link-description av-no-toc '>Compartir esta noticia<\/h5><ul class='av-share-box-list noLightbox'><li class='av-share-link av-social-link-facebook' ><a target=\"_blank\" aria-label=\"Compartir en Facebook\" href='https:\/\/www.facebook.com\/sharer.php?u=https:\/\/radiorevelacionfm.cl\/?p=18422&#038;t=Investigadores%20de%20la%20UACH%20presentan%20informaci%C3%B3n%20cr%C3%ADtica%20para%20la%20protecci%C3%B3n%20efectiva%20del%20maritorio%20de%20parques%20y%20reservas%20nacionales' aria-hidden='false' data-av_icon='\ue8f3' data-av_iconfont='entypo-fontello' title='' data-avia-related-tooltip='Compartir en Facebook' rel=\"noopener\"><span class='avia_hidden_link_text'>Compartir en Facebook<\/span><\/a><\/li><li class='av-share-link av-social-link-twitter' ><a target=\"_blank\" aria-label=\"Compartir en Twitter\" href='https:\/\/twitter.com\/share?text=Investigadores%20de%20la%20UACH%20presentan%20informaci%C3%B3n%20cr%C3%ADtica%20para%20la%20protecci%C3%B3n%20efectiva%20del%20maritorio%20de%20parques%20y%20reservas%20nacionales&#038;url=https:\/\/radiorevelacionfm.cl\/?p=18422' aria-hidden='false' data-av_icon='\ue8f1' data-av_iconfont='entypo-fontello' title='' data-avia-related-tooltip='Compartir en Twitter' rel=\"noopener\"><span class='avia_hidden_link_text'>Compartir en Twitter<\/span><\/a><\/li><li class='av-share-link av-social-link-whatsapp' ><a target=\"_blank\" aria-label=\"Compartir en Whatsapp\" href='https:\/\/api.whatsapp.com\/send?text=https:\/\/radiorevelacionfm.cl\/?p=18422' aria-hidden='false' data-av_icon='\uf232' data-av_iconfont='entypo-fontello' title='' data-avia-related-tooltip='Compartir en Whatsapp' rel=\"noopener\"><span class='avia_hidden_link_text'>Compartir en Whatsapp<\/span><\/a><\/li><li class='av-share-link av-social-link-linkedin' ><a target=\"_blank\" aria-label=\"Compartir en LinkedIn\" href='https:\/\/linkedin.com\/shareArticle?mini=true&#038;title=Investigadores%20de%20la%20UACH%20presentan%20informaci%C3%B3n%20cr%C3%ADtica%20para%20la%20protecci%C3%B3n%20efectiva%20del%20maritorio%20de%20parques%20y%20reservas%20nacionales&#038;url=https:\/\/radiorevelacionfm.cl\/?p=18422' aria-hidden='false' data-av_icon='\ue8fc' data-av_iconfont='entypo-fontello' title='' data-avia-related-tooltip='Compartir en LinkedIn' rel=\"noopener\"><span class='avia_hidden_link_text'>Compartir en LinkedIn<\/span><\/a><\/li><li class='av-share-link av-social-link-mail' ><a  aria-label=\"Compartir por correo\" href='mailto:?subject=Investigadores%20de%20la%20UACH%20presentan%20informaci%C3%B3n%20cr%C3%ADtica%20para%20la%20protecci%C3%B3n%20efectiva%20del%20maritorio%20de%20parques%20y%20reservas%20nacionales&#038;body=https:\/\/radiorevelacionfm.cl\/?p=18422' aria-hidden='false' data-av_icon='\ue805' data-av_iconfont='entypo-fontello' title='' data-avia-related-tooltip='Compartir por correo'><span class='avia_hidden_link_text'>Compartir por correo<\/span><\/a><\/li><\/ul><\/div><\/div>\n<div  style='height:50px' class='hr hr-invisible   avia-builder-el-8  el_after_av_social_share  el_before_av_comments_list '><span class='hr-inner ' ><span class='hr-inner-style'><\/span><\/span><\/div>\n<div  class='av-buildercomment  av-blog-meta-html-info-disabled av-blog-meta-tag-disabled  '><\/div>\n","protected":false},"excerpt":{"rendered":"","protected":false},"author":1,"featured_media":18423,"comment_status":"open","ping_status":"open","sticky":false,"template":"","format":"standard","meta":{"footnotes":""},"categories":[38],"tags":[],"class_list":["post-18422","post","type-post","status-publish","format-standard","has-post-thumbnail","hentry","category-regional"],"jetpack_featured_media_url":"https:\/\/radiorevelacionfm.cl\/wp-content\/uploads\/2022\/06\/jgf-163-1_optimized-1.jpg","_links":{"self":[{"href":"https:\/\/radiorevelacionfm.cl\/index.php?rest_route=\/wp\/v2\/posts\/18422","targetHints":{"allow":["GET"]}}],"collection":[{"href":"https:\/\/radiorevelacionfm.cl\/index.php?rest_route=\/wp\/v2\/posts"}],"about":[{"href":"https:\/\/radiorevelacionfm.cl\/index.php?rest_route=\/wp\/v2\/types\/post"}],"author":[{"embeddable":true,"href":"https:\/\/radiorevelacionfm.cl\/index.php?rest_route=\/wp\/v2\/users\/1"}],"replies":[{"embeddable":true,"href":"https:\/\/radiorevelacionfm.cl\/index.php?rest_route=%2Fwp%2Fv2%2Fcomments&post=18422"}],"version-history":[{"count":2,"href":"https:\/\/radiorevelacionfm.cl\/index.php?rest_route=\/wp\/v2\/posts\/18422\/revisions"}],"predecessor-version":[{"id":18472,"href":"https:\/\/radiorevelacionfm.cl\/index.php?rest_route=\/wp\/v2\/posts\/18422\/revisions\/18472"}],"wp:featuredmedia":[{"embeddable":true,"href":"https:\/\/radiorevelacionfm.cl\/index.php?rest_route=\/wp\/v2\/media\/18423"}],"wp:attachment":[{"href":"https:\/\/radiorevelacionfm.cl\/index.php?rest_route=%2Fwp%2Fv2%2Fmedia&parent=18422"}],"wp:term":[{"taxonomy":"category","embeddable":true,"href":"https:\/\/radiorevelacionfm.cl\/index.php?rest_route=%2Fwp%2Fv2%2Fcategories&post=18422"},{"taxonomy":"post_tag","embeddable":true,"href":"https:\/\/radiorevelacionfm.cl\/index.php?rest_route=%2Fwp%2Fv2%2Ftags&post=18422"}],"curies":[{"name":"wp","href":"https:\/\/api.w.org\/{rel}","templated":true}]}}