{"id":18417,"date":"2022-06-24T18:41:29","date_gmt":"2022-06-24T21:41:29","guid":{"rendered":"https:\/\/radiorevelacionfm.cl\/?p=18417"},"modified":"2022-06-24T18:48:47","modified_gmt":"2022-06-24T21:48:47","slug":"pdi-entrega-balance-de-control-de-migraciones-en-la-provincia-de-aysen","status":"publish","type":"post","link":"https:\/\/radiorevelacionfm.cl\/?p=18417","title":{"rendered":"PDI entrega balance de fiscalizaciones de migraciones en la Provincia de Ays\u00e9n"},"content":{"rendered":"<div class=\"flex_column av_one_full  flex_column_div av-zero-column-padding first  avia-builder-el-0  el_before_av_one_full  avia-builder-el-first  \" style='border-radius:0px; '><div  class='avia-image-container  av-styling-    avia-builder-el-1  avia-builder-el-no-sibling  avia-align-center '  itemprop=\"image\" itemscope=\"itemscope\" itemtype=\"https:\/\/schema.org\/ImageObject\"  ><div class='avia-image-container-inner'><div class='avia-image-overlay-wrap'><img decoding=\"async\" class='wp-image-18418 avia-img-lazy-loading-not-18418 avia_image' src=\"https:\/\/radiorevelacionfm.cl\/wp-content\/uploads\/2022\/06\/Labor-en-Melinka-y-control-aero-1-1.jpg\" alt='' title='Labor en Melinka y control aero (1) (1)' height=\"600\" width=\"1067\"  itemprop=\"thumbnailUrl\" srcset=\"https:\/\/radiorevelacionfm.cl\/wp-content\/uploads\/2022\/06\/Labor-en-Melinka-y-control-aero-1-1.jpg 1067w, https:\/\/radiorevelacionfm.cl\/wp-content\/uploads\/2022\/06\/Labor-en-Melinka-y-control-aero-1-1-300x169.jpg 300w, https:\/\/radiorevelacionfm.cl\/wp-content\/uploads\/2022\/06\/Labor-en-Melinka-y-control-aero-1-1-1030x579.jpg 1030w, https:\/\/radiorevelacionfm.cl\/wp-content\/uploads\/2022\/06\/Labor-en-Melinka-y-control-aero-1-1-768x432.jpg 768w, https:\/\/radiorevelacionfm.cl\/wp-content\/uploads\/2022\/06\/Labor-en-Melinka-y-control-aero-1-1-705x396.jpg 705w, https:\/\/radiorevelacionfm.cl\/wp-content\/uploads\/2022\/06\/Labor-en-Melinka-y-control-aero-1-1-600x337.jpg 600w\" sizes=\"(max-width: 1067px) 100vw, 1067px\" \/><\/div><\/div><\/div><\/div>\n<div class=\"flex_column av_one_full  flex_column_div av-zero-column-padding first  avia-builder-el-2  el_after_av_one_full  el_before_av_one_full  column-top-margin\" style='border-radius:0px; '><section class=\"av_textblock_section \"  itemscope=\"itemscope\" itemtype=\"https:\/\/schema.org\/BlogPosting\" itemprop=\"blogPost\" ><div class='avia_textblock  '   itemprop=\"text\" ><p style=\"text-align: center;\"><strong><span style=\"font-size: 18pt;\">PDI entrega balance de fiscalizaciones de migraciones en la Provincia de Ays\u00e9n<\/span><\/strong><\/p>\n<div id=\"gtx-trans\" style=\"position: absolute; left: -50px; top: 4.31534px;\">\n<div class=\"gtx-trans-icon\"><\/div>\n<\/div>\n<\/div><\/section><\/div><div class=\"flex_column av_one_full  flex_column_div av-zero-column-padding first  avia-builder-el-4  el_after_av_one_full  el_before_av_hr  column-top-margin\" style='border-radius:0px; '><section class=\"av_textblock_section \"  itemscope=\"itemscope\" itemtype=\"https:\/\/schema.org\/BlogPosting\" itemprop=\"blogPost\" ><div class='avia_textblock  '   itemprop=\"text\" ><p style=\"text-align: justify;\">Durante el a\u00f1o 2022, y ante la promulgaci\u00f3n de la nueva Ley de Migraciones y Extranjer\u00eda, la Polic\u00eda de Investigaciones de Chile ha ido retomando las labores del \u00e1rea de Migraciones y Polic\u00eda Internacional. As\u00ed, a continuaci\u00f3n, se realizar\u00e1 un balance de la labor de la Secci\u00f3n Migraciones y Polic\u00eda Internacional a cargo del control de ciudadanos extranjeros en la Provincia de Ays\u00e9n.<\/p>\n<p style=\"text-align: justify;\">Detectives y personal institucional de la unidad especializada, junto a integrantes de la Brigada Antinarc\u00f3ticos y Contra el Crimen Organizado Coyhaique y sus canes detectores de droga: Tamar y Hade, durante el presente a\u00f1o, han realizado diversos servicios de control y fiscalizaci\u00f3n en distintos puntos de la Provincia de Ays\u00e9n.<\/p>\n<p style=\"text-align: justify;\">Al respecto, el comisario Hans Suazo, jefe de la Secci\u00f3n Migraciones Ays\u00e9n, se\u00f1al\u00f3 que \u201cdurante lo que va transcurrido del 2022, hemos realizado 18 fiscalizaciones, controlando a un total de 137 ciudadanos extranjeros, siendo denunciados 46 de ellos por diferentes infracciones a la Ley 21.325 de Migraciones y Extranjer\u00eda, principalmente por ingreso irregular por paso no habilitado\u201d.<\/p>\n<p style=\"text-align: justify;\">\u201cEstas fiscalizaciones se han llevado a cabo a lo largo de la Provincia de Ays\u00e9n, inclusive en la zona insular como en la Isla de Melinka, comuna de Guaitecas, e Islas Huichas en la localidad de Puerto Aguirre, comuna de Ays\u00e9n\u201d, puntualiz\u00f3 el comisario Hans Suazo, agregando que \u00e9stas \u201cse han realizado de manera coordinada con el Servicio Nacional de Aduanas, las Fuerzas Armadas, de Orden y Seguridad y el Ministerio P\u00fablico, instituciones que han colaborado en los \u00f3ptimos resultados de estos servicios\u201d.<\/p>\n<p style=\"text-align: justify;\">Entre los resultados de estos controles destacan incautaciones de distintas sustancias il\u00edcitas, deteniendo a estas personas por delitos contemplados en la Ley 20.000 y, adem\u00e1s, a otras personas por registrar \u00f3rdenes de detenci\u00f3n pendientes.<\/p>\n<p style=\"text-align: justify;\"><strong>Resultados operativos servicio en Melinka<\/strong><\/p>\n<p style=\"text-align: justify;\">Un equipo multidisciplinario de la PDI, compuesto por detectives de la Secci\u00f3n Migraciones Ays\u00e9n, Brigada de Investigaci\u00f3n Criminal Ays\u00e9n y personal de la Brigada Antinarc\u00f3ticos Coyhaique, junto al can detector de drogas Tamar, concurri\u00f3 hasta el extremo norte de la regi\u00f3n, espec\u00edficamente a la Isla de Melinka, comuna de Guaitecas, con la finalidad de realizar un servicio especial integral en la zona insular de Ays\u00e9n.<\/p>\n<p style=\"text-align: justify;\">En el \u00e1mbito operativo y de an\u00e1lisis e investigaci\u00f3n criminal, el jefe de Migraciones Ays\u00e9n detall\u00f3 que \u201cse realizaron controles a las barcazas y vuelos provenientes desde la Isla de Chilo\u00e9 y Puerto Montt, se llevaron a cabo fiscalizaciones y controles de identidad en locales nocturnos y se efectuaron diligencias investigativas, obteniendo como resultado cinco detenidos por infracci\u00f3n al Art\u00edculo 4\u00b0 de la Ley 20.000; dos varones detenidos por mantener \u00f3rdenes de detenci\u00f3n pendientes y vigentes por delitos de manejo en estado de ebriedad, amenazas simples y tr\u00e1fico de drogas en peque\u00f1as cantidades; la infracci\u00f3n de un var\u00f3n conforme al Art\u00edculo 50\u00b0 de la Ley 20.000 por porte de cannabis sativa; la notificaci\u00f3n de una ciudadana extranjera que manten\u00eda vigente una resoluci\u00f3n de expulsi\u00f3n; la denuncia a la autoridad administrativa de dos ciudadanos extranjeros por ingreso irregular por paso no habilitado; y se detect\u00f3 a ciudadanos chilenos con antecedentes de detenci\u00f3n por diversos delitos, sin causas pendientes\u201d.<\/p>\n<p style=\"text-align: justify;\">Durante estos procedimientos, se logr\u00f3 incautar un total de 357 dosis de cannabis sativa, 3 dosis de la droga sint\u00e9tica denominada <em>tusi<\/em>, un cultivo con 18 plantas del g\u00e9nero cannabis y 265 dosis de la misma sustancia en proceso de secado y elementos para la dosificaci\u00f3n de la sustancia, sacando de circulaci\u00f3n de la isla droga avaluada en m\u00e1s de 3 millones de pesos.<\/p>\n<p style=\"text-align: justify;\">Posteriormente, personal de la Brigada de Investigaci\u00f3n Criminal Ays\u00e9n, junto a su equipo Microtr\u00e1fico Cero, continuaron con diligencias investigativas en Puerto Ays\u00e9n para ubicar al imputado que manten\u00eda una orden de detenci\u00f3n por el cultivo de cannabis hallado en la Isla de Melinka. As\u00ed, \u201clas diligencias dieron como resultado la ubicaci\u00f3n y detenci\u00f3n del sujeto, la madrugada del 11 de junio, en el muelle de Puerto Chacabuco, momento en el cual descend\u00eda de una embarcaci\u00f3n proveniente de un centro de cultivo\u201d.<\/p>\n<p style=\"text-align: justify;\"><strong>Acercamiento con la comunidad en Melinka<\/strong><\/p>\n<p style=\"text-align: justify;\">En Melinka, adem\u00e1s, se fortalecieron los v\u00ednculos con las autoridades locales, comunidad educativa, migrantes y personal de otros servicios, \u201cse realiz\u00f3 una reuni\u00f3n con el alcalde subrogante y concejales de la Municipalidad de Las Guaitecas, se efectu\u00f3 una charla dirigida a personal de Armada y Carabineros sobre la nueva Ley de Migraciones y la forma de proceder ante un procedimiento relacionado con ciudadanos extranjeros, se desarroll\u00f3 una charla con 25 migrantes residentes en la isla y personal de la municipalidad, as\u00ed tambi\u00e9n, se llevaron a cabo charlas educativas donde m\u00e1s de 200 estudiantes del Liceo de Melinka y la Escuela B\u00e1sica de Repollal Alto profundizaron sobre temas de bullying, grooming, responsabilidad penal adolescente y Ley 20.000, jornadas donde se dio a conocer el trabajo de la can detectora de drogas, Tamar\u201d, puntualiz\u00f3 el comisario Hans Suazo.<\/p>\n<p style=\"text-align: justify;\">El servicio fue ampliamente valorado por las autoridades locales y la comunidad de la isla, quienes pudieron resolver sus dudas sobre c\u00f3mo la PDI puede aportar desde su labor en las localidades m\u00e1s apartadas de la regi\u00f3n.<\/p>\n<\/div><\/section><\/div><\/p>\n<div  style='height:50px' class='hr hr-invisible   avia-builder-el-6  el_after_av_one_full  el_before_av_social_share '><span class='hr-inner ' ><span class='hr-inner-style'><\/span><\/span><\/div>\n<div  class='av-social-sharing-box  avia-builder-el-7  el_after_av_hr  el_before_av_hr  '><div class='av-share-box'><h5 class='av-share-link-description av-no-toc '>Compartir esta noticia<\/h5><ul class='av-share-box-list noLightbox'><li class='av-share-link av-social-link-facebook' ><a target=\"_blank\" aria-label=\"Compartir en Facebook\" href='https:\/\/www.facebook.com\/sharer.php?u=https:\/\/radiorevelacionfm.cl\/?p=18417&#038;t=PDI%20entrega%20balance%20de%20fiscalizaciones%20de%20migraciones%20en%20la%20Provincia%20de%20Ays%C3%A9n' aria-hidden='false' data-av_icon='\ue8f3' data-av_iconfont='entypo-fontello' title='' data-avia-related-tooltip='Compartir en Facebook' rel=\"noopener\"><span class='avia_hidden_link_text'>Compartir en Facebook<\/span><\/a><\/li><li class='av-share-link av-social-link-twitter' ><a target=\"_blank\" aria-label=\"Compartir en Twitter\" href='https:\/\/twitter.com\/share?text=PDI%20entrega%20balance%20de%20fiscalizaciones%20de%20migraciones%20en%20la%20Provincia%20de%20Ays%C3%A9n&#038;url=https:\/\/radiorevelacionfm.cl\/?p=18417' aria-hidden='false' data-av_icon='\ue8f1' data-av_iconfont='entypo-fontello' title='' data-avia-related-tooltip='Compartir en Twitter' rel=\"noopener\"><span class='avia_hidden_link_text'>Compartir en Twitter<\/span><\/a><\/li><li class='av-share-link av-social-link-whatsapp' ><a target=\"_blank\" aria-label=\"Compartir en Whatsapp\" href='https:\/\/api.whatsapp.com\/send?text=https:\/\/radiorevelacionfm.cl\/?p=18417' aria-hidden='false' data-av_icon='\uf232' data-av_iconfont='entypo-fontello' title='' data-avia-related-tooltip='Compartir en Whatsapp' rel=\"noopener\"><span class='avia_hidden_link_text'>Compartir en Whatsapp<\/span><\/a><\/li><li class='av-share-link av-social-link-linkedin' ><a target=\"_blank\" aria-label=\"Compartir en LinkedIn\" href='https:\/\/linkedin.com\/shareArticle?mini=true&#038;title=PDI%20entrega%20balance%20de%20fiscalizaciones%20de%20migraciones%20en%20la%20Provincia%20de%20Ays%C3%A9n&#038;url=https:\/\/radiorevelacionfm.cl\/?p=18417' aria-hidden='false' data-av_icon='\ue8fc' data-av_iconfont='entypo-fontello' title='' data-avia-related-tooltip='Compartir en LinkedIn' rel=\"noopener\"><span class='avia_hidden_link_text'>Compartir en LinkedIn<\/span><\/a><\/li><li class='av-share-link av-social-link-mail' ><a  aria-label=\"Compartir por correo\" href='mailto:?subject=PDI%20entrega%20balance%20de%20fiscalizaciones%20de%20migraciones%20en%20la%20Provincia%20de%20Ays%C3%A9n&#038;body=https:\/\/radiorevelacionfm.cl\/?p=18417' aria-hidden='false' data-av_icon='\ue805' data-av_iconfont='entypo-fontello' title='' data-avia-related-tooltip='Compartir por correo'><span class='avia_hidden_link_text'>Compartir por correo<\/span><\/a><\/li><\/ul><\/div><\/div>\n<div  style='height:50px' class='hr hr-invisible   avia-builder-el-8  el_after_av_social_share  el_before_av_comments_list '><span class='hr-inner ' ><span class='hr-inner-style'><\/span><\/span><\/div>\n<div  class='av-buildercomment  av-blog-meta-html-info-disabled av-blog-meta-tag-disabled  '><\/div>\n","protected":false},"excerpt":{"rendered":"","protected":false},"author":1,"featured_media":18418,"comment_status":"open","ping_status":"open","sticky":false,"template":"","format":"standard","meta":{"footnotes":""},"categories":[36],"tags":[],"class_list":["post-18417","post","type-post","status-publish","format-standard","has-post-thumbnail","hentry","category-policial"],"jetpack_featured_media_url":"https:\/\/radiorevelacionfm.cl\/wp-content\/uploads\/2022\/06\/Labor-en-Melinka-y-control-aero-1-1.jpg","_links":{"self":[{"href":"https:\/\/radiorevelacionfm.cl\/index.php?rest_route=\/wp\/v2\/posts\/18417","targetHints":{"allow":["GET"]}}],"collection":[{"href":"https:\/\/radiorevelacionfm.cl\/index.php?rest_route=\/wp\/v2\/posts"}],"about":[{"href":"https:\/\/radiorevelacionfm.cl\/index.php?rest_route=\/wp\/v2\/types\/post"}],"author":[{"embeddable":true,"href":"https:\/\/radiorevelacionfm.cl\/index.php?rest_route=\/wp\/v2\/users\/1"}],"replies":[{"embeddable":true,"href":"https:\/\/radiorevelacionfm.cl\/index.php?rest_route=%2Fwp%2Fv2%2Fcomments&post=18417"}],"version-history":[{"count":3,"href":"https:\/\/radiorevelacionfm.cl\/index.php?rest_route=\/wp\/v2\/posts\/18417\/revisions"}],"predecessor-version":[{"id":18420,"href":"https:\/\/radiorevelacionfm.cl\/index.php?rest_route=\/wp\/v2\/posts\/18417\/revisions\/18420"}],"wp:featuredmedia":[{"embeddable":true,"href":"https:\/\/radiorevelacionfm.cl\/index.php?rest_route=\/wp\/v2\/media\/18418"}],"wp:attachment":[{"href":"https:\/\/radiorevelacionfm.cl\/index.php?rest_route=%2Fwp%2Fv2%2Fmedia&parent=18417"}],"wp:term":[{"taxonomy":"category","embeddable":true,"href":"https:\/\/radiorevelacionfm.cl\/index.php?rest_route=%2Fwp%2Fv2%2Fcategories&post=18417"},{"taxonomy":"post_tag","embeddable":true,"href":"https:\/\/radiorevelacionfm.cl\/index.php?rest_route=%2Fwp%2Fv2%2Ftags&post=18417"}],"curies":[{"name":"wp","href":"https:\/\/api.w.org\/{rel}","templated":true}]}}