{"id":18412,"date":"2022-06-24T16:44:23","date_gmt":"2022-06-24T19:44:23","guid":{"rendered":"https:\/\/radiorevelacionfm.cl\/?p=18412"},"modified":"2022-06-24T16:44:23","modified_gmt":"2022-06-24T19:44:23","slug":"incautan-75-toneladas-de-erizo-a-embarcaciones-de-otra-region-en-reciente-fiscalizacion-en-zona-de-aysen","status":"publish","type":"post","link":"https:\/\/radiorevelacionfm.cl\/?p=18412","title":{"rendered":"Incautan 7,5 toneladas de erizo a embarcaciones de otra regi\u00f3n en reciente fiscalizaci\u00f3n en zona de Ays\u00e9n"},"content":{"rendered":"<div class=\"flex_column av_one_full  flex_column_div av-zero-column-padding first  avia-builder-el-0  el_before_av_one_full  avia-builder-el-first  \" style='border-radius:0px; '><div  class='avia-image-container  av-styling-    avia-builder-el-1  avia-builder-el-no-sibling  avia-align-center '  itemprop=\"image\" itemscope=\"itemscope\" itemtype=\"https:\/\/schema.org\/ImageObject\"  ><div class='avia-image-container-inner'><div class='avia-image-overlay-wrap'><img decoding=\"async\" class='wp-image-18413 avia-img-lazy-loading-not-18413 avia_image' src=\"https:\/\/radiorevelacionfm.cl\/wp-content\/uploads\/2022\/06\/10-copia-1_optimized.jpg\" alt='' title='10-copia-(1)_optimized' height=\"600\" width=\"800\"  itemprop=\"thumbnailUrl\" srcset=\"https:\/\/radiorevelacionfm.cl\/wp-content\/uploads\/2022\/06\/10-copia-1_optimized.jpg 800w, https:\/\/radiorevelacionfm.cl\/wp-content\/uploads\/2022\/06\/10-copia-1_optimized-300x225.jpg 300w, https:\/\/radiorevelacionfm.cl\/wp-content\/uploads\/2022\/06\/10-copia-1_optimized-768x576.jpg 768w, https:\/\/radiorevelacionfm.cl\/wp-content\/uploads\/2022\/06\/10-copia-1_optimized-705x529.jpg 705w, https:\/\/radiorevelacionfm.cl\/wp-content\/uploads\/2022\/06\/10-copia-1_optimized-600x450.jpg 600w\" sizes=\"(max-width: 800px) 100vw, 800px\" \/><\/div><\/div><\/div><\/div><div class=\"flex_column av_one_full  flex_column_div av-zero-column-padding first  avia-builder-el-2  el_after_av_one_full  el_before_av_one_full  column-top-margin\" style='border-radius:0px; '><section class=\"av_textblock_section \"  itemscope=\"itemscope\" itemtype=\"https:\/\/schema.org\/BlogPosting\" itemprop=\"blogPost\" ><div class='avia_textblock  '   itemprop=\"text\" ><p style=\"text-align: center;\"><strong><span style=\"font-size: 18pt;\">Incautan 7,5 toneladas de erizo a embarcaciones de otra regi\u00f3n en reciente fiscalizaci\u00f3n en zona de Ays\u00e9n<\/span><\/strong><\/p>\n<div id=\"gtx-trans\" style=\"position: absolute; left: -50px; top: 4.31534px;\">\n<div class=\"gtx-trans-icon\"><\/div>\n<\/div>\n<\/div><\/section><\/div><div class=\"flex_column av_one_full  flex_column_div av-zero-column-padding first  avia-builder-el-4  el_after_av_one_full  el_before_av_hr  column-top-margin\" style='border-radius:0px; '><section class=\"av_textblock_section \"  itemscope=\"itemscope\" itemtype=\"https:\/\/schema.org\/BlogPosting\" itemprop=\"blogPost\" ><div class='avia_textblock  '   itemprop=\"text\" ><p style=\"font-weight: 400; text-align: justify;\">El jueves 23 de junio en un procedimiento de fiscalizaci\u00f3n realizado por un equipo del Servicio Nacional de Pesca y Acuicultura (SERNAPESCA) de la regi\u00f3n de Ays\u00e9n en conjunto con la Autoridad Mar\u00edtima al interior del \u00c1rea Marina Costera Protegida de M\u00faltiples Usos (AMCP-MU) Pitipalena-A\u00f1ihue, se identificaron y controlaron a 8 embarcaciones realizando actividades extractivas sobre el recurso erizo, por lo tanto, incumpliendo la normativa vigente que regula el convenio de zonas contiguas.<\/p>\n<p style=\"font-weight: 400; text-align: justify;\">Producto de lo anterior, se cursaron 13 citaciones al Juzgado de Letras y Garant\u00eda de Puerto Ays\u00e9n, adem\u00e1s de incautar 7,5 toneladas de erizo, 51 unidades de loco y los equipos de buceo de las embarcaciones infractoras en poder de los infractores a disposici\u00f3n de lo que determine el Tribunal a efectos de establecer su destino final.<\/p>\n<p style=\"font-weight: 400; text-align: justify;\">Cabe se\u00f1alar que un AMCPU corresponde a un espacio decretado por el Ministerio de Medio Ambiente para el desarrollo de un plan de conservaci\u00f3n y uso sustentable de los servicios ecosist\u00e9micos que \u00e9ste contiene, liderados principalmente mediante procesos de conservaci\u00f3n colaborativas con las comunidades locales.<\/p>\n<p style=\"font-weight: 400; text-align: justify;\">Cristian Hudson, Director Regional de SERNAPESCA Ays\u00e9n, se\u00f1al\u00f3 que \u201c\u00e9stas acciones desarrolladas de manera conjunta con la Autoridad Mar\u00edtima, junto con abordar las conductas ilegales que se desarrollan sobre las pesquer\u00edas bent\u00f3nicas, buscan tambi\u00e9n contribuir al resguardo de los espacios decretados por el estado de Chile para la conservaci\u00f3n de la biodiversidad. Como SERNAPESCA continuaremos la vigilancia para resguardar tanto la conservaci\u00f3n de los recursos pesqueros como la actividad pesquera\u00a0 extractiva artesanal que se desarrolla regionalmente.\u201d<\/p>\n<\/div><\/section><\/div><div  style='height:50px' class='hr hr-invisible   avia-builder-el-6  el_after_av_one_full  el_before_av_social_share '><span class='hr-inner ' ><span class='hr-inner-style'><\/span><\/span><\/div><\/p>\n<div  class='av-social-sharing-box  avia-builder-el-7  el_after_av_hr  el_before_av_hr  '><div class='av-share-box'><h5 class='av-share-link-description av-no-toc '>Compartir esta noticia<\/h5><ul class='av-share-box-list noLightbox'><li class='av-share-link av-social-link-facebook' ><a target=\"_blank\" aria-label=\"Compartir en Facebook\" href='https:\/\/www.facebook.com\/sharer.php?u=https:\/\/radiorevelacionfm.cl\/?p=18412&#038;t=Incautan%207%2C5%20toneladas%20de%20erizo%20a%20embarcaciones%20de%20otra%20regi%C3%B3n%20en%20reciente%20fiscalizaci%C3%B3n%20en%20zona%20de%20Ays%C3%A9n' aria-hidden='false' data-av_icon='\ue8f3' data-av_iconfont='entypo-fontello' title='' data-avia-related-tooltip='Compartir en Facebook' rel=\"noopener\"><span class='avia_hidden_link_text'>Compartir en Facebook<\/span><\/a><\/li><li class='av-share-link av-social-link-twitter' ><a target=\"_blank\" aria-label=\"Compartir en Twitter\" href='https:\/\/twitter.com\/share?text=Incautan%207%2C5%20toneladas%20de%20erizo%20a%20embarcaciones%20de%20otra%20regi%C3%B3n%20en%20reciente%20fiscalizaci%C3%B3n%20en%20zona%20de%20Ays%C3%A9n&#038;url=https:\/\/radiorevelacionfm.cl\/?p=18412' aria-hidden='false' data-av_icon='\ue8f1' data-av_iconfont='entypo-fontello' title='' data-avia-related-tooltip='Compartir en Twitter' rel=\"noopener\"><span class='avia_hidden_link_text'>Compartir en Twitter<\/span><\/a><\/li><li class='av-share-link av-social-link-whatsapp' ><a target=\"_blank\" aria-label=\"Compartir en Whatsapp\" href='https:\/\/api.whatsapp.com\/send?text=https:\/\/radiorevelacionfm.cl\/?p=18412' aria-hidden='false' data-av_icon='\uf232' data-av_iconfont='entypo-fontello' title='' data-avia-related-tooltip='Compartir en Whatsapp' rel=\"noopener\"><span class='avia_hidden_link_text'>Compartir en Whatsapp<\/span><\/a><\/li><li class='av-share-link av-social-link-linkedin' ><a target=\"_blank\" aria-label=\"Compartir en LinkedIn\" href='https:\/\/linkedin.com\/shareArticle?mini=true&#038;title=Incautan%207%2C5%20toneladas%20de%20erizo%20a%20embarcaciones%20de%20otra%20regi%C3%B3n%20en%20reciente%20fiscalizaci%C3%B3n%20en%20zona%20de%20Ays%C3%A9n&#038;url=https:\/\/radiorevelacionfm.cl\/?p=18412' aria-hidden='false' data-av_icon='\ue8fc' data-av_iconfont='entypo-fontello' title='' data-avia-related-tooltip='Compartir en LinkedIn' rel=\"noopener\"><span class='avia_hidden_link_text'>Compartir en LinkedIn<\/span><\/a><\/li><li class='av-share-link av-social-link-mail' ><a  aria-label=\"Compartir por correo\" href='mailto:?subject=Incautan%207%2C5%20toneladas%20de%20erizo%20a%20embarcaciones%20de%20otra%20regi%C3%B3n%20en%20reciente%20fiscalizaci%C3%B3n%20en%20zona%20de%20Ays%C3%A9n&#038;body=https:\/\/radiorevelacionfm.cl\/?p=18412' aria-hidden='false' data-av_icon='\ue805' data-av_iconfont='entypo-fontello' title='' data-avia-related-tooltip='Compartir por correo'><span class='avia_hidden_link_text'>Compartir por correo<\/span><\/a><\/li><\/ul><\/div><\/div>\n<div  style='height:50px' class='hr hr-invisible   avia-builder-el-8  el_after_av_social_share  el_before_av_comments_list '><span class='hr-inner ' ><span class='hr-inner-style'><\/span><\/span><\/div>\n<div  class='av-buildercomment  av-blog-meta-html-info-disabled av-blog-meta-tag-disabled  '><\/div>\n","protected":false},"excerpt":{"rendered":"","protected":false},"author":1,"featured_media":18413,"comment_status":"open","ping_status":"open","sticky":false,"template":"","format":"standard","meta":{"footnotes":""},"categories":[60],"tags":[],"class_list":["post-18412","post","type-post","status-publish","format-standard","has-post-thumbnail","hentry","category-pesca"],"jetpack_featured_media_url":"https:\/\/radiorevelacionfm.cl\/wp-content\/uploads\/2022\/06\/10-copia-1_optimized.jpg","_links":{"self":[{"href":"https:\/\/radiorevelacionfm.cl\/index.php?rest_route=\/wp\/v2\/posts\/18412","targetHints":{"allow":["GET"]}}],"collection":[{"href":"https:\/\/radiorevelacionfm.cl\/index.php?rest_route=\/wp\/v2\/posts"}],"about":[{"href":"https:\/\/radiorevelacionfm.cl\/index.php?rest_route=\/wp\/v2\/types\/post"}],"author":[{"embeddable":true,"href":"https:\/\/radiorevelacionfm.cl\/index.php?rest_route=\/wp\/v2\/users\/1"}],"replies":[{"embeddable":true,"href":"https:\/\/radiorevelacionfm.cl\/index.php?rest_route=%2Fwp%2Fv2%2Fcomments&post=18412"}],"version-history":[{"count":2,"href":"https:\/\/radiorevelacionfm.cl\/index.php?rest_route=\/wp\/v2\/posts\/18412\/revisions"}],"predecessor-version":[{"id":18415,"href":"https:\/\/radiorevelacionfm.cl\/index.php?rest_route=\/wp\/v2\/posts\/18412\/revisions\/18415"}],"wp:featuredmedia":[{"embeddable":true,"href":"https:\/\/radiorevelacionfm.cl\/index.php?rest_route=\/wp\/v2\/media\/18413"}],"wp:attachment":[{"href":"https:\/\/radiorevelacionfm.cl\/index.php?rest_route=%2Fwp%2Fv2%2Fmedia&parent=18412"}],"wp:term":[{"taxonomy":"category","embeddable":true,"href":"https:\/\/radiorevelacionfm.cl\/index.php?rest_route=%2Fwp%2Fv2%2Fcategories&post=18412"},{"taxonomy":"post_tag","embeddable":true,"href":"https:\/\/radiorevelacionfm.cl\/index.php?rest_route=%2Fwp%2Fv2%2Ftags&post=18412"}],"curies":[{"name":"wp","href":"https:\/\/api.w.org\/{rel}","templated":true}]}}