{"id":18409,"date":"2022-06-25T11:15:21","date_gmt":"2022-06-25T14:15:21","guid":{"rendered":"https:\/\/radiorevelacionfm.cl\/?p=18409"},"modified":"2022-06-25T11:15:21","modified_gmt":"2022-06-25T14:15:21","slug":"invitan-a-agricultores-hortofruticolas-a-postular-a-programa-de-incentivo-a-la-inversion","status":"publish","type":"post","link":"https:\/\/radiorevelacionfm.cl\/?p=18409","title":{"rendered":"Invitan a agricultores hortofrut\u00edcolas a postular a programa de incentivo a la inversi\u00f3n"},"content":{"rendered":"<div class=\"flex_column av_one_full  flex_column_div av-zero-column-padding first  avia-builder-el-0  el_before_av_one_full  avia-builder-el-first  \" style='border-radius:0px; '><div  class='avia-image-container  av-styling-    avia-builder-el-1  avia-builder-el-no-sibling  avia-align-center '  itemprop=\"image\" itemscope=\"itemscope\" itemtype=\"https:\/\/schema.org\/ImageObject\"  ><div class='avia-image-container-inner'><div class='avia-image-overlay-wrap'><img decoding=\"async\" class='wp-image-18410 avia-img-lazy-loading-not-18410 avia_image' src=\"https:\/\/radiorevelacionfm.cl\/wp-content\/uploads\/2022\/06\/image-52_optimized.jpg\" alt='' title='image-(52)_optimized' height=\"600\" width=\"709\"  itemprop=\"thumbnailUrl\" srcset=\"https:\/\/radiorevelacionfm.cl\/wp-content\/uploads\/2022\/06\/image-52_optimized.jpg 709w, https:\/\/radiorevelacionfm.cl\/wp-content\/uploads\/2022\/06\/image-52_optimized-300x254.jpg 300w, https:\/\/radiorevelacionfm.cl\/wp-content\/uploads\/2022\/06\/image-52_optimized-705x597.jpg 705w, https:\/\/radiorevelacionfm.cl\/wp-content\/uploads\/2022\/06\/image-52_optimized-600x508.jpg 600w\" sizes=\"(max-width: 709px) 100vw, 709px\" \/><\/div><\/div><\/div><\/div><div class=\"flex_column av_one_full  flex_column_div av-zero-column-padding first  avia-builder-el-2  el_after_av_one_full  el_before_av_one_full  column-top-margin\" style='border-radius:0px; '><section class=\"av_textblock_section \"  itemscope=\"itemscope\" itemtype=\"https:\/\/schema.org\/BlogPosting\" itemprop=\"blogPost\" ><div class='avia_textblock  '   itemprop=\"text\" ><p style=\"text-align: center;\"><strong><span style=\"font-size: 18pt;\">Invitan a agricultores hortofrut\u00edcolas a postular a programa de incentivo a la inversi\u00f3n <\/span><\/strong><\/p>\n<div id=\"gtx-trans\" style=\"position: absolute; left: -50px; top: 4.31534px;\">\n<div class=\"gtx-trans-icon\"><\/div>\n<\/div>\n<\/div><\/section><\/div><div class=\"flex_column av_one_full  flex_column_div av-zero-column-padding first  avia-builder-el-4  el_after_av_one_full  el_before_av_hr  column-top-margin\" style='border-radius:0px; '><section class=\"av_textblock_section \"  itemscope=\"itemscope\" itemtype=\"https:\/\/schema.org\/BlogPosting\" itemprop=\"blogPost\" ><div class='avia_textblock  '   itemprop=\"text\" ><p style=\"text-align: justify;\">Hasta el 22 de julio la Secretar\u00eda Regional Ministerial de Agricultura e Indap, invitan a los y las agricultoras de la regi\u00f3n a postular al Programa de Desarrollo de Inversiones (PDI) que busca apoyar la inversi\u00f3n de productores vinculados a los rubros hortofrut\u00edcola que cuenten con desarrollo comercial y que requieran inversiones para aumentar su productividad o propiciar el acceso a nuevos mercados.<\/p>\n<p style=\"text-align: justify;\">Postulaci\u00f3n de alcance regional que nace en el marco del \u00abPrograma Transferencia Fortalecimiento a la Inversi\u00f3n Para El Rubro Hortofrut\u00edcola\u00bb, impulsada por la entidad y financiada por el Gobierno Regional buscando contribuir a mejorar y aumentar el volumen de producci\u00f3n de frutas y hortalizas de la regi\u00f3n.<\/p>\n<p style=\"text-align: justify;\">\u00abA nivel nacional nuestro ministerio, esta semana, impuls\u00f3 la formaci\u00f3n del Comisi\u00f3n Nacional de Seguridad y Soberan\u00eda Alimentaria instancia de car\u00e1cter p\u00fablico-privada para dise\u00f1ar el Plan Nacional de Seguridad y Soberan\u00eda Alimentaria. En este sentido estos programas buscan apoyar a nuestra agricultura familiar campesina, como base de nuestro sistema agroalimentario\u00bb, destac\u00f3 el Seremi de Agricultura, Alan Espinoza Ortiz.<\/p>\n<p style=\"text-align: justify;\">El Programa de Desarrollo de Inversiones se enfoca en apoyar a las y los productores para materializar proyectos de capitalizaci\u00f3n y\/o modernizaci\u00f3n de sus sistemas de producci\u00f3n con un monto que llega hasta los $4 millones y con un subvenci\u00f3n de hasta el 90%. Con criterio de selecci\u00f3n que priorizan proyectos impulsados por mujeres y j\u00f3venes, adem\u00e1s de priorizar a productores que acrediten inicio de actividades o participaci\u00f3n activa en ferias hortofrut\u00edcolas.<\/p>\n<p style=\"text-align: justify;\">Para realizar consultas y obtener informaci\u00f3n interesados\/as pueden dirigirse a las \u00e1reas de Indap de la regi\u00f3n o comunicarse a trav\u00e9s de los correos <a href=\"mailto:mary.schmidt@minagri.gob.cl\" rel=\"noreferrer\">mary.schmidt@minagri.gob.cl<\/a> o <a href=\"mailto:Bdonoso@indap.cl\" rel=\"noreferrer\">bdonoso@indap.cl<\/a><\/p>\n<\/div><\/section><\/div><div  style='height:50px' class='hr hr-invisible   avia-builder-el-6  el_after_av_one_full  el_before_av_social_share '><span class='hr-inner ' ><span class='hr-inner-style'><\/span><\/span><\/div><\/p>\n<div  class='av-social-sharing-box  avia-builder-el-7  el_after_av_hr  el_before_av_hr  '><div class='av-share-box'><h5 class='av-share-link-description av-no-toc '>Compartir esta noticia<\/h5><ul class='av-share-box-list noLightbox'><li class='av-share-link av-social-link-facebook' ><a target=\"_blank\" aria-label=\"Compartir en Facebook\" href='https:\/\/www.facebook.com\/sharer.php?u=https:\/\/radiorevelacionfm.cl\/?p=18409&#038;t=Invitan%20a%20agricultores%20hortofrut%C3%ADcolas%20a%20postular%20a%20programa%20de%20incentivo%20a%20la%20inversi%C3%B3n' aria-hidden='false' data-av_icon='\ue8f3' data-av_iconfont='entypo-fontello' title='' data-avia-related-tooltip='Compartir en Facebook' rel=\"noopener\"><span class='avia_hidden_link_text'>Compartir en Facebook<\/span><\/a><\/li><li class='av-share-link av-social-link-twitter' ><a target=\"_blank\" aria-label=\"Compartir en Twitter\" href='https:\/\/twitter.com\/share?text=Invitan%20a%20agricultores%20hortofrut%C3%ADcolas%20a%20postular%20a%20programa%20de%20incentivo%20a%20la%20inversi%C3%B3n&#038;url=https:\/\/radiorevelacionfm.cl\/?p=18409' aria-hidden='false' data-av_icon='\ue8f1' data-av_iconfont='entypo-fontello' title='' data-avia-related-tooltip='Compartir en Twitter' rel=\"noopener\"><span class='avia_hidden_link_text'>Compartir en Twitter<\/span><\/a><\/li><li class='av-share-link av-social-link-whatsapp' ><a target=\"_blank\" aria-label=\"Compartir en Whatsapp\" href='https:\/\/api.whatsapp.com\/send?text=https:\/\/radiorevelacionfm.cl\/?p=18409' aria-hidden='false' data-av_icon='\uf232' data-av_iconfont='entypo-fontello' title='' data-avia-related-tooltip='Compartir en Whatsapp' rel=\"noopener\"><span class='avia_hidden_link_text'>Compartir en Whatsapp<\/span><\/a><\/li><li class='av-share-link av-social-link-linkedin' ><a target=\"_blank\" aria-label=\"Compartir en LinkedIn\" href='https:\/\/linkedin.com\/shareArticle?mini=true&#038;title=Invitan%20a%20agricultores%20hortofrut%C3%ADcolas%20a%20postular%20a%20programa%20de%20incentivo%20a%20la%20inversi%C3%B3n&#038;url=https:\/\/radiorevelacionfm.cl\/?p=18409' aria-hidden='false' data-av_icon='\ue8fc' data-av_iconfont='entypo-fontello' title='' data-avia-related-tooltip='Compartir en LinkedIn' rel=\"noopener\"><span class='avia_hidden_link_text'>Compartir en LinkedIn<\/span><\/a><\/li><li class='av-share-link av-social-link-mail' ><a  aria-label=\"Compartir por correo\" href='mailto:?subject=Invitan%20a%20agricultores%20hortofrut%C3%ADcolas%20a%20postular%20a%20programa%20de%20incentivo%20a%20la%20inversi%C3%B3n&#038;body=https:\/\/radiorevelacionfm.cl\/?p=18409' aria-hidden='false' data-av_icon='\ue805' data-av_iconfont='entypo-fontello' title='' data-avia-related-tooltip='Compartir por correo'><span class='avia_hidden_link_text'>Compartir por correo<\/span><\/a><\/li><\/ul><\/div><\/div>\n<div  style='height:50px' class='hr hr-invisible   avia-builder-el-8  el_after_av_social_share  el_before_av_comments_list '><span class='hr-inner ' ><span class='hr-inner-style'><\/span><\/span><\/div>\n<div  class='av-buildercomment  av-blog-meta-html-info-disabled av-blog-meta-tag-disabled  '><\/div>\n","protected":false},"excerpt":{"rendered":"","protected":false},"author":1,"featured_media":18410,"comment_status":"open","ping_status":"open","sticky":false,"template":"","format":"standard","meta":{"footnotes":""},"categories":[58],"tags":[],"class_list":["post-18409","post","type-post","status-publish","format-standard","has-post-thumbnail","hentry","category-agricultura"],"jetpack_featured_media_url":"https:\/\/radiorevelacionfm.cl\/wp-content\/uploads\/2022\/06\/image-52_optimized.jpg","_links":{"self":[{"href":"https:\/\/radiorevelacionfm.cl\/index.php?rest_route=\/wp\/v2\/posts\/18409","targetHints":{"allow":["GET"]}}],"collection":[{"href":"https:\/\/radiorevelacionfm.cl\/index.php?rest_route=\/wp\/v2\/posts"}],"about":[{"href":"https:\/\/radiorevelacionfm.cl\/index.php?rest_route=\/wp\/v2\/types\/post"}],"author":[{"embeddable":true,"href":"https:\/\/radiorevelacionfm.cl\/index.php?rest_route=\/wp\/v2\/users\/1"}],"replies":[{"embeddable":true,"href":"https:\/\/radiorevelacionfm.cl\/index.php?rest_route=%2Fwp%2Fv2%2Fcomments&post=18409"}],"version-history":[{"count":2,"href":"https:\/\/radiorevelacionfm.cl\/index.php?rest_route=\/wp\/v2\/posts\/18409\/revisions"}],"predecessor-version":[{"id":18460,"href":"https:\/\/radiorevelacionfm.cl\/index.php?rest_route=\/wp\/v2\/posts\/18409\/revisions\/18460"}],"wp:featuredmedia":[{"embeddable":true,"href":"https:\/\/radiorevelacionfm.cl\/index.php?rest_route=\/wp\/v2\/media\/18410"}],"wp:attachment":[{"href":"https:\/\/radiorevelacionfm.cl\/index.php?rest_route=%2Fwp%2Fv2%2Fmedia&parent=18409"}],"wp:term":[{"taxonomy":"category","embeddable":true,"href":"https:\/\/radiorevelacionfm.cl\/index.php?rest_route=%2Fwp%2Fv2%2Fcategories&post=18409"},{"taxonomy":"post_tag","embeddable":true,"href":"https:\/\/radiorevelacionfm.cl\/index.php?rest_route=%2Fwp%2Fv2%2Ftags&post=18409"}],"curies":[{"name":"wp","href":"https:\/\/api.w.org\/{rel}","templated":true}]}}