{"id":18406,"date":"2022-06-24T19:19:59","date_gmt":"2022-06-24T22:19:59","guid":{"rendered":"https:\/\/radiorevelacionfm.cl\/?p=18406"},"modified":"2022-06-24T19:19:59","modified_gmt":"2022-06-24T22:19:59","slug":"marcia-raphael-hace-un-llamado-a-las-autoridades-para-juntos-trabajar-en-superar-el-precario-sistema-electrico-de-aysen","status":"publish","type":"post","link":"https:\/\/radiorevelacionfm.cl\/?p=18406","title":{"rendered":"Marcia Raphael hace un llamado a las autoridades para juntos trabajar en superar el precario sistema el\u00e9ctrico de Ays\u00e9n"},"content":{"rendered":"<div class=\"flex_column av_one_full  flex_column_div av-zero-column-padding first  avia-builder-el-0  el_before_av_one_full  avia-builder-el-first  \" style='border-radius:0px; '><div  class='avia-image-container  av-styling-    avia-builder-el-1  avia-builder-el-no-sibling  avia-align-center '  itemprop=\"image\" itemscope=\"itemscope\" itemtype=\"https:\/\/schema.org\/ImageObject\"  ><div class='avia-image-container-inner'><div class='avia-image-overlay-wrap'><img decoding=\"async\" class='wp-image-18407 avia-img-lazy-loading-not-18407 avia_image' src=\"https:\/\/radiorevelacionfm.cl\/wp-content\/uploads\/2022\/06\/DIPSEC1-1-1.jpg\" alt='' title='DIPSEC1 (1) (1)' height=\"600\" width=\"1068\"  itemprop=\"thumbnailUrl\" srcset=\"https:\/\/radiorevelacionfm.cl\/wp-content\/uploads\/2022\/06\/DIPSEC1-1-1.jpg 1068w, https:\/\/radiorevelacionfm.cl\/wp-content\/uploads\/2022\/06\/DIPSEC1-1-1-300x169.jpg 300w, https:\/\/radiorevelacionfm.cl\/wp-content\/uploads\/2022\/06\/DIPSEC1-1-1-1030x579.jpg 1030w, https:\/\/radiorevelacionfm.cl\/wp-content\/uploads\/2022\/06\/DIPSEC1-1-1-768x431.jpg 768w, https:\/\/radiorevelacionfm.cl\/wp-content\/uploads\/2022\/06\/DIPSEC1-1-1-705x396.jpg 705w, https:\/\/radiorevelacionfm.cl\/wp-content\/uploads\/2022\/06\/DIPSEC1-1-1-600x337.jpg 600w\" sizes=\"(max-width: 1068px) 100vw, 1068px\" \/><\/div><\/div><\/div><\/div><div class=\"flex_column av_one_full  flex_column_div av-zero-column-padding first  avia-builder-el-2  el_after_av_one_full  el_before_av_one_full  column-top-margin\" style='border-radius:0px; '><section class=\"av_textblock_section \"  itemscope=\"itemscope\" itemtype=\"https:\/\/schema.org\/BlogPosting\" itemprop=\"blogPost\" ><div class='avia_textblock  '   itemprop=\"text\" ><p style=\"text-align: center;\"><span style=\"font-size: 18pt;\"><strong>Marcia Raphael hace un llamado a las autoridades para juntos trabajar en superar el precario sistema el\u00e9ctrico de Ays\u00e9n<\/strong><\/span><\/p>\n<div id=\"gtx-trans\" style=\"position: absolute; left: -50px; top: 4.31534px;\">\n<div class=\"gtx-trans-icon\"><\/div>\n<\/div>\n<\/div><\/section><\/div><div class=\"flex_column av_one_full  flex_column_div av-zero-column-padding first  avia-builder-el-4  el_after_av_one_full  el_before_av_hr  column-top-margin\" style='border-radius:0px; '><section class=\"av_textblock_section \"  itemscope=\"itemscope\" itemtype=\"https:\/\/schema.org\/BlogPosting\" itemprop=\"blogPost\" ><div class='avia_textblock  '   itemprop=\"text\" ><p style=\"text-align: justify;\">Con repetidos cortes en el suministro el\u00e9ctrico en Coyhaique y sus alrededores, los habitantes de la comuna se han visto gravemente afectados, puesto que este no es solo un problema de electricidad, tambi\u00e9n de calefacci\u00f3n, lo que ante las bajas temperaturas que se han registrado en los \u00faltimos d\u00edas en la regi\u00f3n, acent\u00faan aun m\u00e1s esta problem\u00e1tica.<\/p>\n<p style=\"text-align: justify;\">Con olas de fr\u00edo por sobre los 10 grados bajo cero, los cuestionables cortes de energ\u00eda el\u00e9ctrica, ponen en jaque al plan de descontaminaci\u00f3n por el Ministerio de Medio Ambiente y Gobierno Regional, a trav\u00e9s de los recambios de calefactores. Los que en su totalidad requieren alg\u00fan porcentaje de electricidad para su funcionamiento.<\/p>\n<p style=\"text-align: justify;\">Frente a esta situaci\u00f3n es que la Diputada Marcia Raphael se reuni\u00f3 con el Director Regional de la Superintendencia de Electricidad y Combustibles Hugo Ardiles, para abordar la afectaci\u00f3n que ha producido en la comunidad la irregularidad del suministro el\u00e9ctrico. Donde principalmente el problema de calefacci\u00f3n genera un desincentivo a que las familias ayseninas eliminen sus combustiones de le\u00f1a.<\/p>\n<p style=\"text-align: justify;\">Es as\u00ed como la diputada coment\u00f3 \u201clos reiterados cortes de energ\u00eda el\u00e9ctrica son un claro obst\u00e1culo para el desarrollo de la regi\u00f3n, en la calidad de vida de sus habitantes y con el alto \u00edndice de contaminaci\u00f3n en Coyhaique. Es por ello que nos reunimos con el Director Regional de SEC para consultar sobre las fiscalizaciones que realizan a la empresa responsable de proporcionar energ\u00eda en la comuna y que tan peri\u00f3dicas son dichas fiscalizaciones. Hoy muchas familias quedaron sin calefacci\u00f3n por un largo per\u00edodo de tiempo, raz\u00f3n m\u00e1s que suficiente para que quienes tenemos cargos de representaci\u00f3n p\u00fablica, logremos encontrar soluciones ante esta situaci\u00f3n\u00bb.<\/p>\n<p style=\"text-align: justify;\">As\u00ed mismo el Director Regional de SEC Hugo Ardiles indic\u00f3 \u201clas empresas tienen la obligaci\u00f3n de entregar un suministro seguro y continuo y en nuestro rol fiscalizador es lo que les exigimos a ellas. En el contexto de estos dos cortes de energ\u00eda que tuvimos el d\u00eda jueves, lo que corresponde es que la empresa presente un informe de an\u00e1lisis de falla, tienen un plazo de 15 d\u00edas para hacerlo, nosotros analizaremos ese informe y en funci\u00f3n del resultado de aquel an\u00e1lisis podemos determinar la pertinencia o no de formular cargos contra la empresa por las responsabilidades que les quepan a ellos en el incumplimiento de la norma t\u00e9cnica\u201d.<\/p>\n<p style=\"text-align: justify;\">Finalmente la Diputada Raphael agreg\u00f3 \u201cLa precariedad del sistema el\u00e9ctrico en Ays\u00e9n ha quedado en evidencia, es imposible avanzar en el plan de descontaminaci\u00f3n si no tomamos en serio el tema del suministro el\u00e9ctrico. Se requiere un cambio en el sistema regulatorio, cuyo trabajo principalmente recae en nosotros los parlamentarios. Se necesita diversificar la matriz energ\u00e9tica para desplazar a la le\u00f1a y principalmente el di\u00e9sel\u201d. En tal sentido la legisladora realiz\u00f3 un llamado al Ejecutivo, al Gobierno Regional y sus pares para relevar el tema como una principal prioridad de Ays\u00e9n.<\/p>\n<p style=\"text-align: justify;\">No es posible tener la abundancia de energ\u00edas renovables no convencionales, teniendo una de las ciudades m\u00e1s contaminadas de Am\u00e9rica, con los m\u00e1s altos costos de energ\u00eda.<\/p>\n<\/div><\/section><\/div><div  style='height:50px' class='hr hr-invisible   avia-builder-el-6  el_after_av_one_full  el_before_av_social_share '><span class='hr-inner ' ><span class='hr-inner-style'><\/span><\/span><\/div><\/p>\n<div  class='av-social-sharing-box  avia-builder-el-7  el_after_av_hr  el_before_av_hr  '><div class='av-share-box'><h5 class='av-share-link-description av-no-toc '>Compartir esta noticia<\/h5><ul class='av-share-box-list noLightbox'><li class='av-share-link av-social-link-facebook' ><a target=\"_blank\" aria-label=\"Compartir en Facebook\" href='https:\/\/www.facebook.com\/sharer.php?u=https:\/\/radiorevelacionfm.cl\/?p=18406&#038;t=Marcia%20Raphael%20hace%20un%20llamado%20a%20las%20autoridades%20para%20juntos%20trabajar%20en%20superar%20el%20precario%20sistema%20el%C3%A9ctrico%20de%20Ays%C3%A9n' aria-hidden='false' data-av_icon='\ue8f3' data-av_iconfont='entypo-fontello' title='' data-avia-related-tooltip='Compartir en Facebook' rel=\"noopener\"><span class='avia_hidden_link_text'>Compartir en Facebook<\/span><\/a><\/li><li class='av-share-link av-social-link-twitter' ><a target=\"_blank\" aria-label=\"Compartir en Twitter\" href='https:\/\/twitter.com\/share?text=Marcia%20Raphael%20hace%20un%20llamado%20a%20las%20autoridades%20para%20juntos%20trabajar%20en%20superar%20el%20precario%20sistema%20el%C3%A9ctrico%20de%20Ays%C3%A9n&#038;url=https:\/\/radiorevelacionfm.cl\/?p=18406' aria-hidden='false' data-av_icon='\ue8f1' data-av_iconfont='entypo-fontello' title='' data-avia-related-tooltip='Compartir en Twitter' rel=\"noopener\"><span class='avia_hidden_link_text'>Compartir en Twitter<\/span><\/a><\/li><li class='av-share-link av-social-link-whatsapp' ><a target=\"_blank\" aria-label=\"Compartir en Whatsapp\" href='https:\/\/api.whatsapp.com\/send?text=https:\/\/radiorevelacionfm.cl\/?p=18406' aria-hidden='false' data-av_icon='\uf232' data-av_iconfont='entypo-fontello' title='' data-avia-related-tooltip='Compartir en Whatsapp' rel=\"noopener\"><span class='avia_hidden_link_text'>Compartir en Whatsapp<\/span><\/a><\/li><li class='av-share-link av-social-link-linkedin' ><a target=\"_blank\" aria-label=\"Compartir en LinkedIn\" href='https:\/\/linkedin.com\/shareArticle?mini=true&#038;title=Marcia%20Raphael%20hace%20un%20llamado%20a%20las%20autoridades%20para%20juntos%20trabajar%20en%20superar%20el%20precario%20sistema%20el%C3%A9ctrico%20de%20Ays%C3%A9n&#038;url=https:\/\/radiorevelacionfm.cl\/?p=18406' aria-hidden='false' data-av_icon='\ue8fc' data-av_iconfont='entypo-fontello' title='' data-avia-related-tooltip='Compartir en LinkedIn' rel=\"noopener\"><span class='avia_hidden_link_text'>Compartir en LinkedIn<\/span><\/a><\/li><li class='av-share-link av-social-link-mail' ><a  aria-label=\"Compartir por correo\" href='mailto:?subject=Marcia%20Raphael%20hace%20un%20llamado%20a%20las%20autoridades%20para%20juntos%20trabajar%20en%20superar%20el%20precario%20sistema%20el%C3%A9ctrico%20de%20Ays%C3%A9n&#038;body=https:\/\/radiorevelacionfm.cl\/?p=18406' aria-hidden='false' data-av_icon='\ue805' data-av_iconfont='entypo-fontello' title='' data-avia-related-tooltip='Compartir por correo'><span class='avia_hidden_link_text'>Compartir por correo<\/span><\/a><\/li><\/ul><\/div><\/div>\n<div  style='height:50px' class='hr hr-invisible   avia-builder-el-8  el_after_av_social_share  el_before_av_comments_list '><span class='hr-inner ' ><span class='hr-inner-style'><\/span><\/span><\/div>\n<div  class='av-buildercomment  av-blog-meta-html-info-disabled av-blog-meta-tag-disabled  '><\/div>\n","protected":false},"excerpt":{"rendered":"","protected":false},"author":1,"featured_media":18407,"comment_status":"open","ping_status":"open","sticky":false,"template":"","format":"standard","meta":{"footnotes":""},"categories":[35],"tags":[],"class_list":["post-18406","post","type-post","status-publish","format-standard","has-post-thumbnail","hentry","category-politica"],"jetpack_featured_media_url":"https:\/\/radiorevelacionfm.cl\/wp-content\/uploads\/2022\/06\/DIPSEC1-1-1.jpg","_links":{"self":[{"href":"https:\/\/radiorevelacionfm.cl\/index.php?rest_route=\/wp\/v2\/posts\/18406","targetHints":{"allow":["GET"]}}],"collection":[{"href":"https:\/\/radiorevelacionfm.cl\/index.php?rest_route=\/wp\/v2\/posts"}],"about":[{"href":"https:\/\/radiorevelacionfm.cl\/index.php?rest_route=\/wp\/v2\/types\/post"}],"author":[{"embeddable":true,"href":"https:\/\/radiorevelacionfm.cl\/index.php?rest_route=\/wp\/v2\/users\/1"}],"replies":[{"embeddable":true,"href":"https:\/\/radiorevelacionfm.cl\/index.php?rest_route=%2Fwp%2Fv2%2Fcomments&post=18406"}],"version-history":[{"count":2,"href":"https:\/\/radiorevelacionfm.cl\/index.php?rest_route=\/wp\/v2\/posts\/18406\/revisions"}],"predecessor-version":[{"id":18431,"href":"https:\/\/radiorevelacionfm.cl\/index.php?rest_route=\/wp\/v2\/posts\/18406\/revisions\/18431"}],"wp:featuredmedia":[{"embeddable":true,"href":"https:\/\/radiorevelacionfm.cl\/index.php?rest_route=\/wp\/v2\/media\/18407"}],"wp:attachment":[{"href":"https:\/\/radiorevelacionfm.cl\/index.php?rest_route=%2Fwp%2Fv2%2Fmedia&parent=18406"}],"wp:term":[{"taxonomy":"category","embeddable":true,"href":"https:\/\/radiorevelacionfm.cl\/index.php?rest_route=%2Fwp%2Fv2%2Fcategories&post=18406"},{"taxonomy":"post_tag","embeddable":true,"href":"https:\/\/radiorevelacionfm.cl\/index.php?rest_route=%2Fwp%2Fv2%2Ftags&post=18406"}],"curies":[{"name":"wp","href":"https:\/\/api.w.org\/{rel}","templated":true}]}}