{"id":18403,"date":"2022-06-24T18:16:14","date_gmt":"2022-06-24T21:16:14","guid":{"rendered":"https:\/\/radiorevelacionfm.cl\/?p=18403"},"modified":"2022-06-24T19:07:41","modified_gmt":"2022-06-24T22:07:41","slug":"autoridades-regionales-y-alcaldes-fijan-postura-en-torno-a-la-implementacion-del-slep-aysen","status":"publish","type":"post","link":"https:\/\/radiorevelacionfm.cl\/?p=18403","title":{"rendered":"Autoridades regionales y alcaldes fijan postura en torno a la implementaci\u00f3n del SLEP Ays\u00e9n"},"content":{"rendered":"<div class=\"flex_column av_one_full  flex_column_div av-zero-column-padding first  avia-builder-el-0  el_before_av_one_full  avia-builder-el-first  \" style='border-radius:0px; '><div  class='avia-image-container  av-styling-    avia-builder-el-1  avia-builder-el-no-sibling  avia-align-center '  itemprop=\"image\" itemscope=\"itemscope\" itemtype=\"https:\/\/schema.org\/ImageObject\"  ><div class='avia-image-container-inner'><div class='avia-image-overlay-wrap'><img decoding=\"async\" class='wp-image-18404 avia-img-lazy-loading-not-18404 avia_image' src=\"https:\/\/radiorevelacionfm.cl\/wp-content\/uploads\/2022\/06\/Foto1-3-1-1.jpeg\" alt='' title='Foto1 (3) (1) (1)' height=\"600\" width=\"900\"  itemprop=\"thumbnailUrl\" srcset=\"https:\/\/radiorevelacionfm.cl\/wp-content\/uploads\/2022\/06\/Foto1-3-1-1.jpeg 900w, https:\/\/radiorevelacionfm.cl\/wp-content\/uploads\/2022\/06\/Foto1-3-1-1-300x200.jpeg 300w, https:\/\/radiorevelacionfm.cl\/wp-content\/uploads\/2022\/06\/Foto1-3-1-1-768x512.jpeg 768w, https:\/\/radiorevelacionfm.cl\/wp-content\/uploads\/2022\/06\/Foto1-3-1-1-705x470.jpeg 705w, https:\/\/radiorevelacionfm.cl\/wp-content\/uploads\/2022\/06\/Foto1-3-1-1-600x400.jpeg 600w\" sizes=\"(max-width: 900px) 100vw, 900px\" \/><\/div><\/div><\/div><\/div>\n<div class=\"flex_column av_one_full  flex_column_div av-zero-column-padding first  avia-builder-el-2  el_after_av_one_full  el_before_av_one_full  column-top-margin\" style='border-radius:0px; '><section class=\"av_textblock_section \"  itemscope=\"itemscope\" itemtype=\"https:\/\/schema.org\/BlogPosting\" itemprop=\"blogPost\" ><div class='avia_textblock  '   itemprop=\"text\" ><p style=\"text-align: center;\"><strong><span style=\"font-size: 18pt;\">Autoridades regionales y alcaldes fijan postura en torno a la implementaci\u00f3n del SLEP Ays\u00e9n<\/span><\/strong><\/p>\n<div id=\"gtx-trans\" style=\"position: absolute; left: -50px; top: 4.31534px;\">\n<div class=\"gtx-trans-icon\"><\/div>\n<\/div>\n<\/div><\/section><\/div>\n<div class=\"flex_column av_one_full  flex_column_div av-zero-column-padding first  avia-builder-el-4  el_after_av_one_full  el_before_av_hr  column-top-margin\" style='border-radius:0px; '><section class=\"av_textblock_section \"  itemscope=\"itemscope\" itemtype=\"https:\/\/schema.org\/BlogPosting\" itemprop=\"blogPost\" ><div class='avia_textblock  '   itemprop=\"text\" ><p style=\"text-align: justify;\">En dependencias del Gobierno Regional de Ays\u00e9n se realiz\u00f3 una hist\u00f3rica reuni\u00f3n entre las autoridades locales, regionales y la Seremi de Educaci\u00f3n para abordar la implementaci\u00f3n del Servicio Local de Educaci\u00f3n P\u00fablica Ays\u00e9n que est\u00e1 ad portas de ser una realidad en la regi\u00f3n.<\/p>\n<p style=\"text-align: justify;\">En la ocasi\u00f3n, la Seremi Isabel Garrido present\u00f3 los lineamientos a los 10 alcaldes de la regi\u00f3n a prop\u00f3sito del proyecto de Gobierno que har\u00e1 que todos los establecimientos de educaci\u00f3n p\u00fablica pasen de la administraci\u00f3n de los Municipios a la directa administraci\u00f3n del Ministerio de Educaci\u00f3n a trav\u00e9s del Servicio Local.<\/p>\n<p style=\"text-align: justify;\">La instancia de di\u00e1logo en conjunto fue propiciada por la m\u00e1xima autoridad regional, Gobernadora Andrea Mac\u00edas, quien reafirm\u00f3 la importancia del rol articulador que tiene el Gobierno Regional en materias que impactan a la regi\u00f3n de Ays\u00e9n.<\/p>\n<p style=\"text-align: justify;\">\u00abNos parece importante poder pensar de manera conjunta c\u00f3mo vamos avanzar hacia una instalaci\u00f3n de este servicio que sea eficiente y que no ponga en peligro la calidad de la educaci\u00f3n que reciben nuestros ni\u00f1os, ni\u00f1as y j\u00f3venes. La regi\u00f3n de Ays\u00e9n es un territorio diferente y por lo tanto, la forma en que se instala un Servicio de Educaci\u00f3n debe ser pensando en las caracter\u00edsticas particulares de nuestro territorio. En ese sentido, agradecemos \u00a0el trabajo conjunto y la visi\u00f3n com\u00fan que tenemos desde los distintos territorios. Junto con los alcaldes y Municipios vamos a seguir fomentando los espacios de encuentro y acuerdo para la implementaci\u00f3n\u00bb, sostuvo la Gobernadora.<\/p>\n<p style=\"text-align: justify;\">La Seremi Isabel Garrido, recalc\u00f3 la importancia del prop\u00f3sito que es volver a impulsar la educaci\u00f3n p\u00fablica. \u00abEse tiene que ser el pilar esencial de nuestro sistema educativo, llegamos a bastante consensos podr\u00edamos decir con respecto a cu\u00e1les son las necesidades especiales de nuestra regi\u00f3n de Ays\u00e9n para el sistema de educaci\u00f3n p\u00fablica y hay desaf\u00edos como vamos a tener que abortar si o si. Ninguna ley, ninguna reforma es perfecta, tenemos desaf\u00edos como Gobierno del Presidente Gabriel Boric, el impulsar esta reforma de la mejor manera posible para minimizar esos riesgos que son reales\u00bb.<\/p>\n<p style=\"text-align: justify;\">Para el alcalde de la comuna de Cisnes, Francisco Roncagliolo, la exposici\u00f3n es importante para ir sincerando posiciones en c\u00f3mo se llevar\u00e1 a cabo este cambio. \u00abMi Municipio junto al municipio de Chile Chico e Ib\u00e1\u00f1ez, solicitamos un aplazamiento mediante oficio porque no est\u00e1bamos a favor de que se hicieran los traspasos de los establecimientos educacionales en las condiciones en que el SLEP hoy d\u00eda est\u00e1 configurado para la regi\u00f3n de Ays\u00e9n.\u00a0 Dadas las condiciones log\u00edsticas dado que hay un desconocimiento tambi\u00e9n en el funcionamiento operativo de lo que significa trabajar en nuestras comunas y obviamente eso puede perjudicar, tanto a nuestros estudiantes, apoderados, profesores, asistentes de la educaci\u00f3n y la comunidad educativa\u00bb, afirm\u00f3 el edil.<\/p>\n<p style=\"text-align: justify;\">El presidente de la Comisi\u00f3n Social del Consejo Regional, Consejero Sergio Gonz\u00e1lez, agradeci\u00f3 la convocatoria de la Gobernadora a llevar a cabo esta conversaci\u00f3n con todos los actores involucrados en el traspaso.<\/p>\n<p style=\"text-align: justify;\">\u00abLos Servicios Locales de Educaci\u00f3n P\u00fablica (SLEP) presentan dudas, de c\u00f3mo se va a realizar el traspaso, cu\u00e1les son las problem\u00e1ticas que se presentan para que esto realmente se ejecute sin perjudicar particularmente a los ni\u00f1os de las familias que hoy d\u00eda est\u00e1n ocupando esos colegios. Se presentaron bastantes preguntas de temas que se necesita saber que los Municipios para poder hacer un traspaso como corresponde (&#8230;) Creo que es s\u00faper importante porque va a permitir de alguna forma en pocos d\u00edas, es m\u00e1s los primeros d\u00edas de julio, reunirse con el Subsecretario de Educaci\u00f3n a hacer una buena instancia para poder plasmar cu\u00e1les son las problem\u00e1ticas reales y obviamente tener la mirada directa desde el Ministerio para poder avanzar en aquello\u00bb, coment\u00f3.<\/p>\n<p style=\"text-align: justify;\">Finalmente, la Gobernadora Mac\u00edas comprometi\u00f3 seguir abriendo espacios de di\u00e1logo para conocer la realidad que vive cada una de las comunas de la regi\u00f3n respecto a la implementaci\u00f3n del Servicio.<\/p>\n<p style=\"text-align: justify;\">\u00abVamos a resguardar y tomar todas las medidas necesarias para garantizar que todos los estudiantes nuestra regi\u00f3n puedan continuar sus ciclos educativos m\u00e1s all\u00e1 del n\u00famero de matr\u00edcula que tenga un establecimiento, por ejemplo, los temas de log\u00edstica, de c\u00f3mo garantizamos que toda la regi\u00f3n pueda funcionar de manera eficiente cierto los traslados de insumos que hoy en d\u00eda realizan las direcciones de educaci\u00f3n municipal y que estar\u00eda centralizadas\u00bb, puntualiz\u00f3.<\/p>\n<div><\/div>\n<\/div><\/section><\/div><div  style='height:50px' class='hr hr-invisible   avia-builder-el-6  el_after_av_one_full  el_before_av_social_share '><span class='hr-inner ' ><span class='hr-inner-style'><\/span><\/span><\/div><\/p>\n<div  class='av-social-sharing-box  avia-builder-el-7  el_after_av_hr  el_before_av_hr  '><div class='av-share-box'><h5 class='av-share-link-description av-no-toc '>Compartir esta noticia<\/h5><ul class='av-share-box-list noLightbox'><li class='av-share-link av-social-link-facebook' ><a target=\"_blank\" aria-label=\"Compartir en Facebook\" href='https:\/\/www.facebook.com\/sharer.php?u=https:\/\/radiorevelacionfm.cl\/?p=18403&#038;t=Autoridades%20regionales%20y%20alcaldes%20fijan%20postura%20en%20torno%20a%20la%20implementaci%C3%B3n%20del%20SLEP%20Ays%C3%A9n' aria-hidden='false' data-av_icon='\ue8f3' data-av_iconfont='entypo-fontello' title='' data-avia-related-tooltip='Compartir en Facebook' rel=\"noopener\"><span class='avia_hidden_link_text'>Compartir en Facebook<\/span><\/a><\/li><li class='av-share-link av-social-link-twitter' ><a target=\"_blank\" aria-label=\"Compartir en Twitter\" href='https:\/\/twitter.com\/share?text=Autoridades%20regionales%20y%20alcaldes%20fijan%20postura%20en%20torno%20a%20la%20implementaci%C3%B3n%20del%20SLEP%20Ays%C3%A9n&#038;url=https:\/\/radiorevelacionfm.cl\/?p=18403' aria-hidden='false' data-av_icon='\ue8f1' data-av_iconfont='entypo-fontello' title='' data-avia-related-tooltip='Compartir en Twitter' rel=\"noopener\"><span class='avia_hidden_link_text'>Compartir en Twitter<\/span><\/a><\/li><li class='av-share-link av-social-link-whatsapp' ><a target=\"_blank\" aria-label=\"Compartir en Whatsapp\" href='https:\/\/api.whatsapp.com\/send?text=https:\/\/radiorevelacionfm.cl\/?p=18403' aria-hidden='false' data-av_icon='\uf232' data-av_iconfont='entypo-fontello' title='' data-avia-related-tooltip='Compartir en Whatsapp' rel=\"noopener\"><span class='avia_hidden_link_text'>Compartir en Whatsapp<\/span><\/a><\/li><li class='av-share-link av-social-link-linkedin' ><a target=\"_blank\" aria-label=\"Compartir en LinkedIn\" href='https:\/\/linkedin.com\/shareArticle?mini=true&#038;title=Autoridades%20regionales%20y%20alcaldes%20fijan%20postura%20en%20torno%20a%20la%20implementaci%C3%B3n%20del%20SLEP%20Ays%C3%A9n&#038;url=https:\/\/radiorevelacionfm.cl\/?p=18403' aria-hidden='false' data-av_icon='\ue8fc' data-av_iconfont='entypo-fontello' title='' data-avia-related-tooltip='Compartir en LinkedIn' rel=\"noopener\"><span class='avia_hidden_link_text'>Compartir en LinkedIn<\/span><\/a><\/li><li class='av-share-link av-social-link-mail' ><a  aria-label=\"Compartir por correo\" href='mailto:?subject=Autoridades%20regionales%20y%20alcaldes%20fijan%20postura%20en%20torno%20a%20la%20implementaci%C3%B3n%20del%20SLEP%20Ays%C3%A9n&#038;body=https:\/\/radiorevelacionfm.cl\/?p=18403' aria-hidden='false' data-av_icon='\ue805' data-av_iconfont='entypo-fontello' title='' data-avia-related-tooltip='Compartir por correo'><span class='avia_hidden_link_text'>Compartir por correo<\/span><\/a><\/li><\/ul><\/div><\/div>\n<div  style='height:50px' class='hr hr-invisible   avia-builder-el-8  el_after_av_social_share  el_before_av_comments_list '><span class='hr-inner ' ><span class='hr-inner-style'><\/span><\/span><\/div>\n<div  class='av-buildercomment  av-blog-meta-html-info-disabled av-blog-meta-tag-disabled  '><\/div>\n","protected":false},"excerpt":{"rendered":"","protected":false},"author":1,"featured_media":18404,"comment_status":"open","ping_status":"open","sticky":false,"template":"","format":"standard","meta":{"footnotes":""},"categories":[38],"tags":[],"class_list":["post-18403","post","type-post","status-publish","format-standard","has-post-thumbnail","hentry","category-regional"],"jetpack_featured_media_url":"https:\/\/radiorevelacionfm.cl\/wp-content\/uploads\/2022\/06\/Foto1-3-1-1.jpeg","_links":{"self":[{"href":"https:\/\/radiorevelacionfm.cl\/index.php?rest_route=\/wp\/v2\/posts\/18403","targetHints":{"allow":["GET"]}}],"collection":[{"href":"https:\/\/radiorevelacionfm.cl\/index.php?rest_route=\/wp\/v2\/posts"}],"about":[{"href":"https:\/\/radiorevelacionfm.cl\/index.php?rest_route=\/wp\/v2\/types\/post"}],"author":[{"embeddable":true,"href":"https:\/\/radiorevelacionfm.cl\/index.php?rest_route=\/wp\/v2\/users\/1"}],"replies":[{"embeddable":true,"href":"https:\/\/radiorevelacionfm.cl\/index.php?rest_route=%2Fwp%2Fv2%2Fcomments&post=18403"}],"version-history":[{"count":3,"href":"https:\/\/radiorevelacionfm.cl\/index.php?rest_route=\/wp\/v2\/posts\/18403\/revisions"}],"predecessor-version":[{"id":18425,"href":"https:\/\/radiorevelacionfm.cl\/index.php?rest_route=\/wp\/v2\/posts\/18403\/revisions\/18425"}],"wp:featuredmedia":[{"embeddable":true,"href":"https:\/\/radiorevelacionfm.cl\/index.php?rest_route=\/wp\/v2\/media\/18404"}],"wp:attachment":[{"href":"https:\/\/radiorevelacionfm.cl\/index.php?rest_route=%2Fwp%2Fv2%2Fmedia&parent=18403"}],"wp:term":[{"taxonomy":"category","embeddable":true,"href":"https:\/\/radiorevelacionfm.cl\/index.php?rest_route=%2Fwp%2Fv2%2Fcategories&post=18403"},{"taxonomy":"post_tag","embeddable":true,"href":"https:\/\/radiorevelacionfm.cl\/index.php?rest_route=%2Fwp%2Fv2%2Ftags&post=18403"}],"curies":[{"name":"wp","href":"https:\/\/api.w.org\/{rel}","templated":true}]}}