{"id":18392,"date":"2022-06-24T15:11:37","date_gmt":"2022-06-24T18:11:37","guid":{"rendered":"https:\/\/radiorevelacionfm.cl\/?p=18392"},"modified":"2022-06-24T15:44:45","modified_gmt":"2022-06-24T18:44:45","slug":"politica-nacional-de-zonas-extremas-destaca-en-enfasis-regionales-en-primeros-tres-meses-de-gobierno","status":"publish","type":"post","link":"https:\/\/radiorevelacionfm.cl\/?p=18392","title":{"rendered":"Pol\u00edtica Nacional de Zonas Extremas destaca \u00e9nfasis regionales en primeros tres meses de gobierno"},"content":{"rendered":"<div class=\"flex_column av_one_full  flex_column_div av-zero-column-padding first  avia-builder-el-0  el_before_av_one_full  avia-builder-el-first  \" style='border-radius:0px; '><div  class='avia-image-container  av-styling-    avia-builder-el-1  avia-builder-el-no-sibling  avia-align-center '  itemprop=\"image\" itemscope=\"itemscope\" itemtype=\"https:\/\/schema.org\/ImageObject\"  ><div class='avia-image-container-inner'><div class='avia-image-overlay-wrap'><img decoding=\"async\" class='wp-image-18393 avia-img-lazy-loading-not-18393 avia_image' src=\"https:\/\/radiorevelacionfm.cl\/wp-content\/uploads\/2022\/06\/rodrigo-araya-delegado-presidencial-regional-aysen-02-1_optimized.jpg\" alt='' title='rodrigo-araya-delegado-presidencial-regional-ays\u00e9n-02-(1)_optimized' height=\"600\" width=\"1266\"  itemprop=\"thumbnailUrl\" srcset=\"https:\/\/radiorevelacionfm.cl\/wp-content\/uploads\/2022\/06\/rodrigo-araya-delegado-presidencial-regional-aysen-02-1_optimized.jpg 1266w, https:\/\/radiorevelacionfm.cl\/wp-content\/uploads\/2022\/06\/rodrigo-araya-delegado-presidencial-regional-aysen-02-1_optimized-300x142.jpg 300w, https:\/\/radiorevelacionfm.cl\/wp-content\/uploads\/2022\/06\/rodrigo-araya-delegado-presidencial-regional-aysen-02-1_optimized-1030x488.jpg 1030w, https:\/\/radiorevelacionfm.cl\/wp-content\/uploads\/2022\/06\/rodrigo-araya-delegado-presidencial-regional-aysen-02-1_optimized-768x364.jpg 768w, https:\/\/radiorevelacionfm.cl\/wp-content\/uploads\/2022\/06\/rodrigo-araya-delegado-presidencial-regional-aysen-02-1_optimized-705x334.jpg 705w, https:\/\/radiorevelacionfm.cl\/wp-content\/uploads\/2022\/06\/rodrigo-araya-delegado-presidencial-regional-aysen-02-1_optimized-600x284.jpg 600w\" sizes=\"(max-width: 1266px) 100vw, 1266px\" \/><\/div><\/div><\/div><\/div>\n<div class=\"flex_column av_one_full  flex_column_div av-zero-column-padding first  avia-builder-el-2  el_after_av_one_full  el_before_av_one_full  column-top-margin\" style='border-radius:0px; '><section class=\"av_textblock_section \"  itemscope=\"itemscope\" itemtype=\"https:\/\/schema.org\/BlogPosting\" itemprop=\"blogPost\" ><div class='avia_textblock  '   itemprop=\"text\" ><p style=\"text-align: center;\"><strong><span style=\"font-size: 18pt;\">Pol\u00edtica Nacional de Zonas Extremas destaca \u00e9nfasis regionales en primeros tres meses de gobierno<\/span><\/strong><\/p>\n<div id=\"gtx-trans\" style=\"position: absolute; left: -50px; top: 4.31534px;\">\n<div class=\"gtx-trans-icon\"><\/div>\n<\/div>\n<\/div><\/section><\/div><div class=\"flex_column av_one_full  flex_column_div av-zero-column-padding first  avia-builder-el-4  el_after_av_one_full  el_before_av_hr  column-top-margin\" style='border-radius:0px; '><section class=\"av_textblock_section \"  itemscope=\"itemscope\" itemtype=\"https:\/\/schema.org\/BlogPosting\" itemprop=\"blogPost\" ><div class='avia_textblock  '   itemprop=\"text\" ><p style=\"font-weight: 400; text-align: justify;\">La creaci\u00f3n de una Pol\u00edtica Nacional de Zonas Extremas, con car\u00e1cter permanente y reconociendo las particularidades de territorios como Ays\u00e9n, destac\u00f3 el Delegado Presidencial Regional, Rodrigo Araya, como parte de los \u00e9nfasis que ha habido en los primeros tres meses de la gesti\u00f3n de gobierno en la regi\u00f3n.<\/p>\n<p style=\"font-weight: 400; text-align: justify;\">Un aspecto fundamental de esta Pol\u00edtica de Zonas Extremas es que modificar\u00e1 la manera de evaluar los proyectos de inversi\u00f3n, independiente del n\u00famero de habitantes.<\/p>\n<p style=\"font-weight: 400; text-align: justify;\">\u201cPermite utilizar una manera de evaluar los proyectos de inversi\u00f3n, donde no se nos castiga por la poca poblaci\u00f3n que tenemos. Para proceder a tener una cartera de proyectos, hay un proceso que anunci\u00f3 el Subsecretario de Desarrollo Regional, que es definir la metodolog\u00eda y las reglas para llegar a esa cartera de proyectos, que debiera tener un componente de equidad territorial, o sea, debi\u00e9ramos ser capaces de definir en cada territorio cu\u00e1les son los proyectos que pueden dar un salto cualitativo en la calidad de vida de nuestras comunidades\u201d, se\u00f1al\u00f3.<\/p>\n<p style=\"font-weight: 400; text-align: justify;\">Como estrategia de trabajo, enfatiz\u00f3 en la coordinaci\u00f3n entre instituciones y comunidad para abordar de manera integral necesidades de mayor complejidad como la conectividad.<\/p>\n<p style=\"font-weight: 400; text-align: justify;\">\u201cEfectivamente el tema de la conectividad terrestre, mar\u00edtima, lacustre y digital, es fundamental en nuestra regi\u00f3n y ah\u00ed tambi\u00e9n debemos tener claro cu\u00e1les son las cosas a largo plazo e insisto en una de las cualidades de esta Pol\u00edtica de Zonas Extremas, que es que pretende ser un plan permanente, de modo que los gobiernos que sigan puedan tener una hoja de ruta mucho m\u00e1s clara\u201d, indic\u00f3.<\/p>\n<p style=\"font-weight: 400; text-align: justify;\"><strong>\u00a0<\/strong><\/p>\n<p style=\"font-weight: 400; text-align: justify;\"><strong>Principales \u00e1reas regionales en tres meses de gobierno<\/strong><\/p>\n<p style=\"font-weight: 400; text-align: justify;\">Ante las consecuencias de la pandemia y dos a\u00f1os de no presencialidad en establecimientos educacionales, Rodrigo Araya destac\u00f3 la Pol\u00edtica de Reactivaci\u00f3n Educativa Integral Seamos Comunidad, con atenci\u00f3n en crisis y convivencia escolar, fortalecimiento del programa de salud mental, programa nacional de tutor\u00edas, estrategia de lectura y escritura y plan de Reparaci\u00f3n y Recuperaci\u00f3n de Espacios Educativos.<\/p>\n<p style=\"font-weight: 400; text-align: justify;\">En necesidades de salud de mediana complejidad, se suma la nueva Unidad de Tratamiento Intermedio del Hospital Puerto Ays\u00e9n, que fortalece la red asistencial comunal y regional.<\/p>\n<p style=\"font-weight: 400; text-align: justify;\">Para complementar parte de las necesidades del per\u00edodo invernal, el Subsidio a la Calefacci\u00f3n se ampli\u00f3 a m\u00e1s de 36 mil familias, adem\u00e1s de reactivarse la Mesa Calle con implementaci\u00f3n de Albergue Protege y Ruta M\u00e9dica.<\/p>\n<p style=\"font-weight: 400; text-align: justify;\">Buscando reforzar la seguridad en los barrios, el Servicio Especial de Apoyo a las Guardias permiti\u00f3 que 40 carabineros que cumpl\u00edan labores administrativas, pasaran al servicio en sectores prioritarios de las v\u00edas p\u00fablicas.<\/p>\n<p style=\"font-weight: 400; text-align: justify;\">Para el requerimiento habitacional de m\u00e1s de cien familias integradas a comit\u00e9s habitacionales, el Ministerio de Bienes Nacionales traspas\u00f3 tres inmuebles fiscales al Ministerio de Vivienda y Urbanismo en Tortel, Bah\u00eda Murta y Melinka.<\/p>\n<p style=\"font-weight: 400; text-align: justify;\">En este sector litoral se reanud\u00f3 la ampliaci\u00f3n de la Caleta de Pescadores Artesanales de Melinka por parte del MOP, con una inversi\u00f3n que supera los siete mil millones de pesos sectoriales.<\/p>\n<p style=\"font-weight: 400; text-align: justify;\">En el sur de la regi\u00f3n, comenz\u00f3 la construcci\u00f3n de la nueva oficina del Servicio de Registro Civil e Identificaci\u00f3n en Cochrane, con una inversi\u00f3n sectorial de $59.300.000.<\/p>\n<p style=\"font-weight: 400; text-align: justify;\">Ante la necesidad de apoyo urgente para las comunas de Coyhaique, Lago Verde, R\u00edo Ib\u00e1\u00f1ez, Chile Chico y Cochrane -declaradas en situaci\u00f3n de emergencia agr\u00edcola-, el Plan Siembra por Chile del Ministerio de Agricultura est\u00e1 entregando un incentivo de 300 mil pesos a m\u00e1s de 800 agricultores no usuarios de Indap, para completar los apoyos que se entregan a quienes son usuarios del servicio.<\/p>\n<p style=\"font-weight: 400; text-align: justify;\">En medio ambiente destaca el Proyecto GEF de Gobernanza de Ecosistemas Marinos Puerto Cisnes, con financiamiento FAO, y participaci\u00f3n del Ministerio de Medio Ambiente, Sernapesca y Subpesca, busca fortalecer la gesti\u00f3n y gobernanza para la conservaci\u00f3n y uso sostenible de la biodiversidad.<\/p>\n<p style=\"font-weight: 400; text-align: justify;\">Por \u00faltimo, recalc\u00f3 \u201cel di\u00e1logo directo entre servicios p\u00fablicos, con el Gobierno Regional, municipios, gremios y organizaciones ciudadanas, a trav\u00e9s de mesas de trabajo en salud, seguridad p\u00fablica, pesca, conectividad y megaloteos, entre otras, para el logro de soluciones pertinentes a la regi\u00f3n y sus comunidades\u201d, concluy\u00f3.<\/p>\n<\/div><\/section><\/div><\/p>\n<div  style='height:50px' class='hr hr-invisible   avia-builder-el-6  el_after_av_one_full  el_before_av_social_share '><span class='hr-inner ' ><span class='hr-inner-style'><\/span><\/span><\/div>\n<div  class='av-social-sharing-box  avia-builder-el-7  el_after_av_hr  el_before_av_hr  '><div class='av-share-box'><h5 class='av-share-link-description av-no-toc '>Compartir esta noticia<\/h5><ul class='av-share-box-list noLightbox'><li class='av-share-link av-social-link-facebook' ><a target=\"_blank\" aria-label=\"Compartir en Facebook\" href='https:\/\/www.facebook.com\/sharer.php?u=https:\/\/radiorevelacionfm.cl\/?p=18392&#038;t=Pol%C3%ADtica%20Nacional%20de%20Zonas%20Extremas%20destaca%20%C3%A9nfasis%20regionales%20en%20primeros%20tres%20meses%20de%20gobierno' aria-hidden='false' data-av_icon='\ue8f3' data-av_iconfont='entypo-fontello' title='' data-avia-related-tooltip='Compartir en Facebook' rel=\"noopener\"><span class='avia_hidden_link_text'>Compartir en Facebook<\/span><\/a><\/li><li class='av-share-link av-social-link-twitter' ><a target=\"_blank\" aria-label=\"Compartir en Twitter\" href='https:\/\/twitter.com\/share?text=Pol%C3%ADtica%20Nacional%20de%20Zonas%20Extremas%20destaca%20%C3%A9nfasis%20regionales%20en%20primeros%20tres%20meses%20de%20gobierno&#038;url=https:\/\/radiorevelacionfm.cl\/?p=18392' aria-hidden='false' data-av_icon='\ue8f1' data-av_iconfont='entypo-fontello' title='' data-avia-related-tooltip='Compartir en Twitter' rel=\"noopener\"><span class='avia_hidden_link_text'>Compartir en Twitter<\/span><\/a><\/li><li class='av-share-link av-social-link-whatsapp' ><a target=\"_blank\" aria-label=\"Compartir en Whatsapp\" href='https:\/\/api.whatsapp.com\/send?text=https:\/\/radiorevelacionfm.cl\/?p=18392' aria-hidden='false' data-av_icon='\uf232' data-av_iconfont='entypo-fontello' title='' data-avia-related-tooltip='Compartir en Whatsapp' rel=\"noopener\"><span class='avia_hidden_link_text'>Compartir en Whatsapp<\/span><\/a><\/li><li class='av-share-link av-social-link-linkedin' ><a target=\"_blank\" aria-label=\"Compartir en LinkedIn\" href='https:\/\/linkedin.com\/shareArticle?mini=true&#038;title=Pol%C3%ADtica%20Nacional%20de%20Zonas%20Extremas%20destaca%20%C3%A9nfasis%20regionales%20en%20primeros%20tres%20meses%20de%20gobierno&#038;url=https:\/\/radiorevelacionfm.cl\/?p=18392' aria-hidden='false' data-av_icon='\ue8fc' data-av_iconfont='entypo-fontello' title='' data-avia-related-tooltip='Compartir en LinkedIn' rel=\"noopener\"><span class='avia_hidden_link_text'>Compartir en LinkedIn<\/span><\/a><\/li><li class='av-share-link av-social-link-mail' ><a  aria-label=\"Compartir por correo\" href='mailto:?subject=Pol%C3%ADtica%20Nacional%20de%20Zonas%20Extremas%20destaca%20%C3%A9nfasis%20regionales%20en%20primeros%20tres%20meses%20de%20gobierno&#038;body=https:\/\/radiorevelacionfm.cl\/?p=18392' aria-hidden='false' data-av_icon='\ue805' data-av_iconfont='entypo-fontello' title='' data-avia-related-tooltip='Compartir por correo'><span class='avia_hidden_link_text'>Compartir por correo<\/span><\/a><\/li><\/ul><\/div><\/div>\n<div  style='height:50px' class='hr hr-invisible   avia-builder-el-8  el_after_av_social_share  el_before_av_comments_list '><span class='hr-inner ' ><span class='hr-inner-style'><\/span><\/span><\/div>\n<div  class='av-buildercomment  av-blog-meta-html-info-disabled av-blog-meta-tag-disabled  '><\/div>\n","protected":false},"excerpt":{"rendered":"","protected":false},"author":1,"featured_media":18393,"comment_status":"open","ping_status":"open","sticky":false,"template":"","format":"standard","meta":{"footnotes":""},"categories":[38],"tags":[],"class_list":["post-18392","post","type-post","status-publish","format-standard","has-post-thumbnail","hentry","category-regional"],"jetpack_featured_media_url":"https:\/\/radiorevelacionfm.cl\/wp-content\/uploads\/2022\/06\/rodrigo-araya-delegado-presidencial-regional-aysen-02-1_optimized.jpg","_links":{"self":[{"href":"https:\/\/radiorevelacionfm.cl\/index.php?rest_route=\/wp\/v2\/posts\/18392","targetHints":{"allow":["GET"]}}],"collection":[{"href":"https:\/\/radiorevelacionfm.cl\/index.php?rest_route=\/wp\/v2\/posts"}],"about":[{"href":"https:\/\/radiorevelacionfm.cl\/index.php?rest_route=\/wp\/v2\/types\/post"}],"author":[{"embeddable":true,"href":"https:\/\/radiorevelacionfm.cl\/index.php?rest_route=\/wp\/v2\/users\/1"}],"replies":[{"embeddable":true,"href":"https:\/\/radiorevelacionfm.cl\/index.php?rest_route=%2Fwp%2Fv2%2Fcomments&post=18392"}],"version-history":[{"count":3,"href":"https:\/\/radiorevelacionfm.cl\/index.php?rest_route=\/wp\/v2\/posts\/18392\/revisions"}],"predecessor-version":[{"id":18400,"href":"https:\/\/radiorevelacionfm.cl\/index.php?rest_route=\/wp\/v2\/posts\/18392\/revisions\/18400"}],"wp:featuredmedia":[{"embeddable":true,"href":"https:\/\/radiorevelacionfm.cl\/index.php?rest_route=\/wp\/v2\/media\/18393"}],"wp:attachment":[{"href":"https:\/\/radiorevelacionfm.cl\/index.php?rest_route=%2Fwp%2Fv2%2Fmedia&parent=18392"}],"wp:term":[{"taxonomy":"category","embeddable":true,"href":"https:\/\/radiorevelacionfm.cl\/index.php?rest_route=%2Fwp%2Fv2%2Fcategories&post=18392"},{"taxonomy":"post_tag","embeddable":true,"href":"https:\/\/radiorevelacionfm.cl\/index.php?rest_route=%2Fwp%2Fv2%2Ftags&post=18392"}],"curies":[{"name":"wp","href":"https:\/\/api.w.org\/{rel}","templated":true}]}}