{"id":18388,"date":"2022-06-24T12:28:04","date_gmt":"2022-06-24T15:28:04","guid":{"rendered":"https:\/\/radiorevelacionfm.cl\/?p=18388"},"modified":"2022-06-24T12:28:04","modified_gmt":"2022-06-24T15:28:04","slug":"refuerzan-medidas-de-vigilancia-tras-la-deteccion-en-bolivia-de-grave-plaga-que-afecta-a-las-abejas","status":"publish","type":"post","link":"https:\/\/radiorevelacionfm.cl\/?p=18388","title":{"rendered":"Refuerzan medidas de vigilancia tras la detecci\u00f3n en Bolivia de grave plaga que afecta a las abejas"},"content":{"rendered":"<div class=\"flex_column av_one_full  flex_column_div av-zero-column-padding first  avia-builder-el-0  el_before_av_one_full  avia-builder-el-first  \" style='border-radius:0px; '><div  class='avia-image-container  av-styling-    avia-builder-el-1  avia-builder-el-no-sibling  avia-align-center '  itemprop=\"image\" itemscope=\"itemscope\" itemtype=\"https:\/\/schema.org\/ImageObject\"  ><div class='avia-image-container-inner'><div class='avia-image-overlay-wrap'><img decoding=\"async\" class='wp-image-18389 avia-img-lazy-loading-not-18389 avia_image' src=\"https:\/\/radiorevelacionfm.cl\/wp-content\/uploads\/2022\/06\/IMG_0579-1-1.jpg\" alt='' title='IMG_0579 (1) (1)' height=\"600\" width=\"900\"  itemprop=\"thumbnailUrl\" srcset=\"https:\/\/radiorevelacionfm.cl\/wp-content\/uploads\/2022\/06\/IMG_0579-1-1.jpg 900w, https:\/\/radiorevelacionfm.cl\/wp-content\/uploads\/2022\/06\/IMG_0579-1-1-300x200.jpg 300w, https:\/\/radiorevelacionfm.cl\/wp-content\/uploads\/2022\/06\/IMG_0579-1-1-768x512.jpg 768w, https:\/\/radiorevelacionfm.cl\/wp-content\/uploads\/2022\/06\/IMG_0579-1-1-705x470.jpg 705w, https:\/\/radiorevelacionfm.cl\/wp-content\/uploads\/2022\/06\/IMG_0579-1-1-600x400.jpg 600w\" sizes=\"(max-width: 900px) 100vw, 900px\" \/><\/div><\/div><\/div><\/div><div class=\"flex_column av_one_full  flex_column_div av-zero-column-padding first  avia-builder-el-2  el_after_av_one_full  el_before_av_one_full  column-top-margin\" style='border-radius:0px; '><section class=\"av_textblock_section \"  itemscope=\"itemscope\" itemtype=\"https:\/\/schema.org\/BlogPosting\" itemprop=\"blogPost\" ><div class='avia_textblock  '   itemprop=\"text\" ><p style=\"text-align: center;\"><strong><span style=\"font-size: 18pt;\">Refuerzan medidas de vigilancia tras la detecci\u00f3n en Bolivia de grave plaga que afecta a las abejas<\/span><\/strong><\/p>\n<div id=\"gtx-trans\" style=\"position: absolute; left: -50px; top: 4.31534px;\">\n<div class=\"gtx-trans-icon\"><\/div>\n<\/div>\n<\/div><\/section><\/div><div class=\"flex_column av_one_full  flex_column_div av-zero-column-padding first  avia-builder-el-4  el_after_av_one_full  el_before_av_hr  column-top-margin\" style='border-radius:0px; '><section class=\"av_textblock_section \"  itemscope=\"itemscope\" itemtype=\"https:\/\/schema.org\/BlogPosting\" itemprop=\"blogPost\" ><div class='avia_textblock  '   itemprop=\"text\" ><p style=\"text-align: justify;\">El Servicio Agr\u00edcola y Ganadero se encuentra en alerta y ha reforzado las medidas de prevenci\u00f3n tendientes a evitar el ingreso del peque\u00f1o escarabajo de la colmena (<em>Aethina tumida<\/em>), insecto que ya fue detectado en la zona de Cochabamba, Bolivia.<\/p>\n<p style=\"text-align: justify;\">El peque\u00f1o escarabajo de las colmenas \u2013tambi\u00e9n conocido como PEC- ha tenido un r\u00e1pido desplazamiento por el cono sur: se detect\u00f3 en Brasil en 2016; en Colombia en 2018; y en Paraguay y Bolivia en 2022, aumentando la presi\u00f3n de ingreso a nuestro pa\u00eds.<\/p>\n<p style=\"text-align: justify;\">Ante este escenario, el SAG reitera a todos los pasajeros\/as la importancia de no ingresar productos que puedan poner en riesgo la sanidad de nuestra agricultura y medio ambiente; invit\u00e1ndolos a poner especial atenci\u00f3n con los productos de origen ap\u00edcola, materiales de uso en apicultura y todo tipo de frutas que pueda portar las larvas del peque\u00f1o escarabajo de la colmena.<\/p>\n<p style=\"text-align: justify;\">Chile est\u00e1 libre de esta plaga, y su ingreso podr\u00eda provocar un grave da\u00f1o al sector ap\u00edcola y al ecosistema de nuestro pa\u00eds, con p\u00e9rdidas de colmenas y del posicionamiento global que el pa\u00eds mantiene en materia sanitario ap\u00edcola.<\/p>\n<p style=\"text-align: justify;\">El SAG ya se encuentra trabajando en las acciones de prevenci\u00f3n, reforzando las actividades en los controles fronterizos; fortaleciendo la vigilancia, instalando trampas en apiarios en zonas de mayor riesgo (apiarios centinelas), activando planes de fiscalizaci\u00f3n complementarios a ingresos ilegales de productos por pasos no habilitados y masificando la alerta entre los apicultores\/as del pa\u00eds.<\/p>\n<p style=\"text-align: justify;\">Producto de los serios efectos que esta plaga puede generar, el SAG hace un llamado a los apicultores y apicultoras a denunciar de inmediato al Servicio la sospecha de la presencia del PEC escribiendo a\u00a0<a href=\"mailto:oficina.informaciones@sag.gob.cl\">oficina.informaciones@sag.gob.cl<\/a>\u00a0o contact\u00e1ndose con la oficina SAG m\u00e1s cercana, as\u00ed como a toda la comunidad a denunciar\u00a0 cualquier hecho de internaci\u00f3n ilegal de productos que puedan poner en riesgo la\u00a0 favorable condici\u00f3n sanitaria del pa\u00eds.<\/p>\n<p style=\"text-align: justify;\">Recordar que la regi\u00f3n de Ays\u00e9n, es una zona privilegiada para la apicultura, ya que goza del estatus de ser regi\u00f3n libre de Loque americana, este privilegio solo lo tienen Isla de Pascual y Ays\u00e9n.<\/p>\n<\/div><\/section><\/div><div  style='height:50px' class='hr hr-invisible   avia-builder-el-6  el_after_av_one_full  el_before_av_social_share '><span class='hr-inner ' ><span class='hr-inner-style'><\/span><\/span><\/div><\/p>\n<div  class='av-social-sharing-box  avia-builder-el-7  el_after_av_hr  el_before_av_hr  '><div class='av-share-box'><h5 class='av-share-link-description av-no-toc '>Compartir esta noticia<\/h5><ul class='av-share-box-list noLightbox'><li class='av-share-link av-social-link-facebook' ><a target=\"_blank\" aria-label=\"Compartir en Facebook\" href='https:\/\/www.facebook.com\/sharer.php?u=https:\/\/radiorevelacionfm.cl\/?p=18388&#038;t=Refuerzan%20medidas%20de%20vigilancia%20tras%20la%20detecci%C3%B3n%20en%20Bolivia%20de%20grave%20plaga%20que%20afecta%20a%20las%20abejas' aria-hidden='false' data-av_icon='\ue8f3' data-av_iconfont='entypo-fontello' title='' data-avia-related-tooltip='Compartir en Facebook' rel=\"noopener\"><span class='avia_hidden_link_text'>Compartir en Facebook<\/span><\/a><\/li><li class='av-share-link av-social-link-twitter' ><a target=\"_blank\" aria-label=\"Compartir en Twitter\" href='https:\/\/twitter.com\/share?text=Refuerzan%20medidas%20de%20vigilancia%20tras%20la%20detecci%C3%B3n%20en%20Bolivia%20de%20grave%20plaga%20que%20afecta%20a%20las%20abejas&#038;url=https:\/\/radiorevelacionfm.cl\/?p=18388' aria-hidden='false' data-av_icon='\ue8f1' data-av_iconfont='entypo-fontello' title='' data-avia-related-tooltip='Compartir en Twitter' rel=\"noopener\"><span class='avia_hidden_link_text'>Compartir en Twitter<\/span><\/a><\/li><li class='av-share-link av-social-link-whatsapp' ><a target=\"_blank\" aria-label=\"Compartir en Whatsapp\" href='https:\/\/api.whatsapp.com\/send?text=https:\/\/radiorevelacionfm.cl\/?p=18388' aria-hidden='false' data-av_icon='\uf232' data-av_iconfont='entypo-fontello' title='' data-avia-related-tooltip='Compartir en Whatsapp' rel=\"noopener\"><span class='avia_hidden_link_text'>Compartir en Whatsapp<\/span><\/a><\/li><li class='av-share-link av-social-link-linkedin' ><a target=\"_blank\" aria-label=\"Compartir en LinkedIn\" href='https:\/\/linkedin.com\/shareArticle?mini=true&#038;title=Refuerzan%20medidas%20de%20vigilancia%20tras%20la%20detecci%C3%B3n%20en%20Bolivia%20de%20grave%20plaga%20que%20afecta%20a%20las%20abejas&#038;url=https:\/\/radiorevelacionfm.cl\/?p=18388' aria-hidden='false' data-av_icon='\ue8fc' data-av_iconfont='entypo-fontello' title='' data-avia-related-tooltip='Compartir en LinkedIn' rel=\"noopener\"><span class='avia_hidden_link_text'>Compartir en LinkedIn<\/span><\/a><\/li><li class='av-share-link av-social-link-mail' ><a  aria-label=\"Compartir por correo\" href='mailto:?subject=Refuerzan%20medidas%20de%20vigilancia%20tras%20la%20detecci%C3%B3n%20en%20Bolivia%20de%20grave%20plaga%20que%20afecta%20a%20las%20abejas&#038;body=https:\/\/radiorevelacionfm.cl\/?p=18388' aria-hidden='false' data-av_icon='\ue805' data-av_iconfont='entypo-fontello' title='' data-avia-related-tooltip='Compartir por correo'><span class='avia_hidden_link_text'>Compartir por correo<\/span><\/a><\/li><\/ul><\/div><\/div>\n<div  style='height:50px' class='hr hr-invisible   avia-builder-el-8  el_after_av_social_share  el_before_av_comments_list '><span class='hr-inner ' ><span class='hr-inner-style'><\/span><\/span><\/div>\n<div  class='av-buildercomment  av-blog-meta-html-info-disabled av-blog-meta-tag-disabled  '><\/div>\n","protected":false},"excerpt":{"rendered":"","protected":false},"author":1,"featured_media":18389,"comment_status":"open","ping_status":"open","sticky":false,"template":"","format":"standard","meta":{"footnotes":""},"categories":[58],"tags":[],"class_list":["post-18388","post","type-post","status-publish","format-standard","has-post-thumbnail","hentry","category-agricultura"],"jetpack_featured_media_url":"https:\/\/radiorevelacionfm.cl\/wp-content\/uploads\/2022\/06\/IMG_0579-1-1.jpg","_links":{"self":[{"href":"https:\/\/radiorevelacionfm.cl\/index.php?rest_route=\/wp\/v2\/posts\/18388","targetHints":{"allow":["GET"]}}],"collection":[{"href":"https:\/\/radiorevelacionfm.cl\/index.php?rest_route=\/wp\/v2\/posts"}],"about":[{"href":"https:\/\/radiorevelacionfm.cl\/index.php?rest_route=\/wp\/v2\/types\/post"}],"author":[{"embeddable":true,"href":"https:\/\/radiorevelacionfm.cl\/index.php?rest_route=\/wp\/v2\/users\/1"}],"replies":[{"embeddable":true,"href":"https:\/\/radiorevelacionfm.cl\/index.php?rest_route=%2Fwp%2Fv2%2Fcomments&post=18388"}],"version-history":[{"count":2,"href":"https:\/\/radiorevelacionfm.cl\/index.php?rest_route=\/wp\/v2\/posts\/18388\/revisions"}],"predecessor-version":[{"id":18391,"href":"https:\/\/radiorevelacionfm.cl\/index.php?rest_route=\/wp\/v2\/posts\/18388\/revisions\/18391"}],"wp:featuredmedia":[{"embeddable":true,"href":"https:\/\/radiorevelacionfm.cl\/index.php?rest_route=\/wp\/v2\/media\/18389"}],"wp:attachment":[{"href":"https:\/\/radiorevelacionfm.cl\/index.php?rest_route=%2Fwp%2Fv2%2Fmedia&parent=18388"}],"wp:term":[{"taxonomy":"category","embeddable":true,"href":"https:\/\/radiorevelacionfm.cl\/index.php?rest_route=%2Fwp%2Fv2%2Fcategories&post=18388"},{"taxonomy":"post_tag","embeddable":true,"href":"https:\/\/radiorevelacionfm.cl\/index.php?rest_route=%2Fwp%2Fv2%2Ftags&post=18388"}],"curies":[{"name":"wp","href":"https:\/\/api.w.org\/{rel}","templated":true}]}}