{"id":18378,"date":"2022-06-24T11:06:02","date_gmt":"2022-06-24T14:06:02","guid":{"rendered":"https:\/\/radiorevelacionfm.cl\/?p=18378"},"modified":"2022-06-24T11:06:02","modified_gmt":"2022-06-24T14:06:02","slug":"inauguran-moderna-sede-en-puerto-aysen-para-los-vecinos-de-camino-viejo","status":"publish","type":"post","link":"https:\/\/radiorevelacionfm.cl\/?p=18378","title":{"rendered":"Inauguran moderna sede en Puerto Ays\u00e9n para los vecinos de Camino Viejo"},"content":{"rendered":"<div class=\"flex_column av_one_full  flex_column_div av-zero-column-padding first  avia-builder-el-0  el_before_av_one_full  avia-builder-el-first  \" style='border-radius:0px; '><div  class='avia-image-container  av-styling-    avia-builder-el-1  avia-builder-el-no-sibling  avia-align-center '  itemprop=\"image\" itemscope=\"itemscope\" itemtype=\"https:\/\/schema.org\/ImageObject\"  ><div class='avia-image-container-inner'><div class='avia-image-overlay-wrap'><img decoding=\"async\" class='wp-image-18379 avia-img-lazy-loading-not-18379 avia_image' src=\"https:\/\/radiorevelacionfm.cl\/wp-content\/uploads\/2022\/06\/img-jjvv-caminoviejo4-1_optimized.jpg\" alt='' title='img-jjvv-caminoviejo4-(1)_optimized' height=\"600\" width=\"1107\"  itemprop=\"thumbnailUrl\" srcset=\"https:\/\/radiorevelacionfm.cl\/wp-content\/uploads\/2022\/06\/img-jjvv-caminoviejo4-1_optimized.jpg 1107w, https:\/\/radiorevelacionfm.cl\/wp-content\/uploads\/2022\/06\/img-jjvv-caminoviejo4-1_optimized-300x163.jpg 300w, https:\/\/radiorevelacionfm.cl\/wp-content\/uploads\/2022\/06\/img-jjvv-caminoviejo4-1_optimized-1030x558.jpg 1030w, https:\/\/radiorevelacionfm.cl\/wp-content\/uploads\/2022\/06\/img-jjvv-caminoviejo4-1_optimized-768x416.jpg 768w, https:\/\/radiorevelacionfm.cl\/wp-content\/uploads\/2022\/06\/img-jjvv-caminoviejo4-1_optimized-705x382.jpg 705w, https:\/\/radiorevelacionfm.cl\/wp-content\/uploads\/2022\/06\/img-jjvv-caminoviejo4-1_optimized-600x325.jpg 600w\" sizes=\"(max-width: 1107px) 100vw, 1107px\" \/><\/div><\/div><\/div><\/div><div class=\"flex_column av_one_full  flex_column_div av-zero-column-padding first  avia-builder-el-2  el_after_av_one_full  el_before_av_one_full  column-top-margin\" style='border-radius:0px; '><section class=\"av_textblock_section \"  itemscope=\"itemscope\" itemtype=\"https:\/\/schema.org\/BlogPosting\" itemprop=\"blogPost\" ><div class='avia_textblock  '   itemprop=\"text\" ><p style=\"text-align: center;\"><strong><span style=\"font-size: 18pt;\">Inauguran moderna sede en Puerto Ays\u00e9n para los vecinos de Camino Viejo <\/span><\/strong><\/p>\n<div id=\"gtx-trans\" style=\"position: absolute; left: -50px; top: 4.31534px;\">\n<div class=\"gtx-trans-icon\"><\/div>\n<\/div>\n<\/div><\/section><\/div><div class=\"flex_column av_one_full  flex_column_div av-zero-column-padding first  avia-builder-el-4  el_after_av_one_full  el_before_av_hr  column-top-margin\" style='border-radius:0px; '><section class=\"av_textblock_section \"  itemscope=\"itemscope\" itemtype=\"https:\/\/schema.org\/BlogPosting\" itemprop=\"blogPost\" ><div class='avia_textblock  '   itemprop=\"text\" ><p style=\"text-align: justify;\">Una infraestructura comunitaria que se desmarca de lo convencional y que tuvo un plazo de ejecuci\u00f3n expedito es de lo que hoy pueden dar cuenta los vecinos y vecinas del sector Camino Viejo en la capital de la comuna de Ays\u00e9n. Esto tras la inauguraci\u00f3n efectuada por el alcalde, Julio Uribe Alvarado en compa\u00f1\u00eda de concejales y la Seremi de Vivienda y Urbanismo, Paulina Ruz Delf\u00edn conjuntamente a la organizaci\u00f3n vecinal de la zona, representada por la dirigenta Gladys Mar\u00edn Barr\u00eda. Faenas que formaron parte de la cartera de proyectos de la casa edilicia en el programa Hogar Mejor del Ministerio de Vivienda y Urbanismo (D.S. 27).<\/p>\n<p style=\"text-align: justify;\">La iniciativa cont\u00f3 con un financiamiento de 234 millones de pesos y fue ejecutada por el contrasta local C\u00e9sar Bahamonde Mac Dowell. El dise\u00f1o fue formulado por la Entidad Patrocinante del municipio aysenino con la supervisi\u00f3n en terreno del arquitecto Juan Pablo Leal C\u00e1rdenas. Esta infraestructura posee 152 m2 y cuenta con est\u00e1ndares de accesibilidad universal, salas multiusos, bodega, cocina, ba\u00f1os, terraza, estacionamientos para quienes se desplacen en veh\u00edculos motorizados e incluso un juego infantil en el exterior.<\/p>\n<p style=\"text-align: justify;\">Al respecto, el alcalde de Ays\u00e9n, Julio Uribe Alvarado, felicit\u00f3 al equipo municipal encargado de la formulaci\u00f3n de esta nueva sede social \u201ces muy importante poder entregar esta sede que significa cumplir con tantos a\u00f1os de deuda, donde los vecinos se han estado reuniendo en lugares como galpones, en diferentes instancias, donde no ten\u00edan las necesidades b\u00e1sicas y hoy d\u00eda, esto que estamos haciendo, se comenz\u00f3 a materializar en octubre de 2021 y ahora, junio de 2022 ya est\u00e1 lista y entregada para los vecinos. As\u00ed es que, estoy contento\u201d.<\/p>\n<p style=\"text-align: justify;\">Con ello, adem\u00e1s, la autoridad comunal indic\u00f3 que esperan que esta infraestructura sea ocupada de la mejor manera, tambi\u00e9n agregando que en caso de existir inconvenientes se encuentra habilitada la garant\u00eda de esta. Sin embargo, para la administraci\u00f3n que representa es importante avanzar con otro compromiso como lo es la pavimentaci\u00f3n de este ic\u00f3nico sector de Puerto Ays\u00e9n y que se espera a la brevedad avanzar.<\/p>\n<p style=\"text-align: justify;\">Por su parte, la Secretaria Regional Ministerial de Vivienda y Urbanismo, Paulina Ruz Delf\u00edn, coment\u00f3 que \u201csi bien el programa DS 27 corresponde a una iniciativa del Minvu donde las municipalidades pueden participar teniendo sus requisitos, la convocatoria que tiene a trav\u00e9s del municipio de Ays\u00e9n y la valoraci\u00f3n tambi\u00e9n por los profesionales que queremos hacer es importante. Ac\u00e1 el municipio tom\u00f3 la posta para hacerse cargo de este tipo de actividades y tambi\u00e9n de programa, la verdad es que nosotros estamos muy contentos, sobretodo al ver la cara de felicidad de sus vecinas y vecinos a trav\u00e9s de su dirigente la se\u00f1ora Gladys Mar\u00edn Barr\u00eda, entendiendo que tambi\u00e9n fue un proyecto que tuvo un a\u00f1o entre se entreg\u00f3 el proyecto y se comenzaron las obras, entonces tambi\u00e9n la rapidez con la que se hizo da cuenta de un trabajo eficiente\u201d.<\/p>\n<p style=\"text-align: justify;\">La dirigenta del sector, Gladys Mar\u00edn Barr\u00eda expreso su alegr\u00eda por lo acontecido, ya que esto tambi\u00e9n dar\u00e1 pie a la conformaci\u00f3n de un Club de Adulto Mayor, por contar ahora con las condiciones necesarias para reunir a las personas de este grupo etario, \u201cahora, ya estamos muy felices por todos por nuestra sede y este fue un sue\u00f1o que ten\u00eda, bueno cuando yo asum\u00ed hace 6 a\u00f1os atr\u00e1s, d\u00f3nde no sab\u00eda en ese entonces, pero lo vamos a ver. As\u00ed es que este es el primer sue\u00f1o de todos nuestros vecinos, algunos ya nos est\u00e1n con nosotros, pero esta felicidad tambi\u00e9n es compartida con ellos\u201d.<\/p>\n<p style=\"text-align: justify;\">Finalmente, la presidenta de la Junta de vecinos agreg\u00f3 que ahora estar\u00e1n tras el anhelo de la pavimentaci\u00f3n del lugar, agradeciendo adem\u00e1s las gestiones transitorias entre la administraci\u00f3n anterior y la representada por el alcalde Uribe \u201cyo s\u00e9 que contamos con todo el apoyo de Julio Uribe porque siempre nos ha apoyado y \u00e9l mejor que nadie sabe, porque desde siempre estuvo con nosotros, conoce toda nuestra realidad porque \u00e9l estaba cuando nos junt\u00e1bamos en los galpones de Pineda (QEPD). Entonces, es una tremenda felicidad\u201d, puntualiz\u00f3 Mar\u00edn Barr\u00eda.<\/p>\n<\/div><\/section><\/div><div  style='height:50px' class='hr hr-invisible   avia-builder-el-6  el_after_av_one_full  el_before_av_social_share '><span class='hr-inner ' ><span class='hr-inner-style'><\/span><\/span><\/div><\/p>\n<div  class='av-social-sharing-box  avia-builder-el-7  el_after_av_hr  el_before_av_hr  '><div class='av-share-box'><h5 class='av-share-link-description av-no-toc '>Compartir esta noticia<\/h5><ul class='av-share-box-list noLightbox'><li class='av-share-link av-social-link-facebook' ><a target=\"_blank\" aria-label=\"Compartir en Facebook\" href='https:\/\/www.facebook.com\/sharer.php?u=https:\/\/radiorevelacionfm.cl\/?p=18378&#038;t=Inauguran%20moderna%20sede%20en%20Puerto%20Ays%C3%A9n%20para%20los%20vecinos%20de%20Camino%20Viejo' aria-hidden='false' data-av_icon='\ue8f3' data-av_iconfont='entypo-fontello' title='' data-avia-related-tooltip='Compartir en Facebook' rel=\"noopener\"><span class='avia_hidden_link_text'>Compartir en Facebook<\/span><\/a><\/li><li class='av-share-link av-social-link-twitter' ><a target=\"_blank\" aria-label=\"Compartir en Twitter\" href='https:\/\/twitter.com\/share?text=Inauguran%20moderna%20sede%20en%20Puerto%20Ays%C3%A9n%20para%20los%20vecinos%20de%20Camino%20Viejo&#038;url=https:\/\/radiorevelacionfm.cl\/?p=18378' aria-hidden='false' data-av_icon='\ue8f1' data-av_iconfont='entypo-fontello' title='' data-avia-related-tooltip='Compartir en Twitter' rel=\"noopener\"><span class='avia_hidden_link_text'>Compartir en Twitter<\/span><\/a><\/li><li class='av-share-link av-social-link-whatsapp' ><a target=\"_blank\" aria-label=\"Compartir en Whatsapp\" href='https:\/\/api.whatsapp.com\/send?text=https:\/\/radiorevelacionfm.cl\/?p=18378' aria-hidden='false' data-av_icon='\uf232' data-av_iconfont='entypo-fontello' title='' data-avia-related-tooltip='Compartir en Whatsapp' rel=\"noopener\"><span class='avia_hidden_link_text'>Compartir en Whatsapp<\/span><\/a><\/li><li class='av-share-link av-social-link-linkedin' ><a target=\"_blank\" aria-label=\"Compartir en LinkedIn\" href='https:\/\/linkedin.com\/shareArticle?mini=true&#038;title=Inauguran%20moderna%20sede%20en%20Puerto%20Ays%C3%A9n%20para%20los%20vecinos%20de%20Camino%20Viejo&#038;url=https:\/\/radiorevelacionfm.cl\/?p=18378' aria-hidden='false' data-av_icon='\ue8fc' data-av_iconfont='entypo-fontello' title='' data-avia-related-tooltip='Compartir en LinkedIn' rel=\"noopener\"><span class='avia_hidden_link_text'>Compartir en LinkedIn<\/span><\/a><\/li><li class='av-share-link av-social-link-mail' ><a  aria-label=\"Compartir por correo\" href='mailto:?subject=Inauguran%20moderna%20sede%20en%20Puerto%20Ays%C3%A9n%20para%20los%20vecinos%20de%20Camino%20Viejo&#038;body=https:\/\/radiorevelacionfm.cl\/?p=18378' aria-hidden='false' data-av_icon='\ue805' data-av_iconfont='entypo-fontello' title='' data-avia-related-tooltip='Compartir por correo'><span class='avia_hidden_link_text'>Compartir por correo<\/span><\/a><\/li><\/ul><\/div><\/div>\n<div  style='height:50px' class='hr hr-invisible   avia-builder-el-8  el_after_av_social_share  el_before_av_comments_list '><span class='hr-inner ' ><span class='hr-inner-style'><\/span><\/span><\/div>\n<div  class='av-buildercomment  av-blog-meta-html-info-disabled av-blog-meta-tag-disabled  '><\/div>\n","protected":false},"excerpt":{"rendered":"","protected":false},"author":1,"featured_media":18379,"comment_status":"open","ping_status":"open","sticky":false,"template":"","format":"standard","meta":{"footnotes":""},"categories":[38],"tags":[],"class_list":["post-18378","post","type-post","status-publish","format-standard","has-post-thumbnail","hentry","category-regional"],"jetpack_featured_media_url":"https:\/\/radiorevelacionfm.cl\/wp-content\/uploads\/2022\/06\/img-jjvv-caminoviejo4-1_optimized.jpg","_links":{"self":[{"href":"https:\/\/radiorevelacionfm.cl\/index.php?rest_route=\/wp\/v2\/posts\/18378","targetHints":{"allow":["GET"]}}],"collection":[{"href":"https:\/\/radiorevelacionfm.cl\/index.php?rest_route=\/wp\/v2\/posts"}],"about":[{"href":"https:\/\/radiorevelacionfm.cl\/index.php?rest_route=\/wp\/v2\/types\/post"}],"author":[{"embeddable":true,"href":"https:\/\/radiorevelacionfm.cl\/index.php?rest_route=\/wp\/v2\/users\/1"}],"replies":[{"embeddable":true,"href":"https:\/\/radiorevelacionfm.cl\/index.php?rest_route=%2Fwp%2Fv2%2Fcomments&post=18378"}],"version-history":[{"count":2,"href":"https:\/\/radiorevelacionfm.cl\/index.php?rest_route=\/wp\/v2\/posts\/18378\/revisions"}],"predecessor-version":[{"id":18387,"href":"https:\/\/radiorevelacionfm.cl\/index.php?rest_route=\/wp\/v2\/posts\/18378\/revisions\/18387"}],"wp:featuredmedia":[{"embeddable":true,"href":"https:\/\/radiorevelacionfm.cl\/index.php?rest_route=\/wp\/v2\/media\/18379"}],"wp:attachment":[{"href":"https:\/\/radiorevelacionfm.cl\/index.php?rest_route=%2Fwp%2Fv2%2Fmedia&parent=18378"}],"wp:term":[{"taxonomy":"category","embeddable":true,"href":"https:\/\/radiorevelacionfm.cl\/index.php?rest_route=%2Fwp%2Fv2%2Fcategories&post=18378"},{"taxonomy":"post_tag","embeddable":true,"href":"https:\/\/radiorevelacionfm.cl\/index.php?rest_route=%2Fwp%2Fv2%2Ftags&post=18378"}],"curies":[{"name":"wp","href":"https:\/\/api.w.org\/{rel}","templated":true}]}}