{"id":18373,"date":"2022-06-23T20:53:01","date_gmt":"2022-06-23T23:53:01","guid":{"rendered":"https:\/\/radiorevelacionfm.cl\/?p=18373"},"modified":"2022-06-23T20:53:01","modified_gmt":"2022-06-23T23:53:01","slug":"usuarios-manifiestan-preocupacion-por-supuesta-cancelacion-de-operador-en-transporte-de-pasajeros-aysen-coyhaique","status":"publish","type":"post","link":"https:\/\/radiorevelacionfm.cl\/?p=18373","title":{"rendered":"Usuarios manifiestan preocupaci\u00f3n por supuesta cancelaci\u00f3n de operador en transporte de pasajeros Ays\u00e9n &#8211; Coyhaique"},"content":{"rendered":"<div class=\"flex_column av_one_full  flex_column_div av-zero-column-padding first  avia-builder-el-0  el_before_av_one_full  avia-builder-el-first  \" style='border-radius:0px; '><div  class='avia-image-container  av-styling-    avia-builder-el-1  avia-builder-el-no-sibling  avia-align-center '  itemprop=\"image\" itemscope=\"itemscope\" itemtype=\"https:\/\/schema.org\/ImageObject\"  ><div class='avia-image-container-inner'><div class='avia-image-overlay-wrap'><img decoding=\"async\" class='wp-image-18375 avia-img-lazy-loading-not-18375 avia_image' src=\"https:\/\/radiorevelacionfm.cl\/wp-content\/uploads\/2022\/06\/Buses-terminal-2-1.jpg\" alt='' title='Buses terminal (2) (1)' height=\"600\" width=\"860\"  itemprop=\"thumbnailUrl\" srcset=\"https:\/\/radiorevelacionfm.cl\/wp-content\/uploads\/2022\/06\/Buses-terminal-2-1.jpg 860w, https:\/\/radiorevelacionfm.cl\/wp-content\/uploads\/2022\/06\/Buses-terminal-2-1-300x209.jpg 300w, https:\/\/radiorevelacionfm.cl\/wp-content\/uploads\/2022\/06\/Buses-terminal-2-1-768x536.jpg 768w, https:\/\/radiorevelacionfm.cl\/wp-content\/uploads\/2022\/06\/Buses-terminal-2-1-705x492.jpg 705w, https:\/\/radiorevelacionfm.cl\/wp-content\/uploads\/2022\/06\/Buses-terminal-2-1-600x419.jpg 600w\" sizes=\"(max-width: 860px) 100vw, 860px\" \/><\/div><\/div><\/div><\/div><div class=\"flex_column av_one_full  flex_column_div av-zero-column-padding first  avia-builder-el-2  el_after_av_one_full  el_before_av_one_full  column-top-margin\" style='border-radius:0px; '><section class=\"av_textblock_section \"  itemscope=\"itemscope\" itemtype=\"https:\/\/schema.org\/BlogPosting\" itemprop=\"blogPost\" ><div class='avia_textblock  '   itemprop=\"text\" ><p style=\"text-align: center;\"><strong><span style=\"font-size: 18pt;\">Usuarios manifiestan preocupaci\u00f3n por supuesta cancelaci\u00f3n de operador en transporte de pasajeros Ays\u00e9n &#8211; Coyhaique <\/span><\/strong><\/p>\n<div id=\"gtx-trans\" style=\"position: absolute; left: -50px; top: 4.31534px;\">\n<div class=\"gtx-trans-icon\"><\/div>\n<\/div>\n<\/div><\/section><\/div><div class=\"flex_column av_one_full  flex_column_div av-zero-column-padding first  avia-builder-el-4  el_after_av_one_full  el_before_av_hr  column-top-margin\" style='border-radius:0px; '><section class=\"av_textblock_section \"  itemscope=\"itemscope\" itemtype=\"https:\/\/schema.org\/BlogPosting\" itemprop=\"blogPost\" ><div class='avia_textblock  '   itemprop=\"text\" ><p style=\"text-align: justify;\">Ante una supuesta cancelaci\u00f3n de servicios de una de las empresas que entrega servicios de transporte en la ruta Puerto Ays\u00e9n \u2013 Coyhaique, la seremiTT ha hecho las gestiones para constatar esta informaci\u00f3n, y as\u00ed elaborar Plan de Contingencia.<\/p>\n<p style=\"font-weight: 400; text-align: justify;\">Una serie de rumores ha provocado la preocupaci\u00f3n en los usuarios del transporte de la ruta Puerto Ays\u00e9n \u2013 Coyhaique, ya que se habla de la posible cancelaci\u00f3n de viajes de una de las empresas que brinda este servicio, en el mes de julio. A fin de indagar la veracidad de estos trascendidos, la seremiTT Claudia Cantero ofici\u00f3 a dicho proveedor para obtener una pronta respuesta a esta inquietud de la comunidad, y as\u00ed coordinar medidas eficientes para la movilidad de esta transitada ruta: \u201cEstamos a la espera de una respuesta formal de la empresa, porque necesitamos que ellos nos puedan comunicar a nosotros y a la comunidad cu\u00e1l va a ser su decisi\u00f3n para el mes de julio\u201d.<\/p>\n<p style=\"font-weight: 400; text-align: justify;\">La autoridad agreg\u00f3 que adem\u00e1s se est\u00e1n haciendo las gestiones para cubrir esta demanda de servicios si se hace efectiva la cancelaci\u00f3n de viajes. \u201cHemos estado conversando con la otra empresa que presta el servicio Coyhaique \u2013 Puerto Ays\u00e9n para generar un plan de contingencia para atender las necesidades de conectividad de estas dos ciudades. Esperamos la respuesta formal de la empresa, ellos tienen el deber de comunicarnos a nosotros como seremiTT la decisi\u00f3n que tomen. Adem\u00e1s tienen el deber, y es lo que esperamos, que puedan informar a la ciudadan\u00eda si van a estar operativos el mes de julio, para que las personas puedan tomar los resguardos necesarios y buscar alternativas de traslado\u201d, concluy\u00f3 la autoridad.<\/p>\n<\/div><\/section><\/div><div  style='height:50px' class='hr hr-invisible   avia-builder-el-6  el_after_av_one_full  el_before_av_social_share '><span class='hr-inner ' ><span class='hr-inner-style'><\/span><\/span><\/div><\/p>\n<div  class='av-social-sharing-box  avia-builder-el-7  el_after_av_hr  el_before_av_hr  '><div class='av-share-box'><h5 class='av-share-link-description av-no-toc '>Compartir esta noticia<\/h5><ul class='av-share-box-list noLightbox'><li class='av-share-link av-social-link-facebook' ><a target=\"_blank\" aria-label=\"Compartir en Facebook\" href='https:\/\/www.facebook.com\/sharer.php?u=https:\/\/radiorevelacionfm.cl\/?p=18373&#038;t=Usuarios%20manifiestan%20preocupaci%C3%B3n%20por%20supuesta%20cancelaci%C3%B3n%20de%20operador%20en%20transporte%20de%20pasajeros%20Ays%C3%A9n%20%E2%80%93%20Coyhaique' aria-hidden='false' data-av_icon='\ue8f3' data-av_iconfont='entypo-fontello' title='' data-avia-related-tooltip='Compartir en Facebook' rel=\"noopener\"><span class='avia_hidden_link_text'>Compartir en Facebook<\/span><\/a><\/li><li class='av-share-link av-social-link-twitter' ><a target=\"_blank\" aria-label=\"Compartir en Twitter\" href='https:\/\/twitter.com\/share?text=Usuarios%20manifiestan%20preocupaci%C3%B3n%20por%20supuesta%20cancelaci%C3%B3n%20de%20operador%20en%20transporte%20de%20pasajeros%20Ays%C3%A9n%20%E2%80%93%20Coyhaique&#038;url=https:\/\/radiorevelacionfm.cl\/?p=18373' aria-hidden='false' data-av_icon='\ue8f1' data-av_iconfont='entypo-fontello' title='' data-avia-related-tooltip='Compartir en Twitter' rel=\"noopener\"><span class='avia_hidden_link_text'>Compartir en Twitter<\/span><\/a><\/li><li class='av-share-link av-social-link-whatsapp' ><a target=\"_blank\" aria-label=\"Compartir en Whatsapp\" href='https:\/\/api.whatsapp.com\/send?text=https:\/\/radiorevelacionfm.cl\/?p=18373' aria-hidden='false' data-av_icon='\uf232' data-av_iconfont='entypo-fontello' title='' data-avia-related-tooltip='Compartir en Whatsapp' rel=\"noopener\"><span class='avia_hidden_link_text'>Compartir en Whatsapp<\/span><\/a><\/li><li class='av-share-link av-social-link-linkedin' ><a target=\"_blank\" aria-label=\"Compartir en LinkedIn\" href='https:\/\/linkedin.com\/shareArticle?mini=true&#038;title=Usuarios%20manifiestan%20preocupaci%C3%B3n%20por%20supuesta%20cancelaci%C3%B3n%20de%20operador%20en%20transporte%20de%20pasajeros%20Ays%C3%A9n%20%E2%80%93%20Coyhaique&#038;url=https:\/\/radiorevelacionfm.cl\/?p=18373' aria-hidden='false' data-av_icon='\ue8fc' data-av_iconfont='entypo-fontello' title='' data-avia-related-tooltip='Compartir en LinkedIn' rel=\"noopener\"><span class='avia_hidden_link_text'>Compartir en LinkedIn<\/span><\/a><\/li><li class='av-share-link av-social-link-mail' ><a  aria-label=\"Compartir por correo\" href='mailto:?subject=Usuarios%20manifiestan%20preocupaci%C3%B3n%20por%20supuesta%20cancelaci%C3%B3n%20de%20operador%20en%20transporte%20de%20pasajeros%20Ays%C3%A9n%20%E2%80%93%20Coyhaique&#038;body=https:\/\/radiorevelacionfm.cl\/?p=18373' aria-hidden='false' data-av_icon='\ue805' data-av_iconfont='entypo-fontello' title='' data-avia-related-tooltip='Compartir por correo'><span class='avia_hidden_link_text'>Compartir por correo<\/span><\/a><\/li><\/ul><\/div><\/div>\n<div  style='height:50px' class='hr hr-invisible   avia-builder-el-8  el_after_av_social_share  el_before_av_comments_list '><span class='hr-inner ' ><span class='hr-inner-style'><\/span><\/span><\/div>\n<div  class='av-buildercomment  av-blog-meta-html-info-disabled av-blog-meta-tag-disabled  '><\/div>\n","protected":false},"excerpt":{"rendered":"","protected":false},"author":1,"featured_media":18375,"comment_status":"open","ping_status":"open","sticky":false,"template":"","format":"standard","meta":{"footnotes":""},"categories":[59],"tags":[],"class_list":["post-18373","post","type-post","status-publish","format-standard","has-post-thumbnail","hentry","category-transporte"],"jetpack_featured_media_url":"https:\/\/radiorevelacionfm.cl\/wp-content\/uploads\/2022\/06\/Buses-terminal-2-1.jpg","_links":{"self":[{"href":"https:\/\/radiorevelacionfm.cl\/index.php?rest_route=\/wp\/v2\/posts\/18373","targetHints":{"allow":["GET"]}}],"collection":[{"href":"https:\/\/radiorevelacionfm.cl\/index.php?rest_route=\/wp\/v2\/posts"}],"about":[{"href":"https:\/\/radiorevelacionfm.cl\/index.php?rest_route=\/wp\/v2\/types\/post"}],"author":[{"embeddable":true,"href":"https:\/\/radiorevelacionfm.cl\/index.php?rest_route=\/wp\/v2\/users\/1"}],"replies":[{"embeddable":true,"href":"https:\/\/radiorevelacionfm.cl\/index.php?rest_route=%2Fwp%2Fv2%2Fcomments&post=18373"}],"version-history":[{"count":2,"href":"https:\/\/radiorevelacionfm.cl\/index.php?rest_route=\/wp\/v2\/posts\/18373\/revisions"}],"predecessor-version":[{"id":18377,"href":"https:\/\/radiorevelacionfm.cl\/index.php?rest_route=\/wp\/v2\/posts\/18373\/revisions\/18377"}],"wp:featuredmedia":[{"embeddable":true,"href":"https:\/\/radiorevelacionfm.cl\/index.php?rest_route=\/wp\/v2\/media\/18375"}],"wp:attachment":[{"href":"https:\/\/radiorevelacionfm.cl\/index.php?rest_route=%2Fwp%2Fv2%2Fmedia&parent=18373"}],"wp:term":[{"taxonomy":"category","embeddable":true,"href":"https:\/\/radiorevelacionfm.cl\/index.php?rest_route=%2Fwp%2Fv2%2Fcategories&post=18373"},{"taxonomy":"post_tag","embeddable":true,"href":"https:\/\/radiorevelacionfm.cl\/index.php?rest_route=%2Fwp%2Fv2%2Ftags&post=18373"}],"curies":[{"name":"wp","href":"https:\/\/api.w.org\/{rel}","templated":true}]}}