{"id":18370,"date":"2022-06-24T10:16:28","date_gmt":"2022-06-24T13:16:28","guid":{"rendered":"https:\/\/radiorevelacionfm.cl\/?p=18370"},"modified":"2022-06-24T10:16:28","modified_gmt":"2022-06-24T13:16:28","slug":"en-aysen-firman-historico-convenio-para-iniciar-oficina-de-asuntos-indigenas-con-conadi","status":"publish","type":"post","link":"https:\/\/radiorevelacionfm.cl\/?p=18370","title":{"rendered":"En Ays\u00e9n firman hist\u00f3rico convenio para iniciar Oficina de Asuntos Ind\u00edgenas con Conadi"},"content":{"rendered":"<div class=\"flex_column av_one_full  flex_column_div av-zero-column-padding first  avia-builder-el-0  el_before_av_one_full  avia-builder-el-first  \" style='border-radius:0px; '><div  class='avia-image-container  av-styling-    avia-builder-el-1  avia-builder-el-no-sibling  avia-align-center '  itemprop=\"image\" itemscope=\"itemscope\" itemtype=\"https:\/\/schema.org\/ImageObject\"  ><div class='avia-image-container-inner'><div class='avia-image-overlay-wrap'><img decoding=\"async\" class='wp-image-18371 avia-img-lazy-loading-not-18371 avia_image' src=\"https:\/\/radiorevelacionfm.cl\/wp-content\/uploads\/2022\/06\/img-ai-muniaysen3-1_optimized.jpeg\" alt='' title='img-ai-muniaysen3-(1)_optimized' height=\"600\" width=\"998\"  itemprop=\"thumbnailUrl\" srcset=\"https:\/\/radiorevelacionfm.cl\/wp-content\/uploads\/2022\/06\/img-ai-muniaysen3-1_optimized.jpeg 998w, https:\/\/radiorevelacionfm.cl\/wp-content\/uploads\/2022\/06\/img-ai-muniaysen3-1_optimized-300x180.jpeg 300w, https:\/\/radiorevelacionfm.cl\/wp-content\/uploads\/2022\/06\/img-ai-muniaysen3-1_optimized-768x462.jpeg 768w, https:\/\/radiorevelacionfm.cl\/wp-content\/uploads\/2022\/06\/img-ai-muniaysen3-1_optimized-705x424.jpeg 705w, https:\/\/radiorevelacionfm.cl\/wp-content\/uploads\/2022\/06\/img-ai-muniaysen3-1_optimized-600x361.jpeg 600w\" sizes=\"(max-width: 998px) 100vw, 998px\" \/><\/div><\/div><\/div><\/div><div class=\"flex_column av_one_full  flex_column_div av-zero-column-padding first  avia-builder-el-2  el_after_av_one_full  el_before_av_one_full  column-top-margin\" style='border-radius:0px; '><section class=\"av_textblock_section \"  itemscope=\"itemscope\" itemtype=\"https:\/\/schema.org\/BlogPosting\" itemprop=\"blogPost\" ><div class='avia_textblock  '   itemprop=\"text\" ><p style=\"text-align: center;\"><strong><span style=\"font-size: 18pt;\">En Ays\u00e9n firman hist\u00f3rico convenio para iniciar Oficina de Asuntos Ind\u00edgenas con Conadi<\/span><\/strong><\/p>\n<div id=\"gtx-trans\" style=\"position: absolute; left: -50px; top: 4.31534px;\">\n<div class=\"gtx-trans-icon\"><\/div>\n<\/div>\n<\/div><\/section><\/div><div class=\"flex_column av_one_full  flex_column_div av-zero-column-padding first  avia-builder-el-4  el_after_av_one_full  el_before_av_hr  column-top-margin\" style='border-radius:0px; '><section class=\"av_textblock_section \"  itemscope=\"itemscope\" itemtype=\"https:\/\/schema.org\/BlogPosting\" itemprop=\"blogPost\" ><div class='avia_textblock  '   itemprop=\"text\" ><p style=\"text-align: justify;\">Avanzando en el Plan de Gobierno Comunal de la administraci\u00f3n encabezada por Julio Uribe Alvarado, se efectu\u00f3 en dependencias de la Galer\u00eda de Artesanos la firma de convenio entre la Ilustre Municipalidad de Ays\u00e9n y la Corporaci\u00f3n Nacional de Desarrollo Ind\u00edgena (Conadi) para abrir en la casa edilicia una Oficina de Asuntos Ind\u00edgenas, algo calificado de \u201chist\u00f3rico\u201d por los asistentes y las autoridades tras la descentralizaci\u00f3n que se produce en favor de potenciar el trabajo con las organizaciones que buscan generar espacios para la interculturalidad en la sociedad. Es importante destacar que el municipio aysenino es el \u00fanico en la Regi\u00f3n con este convenio suscrito ante el organismo rector de pol\u00edticas p\u00fablicas para pueblos originarios.<\/p>\n<p style=\"text-align: justify;\">Al respecto, el alcalde de Ays\u00e9n, Julio Uribe Alvarado, destac\u00f3 este hito relevando el trabajo a efectuar \u201csobretodo en el \u00e1rea de adquirir recursos para poder ejecutar proyectos y apalancar recursos para los pueblos originarios y que nuestra comuna en la actualidad no lo aprovecha. La oficina de Conadi est\u00e1 en Coyhaique y es complejo para la gente de campo llegar, pero nosotros al tener nuestra oficina en Ays\u00e9n vamos a entregar cercan\u00eda a esto\u201d.<\/p>\n<p style=\"text-align: justify;\">A\u00f1adiendo que \u201cas\u00ed podr\u00e1n acceder a los beneficios que tienen los pueblos originarios y ayudarlos de mejor forma, tambi\u00e9n a constituirse como organizaci\u00f3n, a la postulaci\u00f3n de talleres y mantenerlos en sinton\u00eda con la tierra, con las entidades que deben apoyarles en esas materias, as\u00ed es que estamos muy contentos. Ya est\u00e1 firmado este convenio con Conadi y es as\u00ed como vendr\u00e1 un abogado a trabajar mensualmente con nuestros vecinos, esto me deja muy contento y feliz al generar esta instancia\u201d, acot\u00f3 la primera autoridad comunal.<\/p>\n<p style=\"text-align: justify;\">Por su parte, Pamela Huaitiao, representante y enlace de Conadi en la Regi\u00f3n, expres\u00f3 su alegr\u00eda por lo acontecido, ya que esta iniciativa surge desde el municipio que busca un trabajo colaborativo con las instituciones p\u00fablicas. \u201cEn este sentido, la Corporaci\u00f3n a trav\u00e9s de su director nacional, Luis Penchuleo Morales ha firmado un convenio en el cual se garantiza tambi\u00e9n la atenci\u00f3n de un abogado aqu\u00ed en la Oficina de Asuntos Ind\u00edgenas, los d\u00edas jueves para todas las personas que tengan dudas en \u00e1rea jur\u00eddica para que vengan a la Oficina y que adem\u00e1s tendr\u00e1 una profesional que estar\u00e1 disponible a trav\u00e9s del municipio\u201d.<\/p>\n<p style=\"text-align: justify;\">En tanto, Deisy Chiguay, quien ser\u00e1 la encargada de dirigir la naciente Oficina con el respaldo del municipio, indic\u00f3 cuales ser\u00edan sus principales funciones, abocando en primera instancia los esfuerzos a escuchar las demandas que poseen los usuarios, interiorizarse del quehacer de las agrupaciones ind\u00edgenas, abordar los proyectos que estos presentan y establecer lineamientos sociales, culturales e interculturales. As\u00ed como tambi\u00e9n, relev\u00f3 su disposici\u00f3n a trabajar con todas las organizaciones y representantes que lo requieran.<\/p>\n<p style=\"text-align: justify;\">Finalmente, Pedro Taruman, quien es representante de las agrupaciones Mawun Mapu\u00a0 y Az Mapu Lafquenche enfatiz\u00f3 que \u201cpara nosotros es algo hist\u00f3rico porque es primera vez que se instala una Oficina de este tipo en un lugar como lo es la municipalidad y por eso nosotros estamos contentos, porque vamos a tener donde hacer algunos proyectos, porque no saben lo dif\u00edcil que es tener a alguien que te apoye para poder gestionar algunos tipos de proyectos y fortalecer a\u00fan m\u00e1s las organizaciones y las culturas\u201d, sentenci\u00f3 Taruman.<\/p>\n<\/div><\/section><\/div><div  style='height:50px' class='hr hr-invisible   avia-builder-el-6  el_after_av_one_full  el_before_av_social_share '><span class='hr-inner ' ><span class='hr-inner-style'><\/span><\/span><\/div><\/p>\n<div  class='av-social-sharing-box  avia-builder-el-7  el_after_av_hr  el_before_av_hr  '><div class='av-share-box'><h5 class='av-share-link-description av-no-toc '>Compartir esta noticia<\/h5><ul class='av-share-box-list noLightbox'><li class='av-share-link av-social-link-facebook' ><a target=\"_blank\" aria-label=\"Compartir en Facebook\" href='https:\/\/www.facebook.com\/sharer.php?u=https:\/\/radiorevelacionfm.cl\/?p=18370&#038;t=En%20Ays%C3%A9n%20firman%20hist%C3%B3rico%20convenio%20para%20iniciar%20Oficina%20de%20Asuntos%20Ind%C3%ADgenas%20con%20Conadi' aria-hidden='false' data-av_icon='\ue8f3' data-av_iconfont='entypo-fontello' title='' data-avia-related-tooltip='Compartir en Facebook' rel=\"noopener\"><span class='avia_hidden_link_text'>Compartir en Facebook<\/span><\/a><\/li><li class='av-share-link av-social-link-twitter' ><a target=\"_blank\" aria-label=\"Compartir en Twitter\" href='https:\/\/twitter.com\/share?text=En%20Ays%C3%A9n%20firman%20hist%C3%B3rico%20convenio%20para%20iniciar%20Oficina%20de%20Asuntos%20Ind%C3%ADgenas%20con%20Conadi&#038;url=https:\/\/radiorevelacionfm.cl\/?p=18370' aria-hidden='false' data-av_icon='\ue8f1' data-av_iconfont='entypo-fontello' title='' data-avia-related-tooltip='Compartir en Twitter' rel=\"noopener\"><span class='avia_hidden_link_text'>Compartir en Twitter<\/span><\/a><\/li><li class='av-share-link av-social-link-whatsapp' ><a target=\"_blank\" aria-label=\"Compartir en Whatsapp\" href='https:\/\/api.whatsapp.com\/send?text=https:\/\/radiorevelacionfm.cl\/?p=18370' aria-hidden='false' data-av_icon='\uf232' data-av_iconfont='entypo-fontello' title='' data-avia-related-tooltip='Compartir en Whatsapp' rel=\"noopener\"><span class='avia_hidden_link_text'>Compartir en Whatsapp<\/span><\/a><\/li><li class='av-share-link av-social-link-linkedin' ><a target=\"_blank\" aria-label=\"Compartir en LinkedIn\" href='https:\/\/linkedin.com\/shareArticle?mini=true&#038;title=En%20Ays%C3%A9n%20firman%20hist%C3%B3rico%20convenio%20para%20iniciar%20Oficina%20de%20Asuntos%20Ind%C3%ADgenas%20con%20Conadi&#038;url=https:\/\/radiorevelacionfm.cl\/?p=18370' aria-hidden='false' data-av_icon='\ue8fc' data-av_iconfont='entypo-fontello' title='' data-avia-related-tooltip='Compartir en LinkedIn' rel=\"noopener\"><span class='avia_hidden_link_text'>Compartir en LinkedIn<\/span><\/a><\/li><li class='av-share-link av-social-link-mail' ><a  aria-label=\"Compartir por correo\" href='mailto:?subject=En%20Ays%C3%A9n%20firman%20hist%C3%B3rico%20convenio%20para%20iniciar%20Oficina%20de%20Asuntos%20Ind%C3%ADgenas%20con%20Conadi&#038;body=https:\/\/radiorevelacionfm.cl\/?p=18370' aria-hidden='false' data-av_icon='\ue805' data-av_iconfont='entypo-fontello' title='' data-avia-related-tooltip='Compartir por correo'><span class='avia_hidden_link_text'>Compartir por correo<\/span><\/a><\/li><\/ul><\/div><\/div>\n<div  style='height:50px' class='hr hr-invisible   avia-builder-el-8  el_after_av_social_share  el_before_av_comments_list '><span class='hr-inner ' ><span class='hr-inner-style'><\/span><\/span><\/div>\n<div  class='av-buildercomment  av-blog-meta-html-info-disabled av-blog-meta-tag-disabled  '><\/div>\n","protected":false},"excerpt":{"rendered":"","protected":false},"author":1,"featured_media":18371,"comment_status":"open","ping_status":"open","sticky":false,"template":"","format":"standard","meta":{"footnotes":""},"categories":[38],"tags":[],"class_list":["post-18370","post","type-post","status-publish","format-standard","has-post-thumbnail","hentry","category-regional"],"jetpack_featured_media_url":"https:\/\/radiorevelacionfm.cl\/wp-content\/uploads\/2022\/06\/img-ai-muniaysen3-1_optimized.jpeg","_links":{"self":[{"href":"https:\/\/radiorevelacionfm.cl\/index.php?rest_route=\/wp\/v2\/posts\/18370","targetHints":{"allow":["GET"]}}],"collection":[{"href":"https:\/\/radiorevelacionfm.cl\/index.php?rest_route=\/wp\/v2\/posts"}],"about":[{"href":"https:\/\/radiorevelacionfm.cl\/index.php?rest_route=\/wp\/v2\/types\/post"}],"author":[{"embeddable":true,"href":"https:\/\/radiorevelacionfm.cl\/index.php?rest_route=\/wp\/v2\/users\/1"}],"replies":[{"embeddable":true,"href":"https:\/\/radiorevelacionfm.cl\/index.php?rest_route=%2Fwp%2Fv2%2Fcomments&post=18370"}],"version-history":[{"count":2,"href":"https:\/\/radiorevelacionfm.cl\/index.php?rest_route=\/wp\/v2\/posts\/18370\/revisions"}],"predecessor-version":[{"id":18381,"href":"https:\/\/radiorevelacionfm.cl\/index.php?rest_route=\/wp\/v2\/posts\/18370\/revisions\/18381"}],"wp:featuredmedia":[{"embeddable":true,"href":"https:\/\/radiorevelacionfm.cl\/index.php?rest_route=\/wp\/v2\/media\/18371"}],"wp:attachment":[{"href":"https:\/\/radiorevelacionfm.cl\/index.php?rest_route=%2Fwp%2Fv2%2Fmedia&parent=18370"}],"wp:term":[{"taxonomy":"category","embeddable":true,"href":"https:\/\/radiorevelacionfm.cl\/index.php?rest_route=%2Fwp%2Fv2%2Fcategories&post=18370"},{"taxonomy":"post_tag","embeddable":true,"href":"https:\/\/radiorevelacionfm.cl\/index.php?rest_route=%2Fwp%2Fv2%2Ftags&post=18370"}],"curies":[{"name":"wp","href":"https:\/\/api.w.org\/{rel}","templated":true}]}}