{"id":18366,"date":"2022-07-04T12:37:22","date_gmt":"2022-07-04T15:37:22","guid":{"rendered":"https:\/\/radiorevelacionfm.cl\/?p=18366"},"modified":"2022-07-04T12:37:22","modified_gmt":"2022-07-04T15:37:22","slug":"construyendo-a-la-par-inclusion-de-la-mujer-en-la-industria-de-la-construccion","status":"publish","type":"post","link":"https:\/\/radiorevelacionfm.cl\/?p=18366","title":{"rendered":"Construyendo a la par: Inclusi\u00f3n de la mujer en la industria de la construcci\u00f3n"},"content":{"rendered":"<div class=\"flex_column av_one_full  flex_column_div av-zero-column-padding first  avia-builder-el-0  el_before_av_one_full  avia-builder-el-first  \" style='border-radius:0px; '><div  class='avia-image-container  av-styling-    avia-builder-el-1  avia-builder-el-no-sibling  avia-align-center '  itemprop=\"image\" itemscope=\"itemscope\" itemtype=\"https:\/\/schema.org\/ImageObject\"  ><div class='avia-image-container-inner'><div class='avia-image-overlay-wrap'><img decoding=\"async\" class='wp-image-18367 avia-img-lazy-loading-not-18367 avia_image' src=\"https:\/\/radiorevelacionfm.cl\/wp-content\/uploads\/2022\/06\/Marco-Ponce1-1-1.jpg\" alt='' title='Marco Ponce1 (1) (1)' height=\"600\" width=\"1541\"  itemprop=\"thumbnailUrl\" srcset=\"https:\/\/radiorevelacionfm.cl\/wp-content\/uploads\/2022\/06\/Marco-Ponce1-1-1.jpg 1541w, https:\/\/radiorevelacionfm.cl\/wp-content\/uploads\/2022\/06\/Marco-Ponce1-1-1-300x117.jpg 300w, https:\/\/radiorevelacionfm.cl\/wp-content\/uploads\/2022\/06\/Marco-Ponce1-1-1-1030x401.jpg 1030w, https:\/\/radiorevelacionfm.cl\/wp-content\/uploads\/2022\/06\/Marco-Ponce1-1-1-768x299.jpg 768w, https:\/\/radiorevelacionfm.cl\/wp-content\/uploads\/2022\/06\/Marco-Ponce1-1-1-1536x598.jpg 1536w, https:\/\/radiorevelacionfm.cl\/wp-content\/uploads\/2022\/06\/Marco-Ponce1-1-1-1500x584.jpg 1500w, https:\/\/radiorevelacionfm.cl\/wp-content\/uploads\/2022\/06\/Marco-Ponce1-1-1-705x274.jpg 705w, https:\/\/radiorevelacionfm.cl\/wp-content\/uploads\/2022\/06\/Marco-Ponce1-1-1-600x234.jpg 600w\" sizes=\"(max-width: 1541px) 100vw, 1541px\" \/><\/div><\/div><\/div><\/div><div class=\"flex_column av_one_full  flex_column_div av-zero-column-padding first  avia-builder-el-2  el_after_av_one_full  el_before_av_one_full  column-top-margin\" style='border-radius:0px; '><section class=\"av_textblock_section \"  itemscope=\"itemscope\" itemtype=\"https:\/\/schema.org\/BlogPosting\" itemprop=\"blogPost\" ><div class='avia_textblock  '   itemprop=\"text\" ><p style=\"text-align: center;\"><span style=\"font-size: 18pt;\"><b>Construyendo a la par: Inclusi\u00f3n de la mujer en la industria de la construcci\u00f3n<\/b><\/span><\/p>\n<div id=\"gtx-trans\" style=\"position: absolute; left: -50px; top: 4.31534px;\">\n<div class=\"gtx-trans-icon\"><\/div>\n<\/div>\n<\/div><\/section><\/div><div class=\"flex_column av_one_full  flex_column_div av-zero-column-padding first  avia-builder-el-4  el_after_av_one_full  el_before_av_hr  column-top-margin\" style='border-radius:0px; '><section class=\"av_textblock_section \"  itemscope=\"itemscope\" itemtype=\"https:\/\/schema.org\/BlogPosting\" itemprop=\"blogPost\" ><div class='avia_textblock  '   itemprop=\"text\" ><p style=\"font-weight: 400; text-align: justify;\">Desde la C\u00e1mara Chilena de la Construcci\u00f3n (CChC), nuestro compromiso por la inclusi\u00f3n de la mujer en la industria, tanto en los espacios laborales como de toma de decisiones, ha sido permanente. Impuls\u00e1ndose a trav\u00e9s de nuestra Comisi\u00f3n de Mujeres, convenios con el Ministerio de la Mujer y la Equidad de G\u00e9nero a nivel regional y Nacional, as\u00ed como tambi\u00e9n mesas de trabajo p\u00fablico-privada que nos han permitido avanzar en gestiones y desarrollar iniciativas en esta materia, logrando que tal reconocimiento no sea s\u00f3lo simb\u00f3lico, sino que tambi\u00e9n con hechos.<\/p>\n<p style=\"font-weight: 400; text-align: justify;\"><strong><em>\u201cConstruyendo a la par\u201d,<\/em><\/strong>\u00a0fue la jornada que realizamos durante el mes de junio, a la que convocamos a representantes de nuestras empresas socias para reflexionar entre todos sobre c\u00f3mo lograr una mayor inclusi\u00f3n en el sector. Ejercicio que tambi\u00e9n se desarrollo a nivel nacional, en cada una de las sedes de nuestra CChC.<\/p>\n<p style=\"font-weight: 400; text-align: justify;\">Mediante mesas de conversaci\u00f3n, abordamos las creencias y factores que limitan la incorporaci\u00f3n de trabajadoras y c\u00f3mo implementar estrategias para acortar esta brecha laboral. Coincidiendo, que estas estrategias que se pueden aplicar en toda empresa, deben venir tambi\u00e9n acompa\u00f1adas de un cambio cultural y de mentalidad.<\/p>\n<p style=\"font-weight: 400; text-align: justify;\">A ello, se suma que actualmente, existe una oportunidad \u00fanica por la escasez de mano de obra y por la reactivaci\u00f3n econ\u00f3mica del pa\u00eds, para que las mujeres se integren al sector.<\/p>\n<p style=\"font-weight: 400; text-align: justify;\">Seg\u00fan datos del Instituto Nacional de Estad\u00edsticas (INE), la participaci\u00f3n de la mujer en el rubro de la construcci\u00f3n es del 7% en promedio, es decir, por cada 100 trabajadores de la construcci\u00f3n tan s\u00f3lo 7 son mujeres. En esa l\u00ednea, si bien el ritmo de crecimiento anual de la ocupaci\u00f3n de mujeres en la construcci\u00f3n ha ido aumentando en el \u00faltimo tiempo, a\u00fan se mantiene una amplia brecha del nivel de ocupaci\u00f3n de las mujeres respecto de los hombres.<\/p>\n<p style=\"font-weight: 400; text-align: justify;\">Por ende, para seguir avanzando en la apertura de mayores oportunidades para la mujer en nuestra industria y tambi\u00e9n en otras, debemos alcanzar un mayor compromiso empresarial, que sea el primer paso para lograr un proceso de transformaci\u00f3n en la gesti\u00f3n y de cambio cultural. Extendiendo nuestra invitaci\u00f3n a ser parte de esta reflexi\u00f3n a toda la comunidad y diversos entes tanto privados como p\u00fablicos, ya que tenemos la certeza de que este desaf\u00edo es de todos y todas.<\/p>\n<p>Por, Marco Ponce Vivaceta<br \/>\nVicepresidente de gesti\u00f3n<br \/>\nC\u00e1mara Chilena de la Construcci\u00f3n sede Coyhaique<\/p>\n<\/div><\/section><\/div><div  style='height:50px' class='hr hr-invisible   avia-builder-el-6  el_after_av_one_full  el_before_av_social_share '><span class='hr-inner ' ><span class='hr-inner-style'><\/span><\/span><\/div><\/p>\n<div  class='av-social-sharing-box  avia-builder-el-7  el_after_av_hr  el_before_av_hr  '><div class='av-share-box'><h5 class='av-share-link-description av-no-toc '>Compartir esta noticia<\/h5><ul class='av-share-box-list noLightbox'><li class='av-share-link av-social-link-facebook' ><a target=\"_blank\" aria-label=\"Compartir en Facebook\" href='https:\/\/www.facebook.com\/sharer.php?u=https:\/\/radiorevelacionfm.cl\/?p=18366&#038;t=Construyendo%20a%20la%20par%3A%20Inclusi%C3%B3n%20de%20la%20mujer%20en%20la%20industria%20de%20la%20construcci%C3%B3n' aria-hidden='false' data-av_icon='\ue8f3' data-av_iconfont='entypo-fontello' title='' data-avia-related-tooltip='Compartir en Facebook' rel=\"noopener\"><span class='avia_hidden_link_text'>Compartir en Facebook<\/span><\/a><\/li><li class='av-share-link av-social-link-twitter' ><a target=\"_blank\" aria-label=\"Compartir en Twitter\" href='https:\/\/twitter.com\/share?text=Construyendo%20a%20la%20par%3A%20Inclusi%C3%B3n%20de%20la%20mujer%20en%20la%20industria%20de%20la%20construcci%C3%B3n&#038;url=https:\/\/radiorevelacionfm.cl\/?p=18366' aria-hidden='false' data-av_icon='\ue8f1' data-av_iconfont='entypo-fontello' title='' data-avia-related-tooltip='Compartir en Twitter' rel=\"noopener\"><span class='avia_hidden_link_text'>Compartir en Twitter<\/span><\/a><\/li><li class='av-share-link av-social-link-whatsapp' ><a target=\"_blank\" aria-label=\"Compartir en Whatsapp\" href='https:\/\/api.whatsapp.com\/send?text=https:\/\/radiorevelacionfm.cl\/?p=18366' aria-hidden='false' data-av_icon='\uf232' data-av_iconfont='entypo-fontello' title='' data-avia-related-tooltip='Compartir en Whatsapp' rel=\"noopener\"><span class='avia_hidden_link_text'>Compartir en Whatsapp<\/span><\/a><\/li><li class='av-share-link av-social-link-linkedin' ><a target=\"_blank\" aria-label=\"Compartir en LinkedIn\" href='https:\/\/linkedin.com\/shareArticle?mini=true&#038;title=Construyendo%20a%20la%20par%3A%20Inclusi%C3%B3n%20de%20la%20mujer%20en%20la%20industria%20de%20la%20construcci%C3%B3n&#038;url=https:\/\/radiorevelacionfm.cl\/?p=18366' aria-hidden='false' data-av_icon='\ue8fc' data-av_iconfont='entypo-fontello' title='' data-avia-related-tooltip='Compartir en LinkedIn' rel=\"noopener\"><span class='avia_hidden_link_text'>Compartir en LinkedIn<\/span><\/a><\/li><li class='av-share-link av-social-link-mail' ><a  aria-label=\"Compartir por correo\" href='mailto:?subject=Construyendo%20a%20la%20par%3A%20Inclusi%C3%B3n%20de%20la%20mujer%20en%20la%20industria%20de%20la%20construcci%C3%B3n&#038;body=https:\/\/radiorevelacionfm.cl\/?p=18366' aria-hidden='false' data-av_icon='\ue805' data-av_iconfont='entypo-fontello' title='' data-avia-related-tooltip='Compartir por correo'><span class='avia_hidden_link_text'>Compartir por correo<\/span><\/a><\/li><\/ul><\/div><\/div>\n<div  style='height:50px' class='hr hr-invisible   avia-builder-el-8  el_after_av_social_share  el_before_av_comments_list '><span class='hr-inner ' ><span class='hr-inner-style'><\/span><\/span><\/div>\n<div  class='av-buildercomment  av-blog-meta-html-info-disabled av-blog-meta-tag-disabled  '><\/div>\n","protected":false},"excerpt":{"rendered":"","protected":false},"author":1,"featured_media":18367,"comment_status":"open","ping_status":"open","sticky":false,"template":"","format":"standard","meta":{"footnotes":""},"categories":[38],"tags":[],"class_list":["post-18366","post","type-post","status-publish","format-standard","has-post-thumbnail","hentry","category-regional"],"jetpack_featured_media_url":"https:\/\/radiorevelacionfm.cl\/wp-content\/uploads\/2022\/06\/Marco-Ponce1-1-1.jpg","_links":{"self":[{"href":"https:\/\/radiorevelacionfm.cl\/index.php?rest_route=\/wp\/v2\/posts\/18366","targetHints":{"allow":["GET"]}}],"collection":[{"href":"https:\/\/radiorevelacionfm.cl\/index.php?rest_route=\/wp\/v2\/posts"}],"about":[{"href":"https:\/\/radiorevelacionfm.cl\/index.php?rest_route=\/wp\/v2\/types\/post"}],"author":[{"embeddable":true,"href":"https:\/\/radiorevelacionfm.cl\/index.php?rest_route=\/wp\/v2\/users\/1"}],"replies":[{"embeddable":true,"href":"https:\/\/radiorevelacionfm.cl\/index.php?rest_route=%2Fwp%2Fv2%2Fcomments&post=18366"}],"version-history":[{"count":2,"href":"https:\/\/radiorevelacionfm.cl\/index.php?rest_route=\/wp\/v2\/posts\/18366\/revisions"}],"predecessor-version":[{"id":18795,"href":"https:\/\/radiorevelacionfm.cl\/index.php?rest_route=\/wp\/v2\/posts\/18366\/revisions\/18795"}],"wp:featuredmedia":[{"embeddable":true,"href":"https:\/\/radiorevelacionfm.cl\/index.php?rest_route=\/wp\/v2\/media\/18367"}],"wp:attachment":[{"href":"https:\/\/radiorevelacionfm.cl\/index.php?rest_route=%2Fwp%2Fv2%2Fmedia&parent=18366"}],"wp:term":[{"taxonomy":"category","embeddable":true,"href":"https:\/\/radiorevelacionfm.cl\/index.php?rest_route=%2Fwp%2Fv2%2Fcategories&post=18366"},{"taxonomy":"post_tag","embeddable":true,"href":"https:\/\/radiorevelacionfm.cl\/index.php?rest_route=%2Fwp%2Fv2%2Ftags&post=18366"}],"curies":[{"name":"wp","href":"https:\/\/api.w.org\/{rel}","templated":true}]}}